{"id":257432,"date":"2025-07-18T22:38:09","date_gmt":"2025-07-18T22:38:09","guid":{"rendered":"https:\/\/www.europesays.com\/fr\/257432\/"},"modified":"2025-07-18T22:38:09","modified_gmt":"2025-07-18T22:38:09","slug":"sur-le-site-panzani-de-la-valentine-la-ministre-de-lagriculture-en-soutien-de-la-filiere-ble-dur","status":"publish","type":"post","link":"https:\/\/www.europesays.com\/fr\/257432\/","title":{"rendered":"Sur le site Panzani de La Valentine, la ministre de l&rsquo;Agriculture en soutien de la fili\u00e8re bl\u00e9 dur"},"content":{"rendered":"<p>Au milieu de la cha\u00eene de fabrication des farfalle de Panzani, la ministre de l\u2019Agriculture, raconte son ascendance italienne et son amour des p\u00e2tes. Mais ce n\u2019est pas pour livrer ses recettes qu\u2019<a href=\"https:\/\/www.laprovence.com\/article\/politique\/70079333793017\/la-ministre-de-lagriculture-annie-genevard-attendue-a-fuveau-sur-une-moissonneuse-batteuse\" target=\"_blank\" rel=\"noopener\">Annie Genevard<\/a>, venue \u00e0 Marseille, c\u2019est pour rassurer les acteurs de la fili\u00e8re du bl\u00e9 dur fran\u00e7aise. Avant sa visite d\u2019un chantier de moisson sur une exploitation agricole \u00e0 Fuveau, elle \u00e9change donc au c\u0153ur du plus gros site de production de p\u00e2tes en France, en activit\u00e9 7j\/7 et 24h\/24 avec les professionnels du secteur\u00a0: agriculteurs, semenciers et semouliers-pastiers r\u00e9unis.<\/p>\n<p>\u00ab\u00a0Un march\u00e9 en croissance\u00a0\u00bb<\/p>\n<p>L\u2019an dernier, son pr\u00e9d\u00e9cesseur \u00e0 l\u2019h\u00f4tel de Villeroy, Marc Fesneau, avait sign\u00e9 lors du Salon de l\u2019agriculture un Plan de souverainet\u00e9 bl\u00e9 dur, pour cinq ans. \u00ab\u00a0Une ambition\u00a0\u00bb pour \u00e0 la fois produire plus et plus durablement face aux enjeux de la fili\u00e8re rappel\u00e9s, ce vendredi \u00e0 <a href=\"https:\/\/www.laprovence.com\/article\/region\/2407802821830515\/a-marseille-panzani-ouvre-les-portes-de-son-usine-historique\" target=\"_blank\" rel=\"noopener\">La Valentine<\/a>, par le PDG de Panzani, Albert Mathieu. \u00ab\u00a0La France est un pays qui consomme de plus en plus de p\u00e2tes, c\u2019est un march\u00e9 en croissance\u00a0\u00bb, pr\u00e9cise le patron.<\/p>\n","protected":false},"excerpt":{"rendered":"Au milieu de la cha\u00eene de fabrication des farfalle de Panzani, la ministre de l\u2019Agriculture, raconte son ascendance&hellip;\n","protected":false},"author":2,"featured_media":257433,"comment_status":"","ping_status":"","sticky":false,"template":"","format":"standard","meta":{"footnotes":""},"categories":[2814],"tags":[17,1111,11,1777,674,1011,27,39749,884,3784,12,39747,882,16,25,13269,7618,3356,39748],"class_list":{"0":"post-257432","1":"post","2":"type-post","3":"status-publish","4":"format-standard","5":"has-post-thumbnail","7":"category-marseille","8":"tag-17","9":"tag-actu","10":"tag-actualites","11":"tag-eu","12":"tag-europe","13":"tag-fr","14":"tag-france","15":"tag-lagriculture","16":"tag-marseille","17":"tag-ministre","18":"tag-news","19":"tag-panzani","20":"tag-provence-alpes-cote-dazur","21":"tag-region","22":"tag-republique-francaise","23":"tag-site","24":"tag-soutien","25":"tag-sur","26":"tag-valentine"},"share_on_mastodon":{"url":"https:\/\/pubeurope.com\/@fr\/114876639042794392","error":""},"_links":{"self":[{"href":"https:\/\/www.europesays.com\/fr\/wp-json\/wp\/v2\/posts\/257432","targetHints":{"allow":["GET"]}}],"collection":[{"href":"https:\/\/www.europesays.com\/fr\/wp-json\/wp\/v2\/posts"}],"about":[{"href":"https:\/\/www.europesays.com\/fr\/wp-json\/wp\/v2\/types\/post"}],"author":[{"embeddable":true,"href":"https:\/\/www.europesays.com\/fr\/wp-json\/wp\/v2\/users\/2"}],"replies":[{"embeddable":true,"href":"https:\/\/www.europesays.com\/fr\/wp-json\/wp\/v2\/comments?post=257432"}],"version-history":[{"count":0,"href":"https:\/\/www.europesays.com\/fr\/wp-json\/wp\/v2\/posts\/257432\/revisions"}],"wp:featuredmedia":[{"embeddable":true,"href":"https:\/\/www.europesays.com\/fr\/wp-json\/wp\/v2\/media\/257433"}],"wp:attachment":[{"href":"https:\/\/www.europesays.com\/fr\/wp-json\/wp\/v2\/media?parent=257432"}],"wp:term":[{"taxonomy":"category","embeddable":true,"href":"https:\/\/www.europesays.com\/fr\/wp-json\/wp\/v2\/categories?post=257432"},{"taxonomy":"post_tag","embeddable":true,"href":"https:\/\/www.europesays.com\/fr\/wp-json\/wp\/v2\/tags?post=257432"}],"curies":[{"name":"wp","href":"https:\/\/api.w.org\/{rel}","templated":true}]}}