{"id":257442,"date":"2025-07-18T22:45:29","date_gmt":"2025-07-18T22:45:29","guid":{"rendered":"https:\/\/www.europesays.com\/fr\/257442\/"},"modified":"2025-07-18T22:45:29","modified_gmt":"2025-07-18T22:45:29","slug":"le-cardinal-andre-vingt-trois-archeveque-de-paris-est-decede","status":"publish","type":"post","link":"https:\/\/www.europesays.com\/fr\/257442\/","title":{"rendered":"le cardinal Andr\u00e9 Vingt-Trois, archev\u00eaque de Paris, est d\u00e9c\u00e9d\u00e9"},"content":{"rendered":"<p>            Par<br \/>\n        <strong><br \/>\n            <a href=\"https:\/\/actu.fr\/auteur\/redaction-paris\" title=\"Consulter tous les articles de R\u00e9daction Paris\" rel=\"nofollow noopener\" target=\"_blank\">R\u00e9daction Paris<\/a><br \/>\n        <\/strong><\/p>\n<p>        Publi\u00e9 le<\/p>\n<p>            18 juil. 2025 \u00e0 17h37        <\/p>\n<p>\u00ab\u2009Pour beaucoup d\u2019entre nous, pr\u00eatres, diacres, fid\u00e8les de Paris, il fut bien plus que notre archev\u00eaque, mais un pasteur, un p\u00e8re, un exemple\u2009; pour moi, un fr\u00e8re dans le minist\u00e8re \u00e9piscopal et le service, et un ami\u2009\u00bb. C\u2019est par ces mots que <a href=\"https:\/\/actu.fr\/ile-de-france\/paris_75056\/mgr-laurent-ulrich-a-la-tete-du-diocese-de-lille-nomme-archeveque-de-paris-par-le-pape-francois_50513245.html\" rel=\"nofollow noopener\" target=\"_blank\">Laurent Ulrich<\/a>, archev\u00eaque de Paris, a annonc\u00e9 le<strong> d\u00e9c\u00e8s du cardinal Andr\u00e9 Vingt-Trois<\/strong>, archev\u00eaque \u00e9m\u00e9rite de la capitale.<\/p>\n<p>Plusieurs messes donn\u00e9es \u00e0 son intention<\/p>\n<p class=\" wall-content\">L\u2019homme d\u2019\u00c9glise \u00ab\u2009s\u2019est endormi paisiblement\u2009\u00bb ce vendredi 18 juillet 2025 dans l\u2019apr\u00e8s-midi. \u00c2g\u00e9 de 82 ans, il fut archev\u00eaque de Tours de 1999 \u00e0 2005 avant d\u2019\u00eatre nomm\u00e9 dans la capitale aux c\u00f4t\u00e9s du cardinal Jean-Marie Lustiger. Nomm\u00e9 <strong>cardinal en 2007<\/strong> par le pape Beno\u00eet XVI, il occupait, ces derni\u00e8res ann\u00e9es, le poste de pr\u00e9sident de la conf\u00e9rence \u00e9piscopale, et ce, malgr\u00e9 des difficult\u00e9s de sant\u00e9 \u00ab\u2009qu\u2019il a endur\u00e9es avec courage et patience\u2009\u00bb, a salu\u00e9 Laurent Ulrich.<\/p>\n<p class=\" wall-content\">Sur demande de l\u2019archev\u00eaque, le bourdon de la cath\u00e9drale Notre-Dame de Paris et les cloches de toutes les \u00e9glises paroissiales du dioc\u00e8se de Paris ont <strong>sonn\u00e9 en glas<\/strong> \u00e0 17\u00a0heures pour chacune de ses 82\u00a0ann\u00e9es.<\/p>\n<p class=\" wall-content\">Une vocation qui sera \u00e9galement honor\u00e9e \u00e0 travers des <strong>messes<\/strong> qui seront donn\u00e9es en son intention samedi 19\u00a0juillet 2025, \u00ab\u2009et les jours suivants\u2009\u00bb, pr\u00e9cise Monseigneur Ulrich. La premi\u00e8re aura lieu ce vendredi 18\u00a0juillet \u00e0 18\u00a0heures \u00e0 Notre-Dame.<\/p>\n<p class=\" wall-content\">Jusqu\u2019aux obs\u00e8ques du d\u00e9funt, dont la date n\u2019a pas encore \u00e9t\u00e9 d\u00e9voil\u00e9e, \u00ab\u2009un <strong>livre de condol\u00e9ances<\/strong> sera ouvert sur le site internet du dioc\u00e8se de Paris\u2009\u00bb.<\/p>\n<p>Vid\u00e9os : en ce moment sur Actu<\/p>\n<p class=\" wall-content\">Suivez toute l\u2019actualit\u00e9 de vos villes et m\u00e9dias favoris en vous inscrivant \u00e0 <a href=\"https:\/\/moncompte.actu.fr\" title=\"D\u00e9couvez Mon Actu\" rel=\"nofollow noopener\" data-trk=\"{&quot;cta&quot;:{&quot;action&quot;:&quot;https:\\\/\\\/moncompte.actu.fr&quot;,&quot;category&quot;:&quot;mon compte&quot;,&quot;from&quot;:&quot;article footer&quot;,&quot;name&quot;:&quot;Mon actu&quot;,&quot;type&quot;:&quot;cta&quot;}}\" target=\"_blank\">Mon Actu<\/a>.<\/p>\n<ul class=\"ac-article-tag wall-content\">\n<li><a href=\"https:\/\/actu.fr\/tag\/cathedrale-notre-dame-de-paris\" data-trk=\"{&quot;cta&quot;:{&quot;action&quot;:&quot;cath\\u00e9drale Notre-Dame de Paris&quot;,&quot;category&quot;:&quot;tag&quot;,&quot;from&quot;:&quot;article footer&quot;,&quot;name&quot;:&quot;cath\\u00e9drale Notre-Dame de Paris&quot;,&quot;type&quot;:&quot;cta&quot;}}\" rel=\"nofollow noopener\" target=\"_blank\">#cath\u00e9drale Notre-Dame de Paris<\/a><\/li>\n<li><a href=\"https:\/\/actu.fr\/tag\/necrologie\" data-trk=\"{&quot;cta&quot;:{&quot;action&quot;:&quot;N\\u00e9crologie&quot;,&quot;category&quot;:&quot;tag&quot;,&quot;from&quot;:&quot;article footer&quot;,&quot;name&quot;:&quot;N\\u00e9crologie&quot;,&quot;type&quot;:&quot;cta&quot;}}\" rel=\"nofollow noopener\" target=\"_blank\">#N\u00e9crologie<\/a><\/li>\n<\/ul>\n","protected":false},"excerpt":{"rendered":"Par R\u00e9daction Paris Publi\u00e9 le 18 juil. 2025 \u00e0 17h37 \u00ab\u2009Pour beaucoup d\u2019entre nous, pr\u00eatres, diacres, fid\u00e8les de&hellip;\n","protected":false},"author":2,"featured_media":257443,"comment_status":"","ping_status":"","sticky":false,"template":"","format":"standard","meta":{"footnotes":""},"categories":[1888],"tags":[1111,1928,11,1927,8777,1777,674,1011,27,1391,12,1926,626,1925,25,104],"class_list":{"0":"post-257442","1":"post","2":"type-post","3":"status-publish","4":"format-standard","5":"has-post-thumbnail","7":"category-paris","8":"tag-actu","9":"tag-actu-paris","10":"tag-actualites","11":"tag-actualites-paris","12":"tag-cathedrale-notre-dame-de-paris","13":"tag-eu","14":"tag-europe","15":"tag-fr","16":"tag-france","17":"tag-necrologie","18":"tag-news","19":"tag-news-paris","20":"tag-paris","21":"tag-paris-news","22":"tag-republique-francaise","23":"tag-societe"},"share_on_mastodon":{"url":"https:\/\/pubeurope.com\/@fr\/114876666603618066","error":""},"_links":{"self":[{"href":"https:\/\/www.europesays.com\/fr\/wp-json\/wp\/v2\/posts\/257442","targetHints":{"allow":["GET"]}}],"collection":[{"href":"https:\/\/www.europesays.com\/fr\/wp-json\/wp\/v2\/posts"}],"about":[{"href":"https:\/\/www.europesays.com\/fr\/wp-json\/wp\/v2\/types\/post"}],"author":[{"embeddable":true,"href":"https:\/\/www.europesays.com\/fr\/wp-json\/wp\/v2\/users\/2"}],"replies":[{"embeddable":true,"href":"https:\/\/www.europesays.com\/fr\/wp-json\/wp\/v2\/comments?post=257442"}],"version-history":[{"count":0,"href":"https:\/\/www.europesays.com\/fr\/wp-json\/wp\/v2\/posts\/257442\/revisions"}],"wp:featuredmedia":[{"embeddable":true,"href":"https:\/\/www.europesays.com\/fr\/wp-json\/wp\/v2\/media\/257443"}],"wp:attachment":[{"href":"https:\/\/www.europesays.com\/fr\/wp-json\/wp\/v2\/media?parent=257442"}],"wp:term":[{"taxonomy":"category","embeddable":true,"href":"https:\/\/www.europesays.com\/fr\/wp-json\/wp\/v2\/categories?post=257442"},{"taxonomy":"post_tag","embeddable":true,"href":"https:\/\/www.europesays.com\/fr\/wp-json\/wp\/v2\/tags?post=257442"}],"curies":[{"name":"wp","href":"https:\/\/api.w.org\/{rel}","templated":true}]}}