{"id":257448,"date":"2025-07-18T22:48:18","date_gmt":"2025-07-18T22:48:18","guid":{"rendered":"https:\/\/www.europesays.com\/fr\/257448\/"},"modified":"2025-07-18T22:48:18","modified_gmt":"2025-07-18T22:48:18","slug":"gisele-halimi-simone-veil-olympe-de-gouges-les-statues-de-la-ceremonie-des-jo-bientot-visibles-dans-une-rue-de-paris-2","status":"publish","type":"post","link":"https:\/\/www.europesays.com\/fr\/257448\/","title":{"rendered":"Gis\u00e8le Halimi, Simone Veil, Olympe de Gouges\u2026 Les statues de la c\u00e9r\u00e9monie des JO bient\u00f4t visibles dans une rue de Paris"},"content":{"rendered":"<p>L\u2019h\u00e9ritage des <a href=\"https:\/\/www.20minutes.fr\/sport\/jo\/\" class=\"color-ultramarine c-link\" target=\"_blank\" rel=\"noopener\">Jeux olympiques de Paris 2024<\/a> a pu se faire attendre parfois, mais il s\u2019installe prochainement rue de la Chapelle dans le nord de la capitale. Dix statues de femmes illustres, dont <a href=\"https:\/\/www.20minutes.fr\/societe\/gisele-halimi\/\" class=\"color-ultramarine c-link\" target=\"_blank\" rel=\"noopener\">Gis\u00e8le Halimi<\/a>, visibles lors de la c\u00e9r\u00e9monie d\u2019ouverture des JO de Paris 2024, sont en cours d\u2019installation dans ce quartier actuellement en cours de r\u00e9am\u00e9nagement.<\/p>\n<p>Sur la promenade nouvellement am\u00e9nag\u00e9e rue de la Chapelle, la statue dor\u00e9e de Gis\u00e8le Halimi, mesurant quatre m\u00e8tres de haut, a d\u00e9j\u00e0 \u00e9t\u00e9 install\u00e9e vendredi matin, attirant les regards curieux des passants.<\/p>\n<p>Une r\u00e9sine ultra-r\u00e9sistante pour \u00ab\u00a0les pr\u00e9parer \u00e0 la vie en ext\u00e9rieur\u00a0\u00bb<\/p>\n<p>Elle sera rejointe par neuf autres statues, surgies de la <a href=\"https:\/\/www.20minutes.fr\/dossier\/seine\" class=\"color-ultramarine c-link\" target=\"_blank\" rel=\"noopener\">Seine<\/a> lors de la c\u00e9r\u00e9monie des Jeux, le long de l\u2019avenue du 18e\u00a0arrondissement. L\u2019inauguration est pr\u00e9vue le 26\u00a0juillet, un an apr\u00e8s le coup d\u2019envoi des JO de Paris.<\/p>\n<p>Ces dix statues de femmes illustres comprenant Christine de Pizan, Jeanne Barret, Olympe de Gouges, Louise Michel, Alice Guy, Alice Milliat, Paulette Nardal, Simone de Beauvoir, <a href=\"https:\/\/www.20minutes.fr\/dossier\/simone_veil\" class=\"color-ultramarine c-link\" target=\"_blank\" rel=\"noopener\">Simone Veil<\/a> et Gis\u00e8le Halimi avaient auparavant \u00e9t\u00e9 expos\u00e9es \u00e0 l\u2019<a href=\"https:\/\/www.20minutes.fr\/dossier\/assemblee_nationale\" class=\"color-ultramarine c-link\" target=\"_blank\" rel=\"noopener\">Assembl\u00e9e nationale<\/a>.<\/p>\n<p>Couleur or et en acier, elles ont d\u00fb \u00eatre recouvertes d\u2019une r\u00e9sine ultra-r\u00e9sistante pour \u00ab\u00a0les pr\u00e9parer \u00e0 la vie en ext\u00e9rieur\u00a0\u00bb, explique Mich\u00e8le Zaoui, architecte au secr\u00e9tariat g\u00e9n\u00e9ral de la Ville de Paris.<\/p>\n<p>\u00ab\u00a0C\u2019est bien qu\u2019ils les recyclent et qu\u2019ils les posent quelque part\u00a0\u00bb, t\u00e9moigne Thomas Marcel, 29 ans, un artisan qui travaille depuis six ans dans le quartier. Il d\u00e9plore toutefois \u00ab\u00a0un pansement sur la pr\u00e9carit\u00e9 qu\u2019il y a dans le quartier\u00a0\u00bb. \u00ab\u00a0\u00c7a donne de la vie\u00a0\u00bb, temp\u00e8re Youssef El Gouhari, 18 ans, \u00e9tudiant en pr\u00e9pa de commerce, habitant du quartier depuis toujours.<\/p>\n<p>\u00ab\u00a0Un message de f\u00e9minisation de l\u2019espace public\u00a0\u00bb<\/p>\n<p>Le quartier de la porte de la Chapelle, l\u2019un des plus d\u00e9favoris\u00e9s de Paris, a \u00e9t\u00e9 r\u00e9am\u00e9nag\u00e9 \u00e0 l\u2019occasion des JO, avec l\u2019ouverture de l\u2019Adidas Arena, salle de concerts et d\u2019\u00e9v\u00e9nements sportifs, o\u00f9 se sont d\u00e9roul\u00e9es plusieurs \u00e9preuves olympiques et <a href=\"https:\/\/www.20minutes.fr\/sport\/jeux_paralympiques\/\" class=\"color-ultramarine c-link\" target=\"_blank\" rel=\"noopener\">paralympiques<\/a>.<\/p>\n<\/p>\n<p>La voirie de la rue de la Chapelle a ainsi \u00e9t\u00e9 r\u00e9nov\u00e9e, avec un espace de promenade, des pistes cyclables, et une v\u00e9g\u00e9talisation de l\u2019espace.<\/p>\n<p>\u00ab\u00a0On cherchait le lien entre un quartier tr\u00e8s positivement impact\u00e9 par l\u2019accueil des Jeux \u00e0 Paris et aussi un message de f\u00e9minisation de l\u2019espace public\u00a0\u00bb, explique \u00e0 l\u2019AFP Pierre Rabadan, adjoint aux sports \u00e0 la maire de Paris.<\/p>\n<p>Les statues vont rester dans le quartier encore plusieurs ann\u00e9es, d\u2019apr\u00e8s Mich\u00e8le Zaoui. \u00ab\u00a0On a pour l\u2019instant une date fix\u00e9e\u00a0: celle des JO de Los Angeles en\u00a02028\u00a0\u00bb, explique celle qui anticipe un \u00ab\u00a0relais symbolique\u00a0\u00bb fait avec la Ville de Paris.<\/p>\n","protected":false},"excerpt":{"rendered":"L\u2019h\u00e9ritage des Jeux olympiques de Paris 2024 a pu se faire attendre parfois, mais il s\u2019installe prochainement rue&hellip;\n","protected":false},"author":2,"featured_media":257449,"comment_status":"","ping_status":"","sticky":false,"template":"","format":"standard","meta":{"footnotes":""},"categories":[1888],"tags":[47,11,1777,674,6757,1011,27,39708,662,3996,12,626,1306,25,39710],"class_list":{"0":"post-257448","1":"post","2":"type-post","3":"status-publish","4":"format-standard","5":"has-post-thumbnail","7":"category-paris","8":"tag-actualite","9":"tag-actualites","10":"tag-eu","11":"tag-europe","12":"tag-feminisme","13":"tag-fr","14":"tag-france","15":"tag-gisele-halimi","16":"tag-ile-de-france","17":"tag-jeux-olympiques","18":"tag-news","19":"tag-paris","20":"tag-regions","21":"tag-republique-francaise","22":"tag-simone-veil"},"share_on_mastodon":{"url":"https:\/\/pubeurope.com\/@fr\/114876678984459694","error":""},"_links":{"self":[{"href":"https:\/\/www.europesays.com\/fr\/wp-json\/wp\/v2\/posts\/257448","targetHints":{"allow":["GET"]}}],"collection":[{"href":"https:\/\/www.europesays.com\/fr\/wp-json\/wp\/v2\/posts"}],"about":[{"href":"https:\/\/www.europesays.com\/fr\/wp-json\/wp\/v2\/types\/post"}],"author":[{"embeddable":true,"href":"https:\/\/www.europesays.com\/fr\/wp-json\/wp\/v2\/users\/2"}],"replies":[{"embeddable":true,"href":"https:\/\/www.europesays.com\/fr\/wp-json\/wp\/v2\/comments?post=257448"}],"version-history":[{"count":0,"href":"https:\/\/www.europesays.com\/fr\/wp-json\/wp\/v2\/posts\/257448\/revisions"}],"wp:featuredmedia":[{"embeddable":true,"href":"https:\/\/www.europesays.com\/fr\/wp-json\/wp\/v2\/media\/257449"}],"wp:attachment":[{"href":"https:\/\/www.europesays.com\/fr\/wp-json\/wp\/v2\/media?parent=257448"}],"wp:term":[{"taxonomy":"category","embeddable":true,"href":"https:\/\/www.europesays.com\/fr\/wp-json\/wp\/v2\/categories?post=257448"},{"taxonomy":"post_tag","embeddable":true,"href":"https:\/\/www.europesays.com\/fr\/wp-json\/wp\/v2\/tags?post=257448"}],"curies":[{"name":"wp","href":"https:\/\/api.w.org\/{rel}","templated":true}]}}