{"id":25745,"date":"2025-04-15T02:54:21","date_gmt":"2025-04-15T02:54:21","guid":{"rendered":"https:\/\/www.europesays.com\/fr\/25745\/"},"modified":"2025-04-15T02:54:21","modified_gmt":"2025-04-15T02:54:21","slug":"mignafans-mariage-pauline-et-arnault","status":"publish","type":"post","link":"https:\/\/www.europesays.com\/fr\/25745\/","title":{"rendered":"Mignafans | Mariage. Pauline et Arnault"},"content":{"rendered":"<p>Samedi\u00a017 h, c\u2019est devant Daniel Zahner, maire de la commune que son fils Arnault, consultant informatique, n\u00e9 le 6\u00a0juillet 1997 \u00e0 Luxeuil-les-Bains, et Pauline Cordier, kin\u00e9sith\u00e9rapeute, n\u00e9e le 19\u00a0ao\u00fbt 1997 \u00e0 Vesoul, ont d\u00e9clar\u00e9 vouloir se prendre pour \u00e9poux. Une situation particuli\u00e8re et fort sympathique pour les nouveaux mari\u00e9s qui vont r\u00e9sider \u00e0 \u00c9chenoz-la-M\u00e9line.<\/p>\n<p>Tous nos v\u0153ux de bonheur<\/p>\n","protected":false},"excerpt":{"rendered":"Samedi\u00a017 h, c\u2019est devant Daniel Zahner, maire de la commune que son fils Arnault, consultant informatique, n\u00e9 le&hellip;\n","protected":false},"author":2,"featured_media":25746,"comment_status":"","ping_status":"","sticky":false,"template":"","format":"standard","meta":{"footnotes":""},"categories":[1359],"tags":[9223,9225,58,8698,59,1011,27,1930,973,9224,104],"class_list":{"0":"post-25745","1":"post","2":"type-post","3":"status-publish","4":"format-standard","5":"has-post-thumbnail","7":"category-people","8":"tag-carnet-du-jour","9":"tag-cc-du-pays-de-villersexel-70a","10":"tag-divertissement","11":"tag-edition-vesoul-haute-saone","12":"tag-entertainment","13":"tag-fr","14":"tag-france","15":"tag-mariage","16":"tag-people","17":"tag-senargent-mignafans","18":"tag-societe"},"share_on_mastodon":{"url":"https:\/\/pubeurope.com\/@fr\/114339726118597364","error":""},"_links":{"self":[{"href":"https:\/\/www.europesays.com\/fr\/wp-json\/wp\/v2\/posts\/25745","targetHints":{"allow":["GET"]}}],"collection":[{"href":"https:\/\/www.europesays.com\/fr\/wp-json\/wp\/v2\/posts"}],"about":[{"href":"https:\/\/www.europesays.com\/fr\/wp-json\/wp\/v2\/types\/post"}],"author":[{"embeddable":true,"href":"https:\/\/www.europesays.com\/fr\/wp-json\/wp\/v2\/users\/2"}],"replies":[{"embeddable":true,"href":"https:\/\/www.europesays.com\/fr\/wp-json\/wp\/v2\/comments?post=25745"}],"version-history":[{"count":0,"href":"https:\/\/www.europesays.com\/fr\/wp-json\/wp\/v2\/posts\/25745\/revisions"}],"wp:featuredmedia":[{"embeddable":true,"href":"https:\/\/www.europesays.com\/fr\/wp-json\/wp\/v2\/media\/25746"}],"wp:attachment":[{"href":"https:\/\/www.europesays.com\/fr\/wp-json\/wp\/v2\/media?parent=25745"}],"wp:term":[{"taxonomy":"category","embeddable":true,"href":"https:\/\/www.europesays.com\/fr\/wp-json\/wp\/v2\/categories?post=25745"},{"taxonomy":"post_tag","embeddable":true,"href":"https:\/\/www.europesays.com\/fr\/wp-json\/wp\/v2\/tags?post=25745"}],"curies":[{"name":"wp","href":"https:\/\/api.w.org\/{rel}","templated":true}]}}