{"id":257450,"date":"2025-07-18T22:49:15","date_gmt":"2025-07-18T22:49:15","guid":{"rendered":"https:\/\/www.europesays.com\/fr\/257450\/"},"modified":"2025-07-18T22:49:15","modified_gmt":"2025-07-18T22:49:15","slug":"guerre-hybride-russie-chine-et-etats-unis-qui-manipule-le-plus","status":"publish","type":"post","link":"https:\/\/www.europesays.com\/fr\/257450\/","title":{"rendered":"Guerre hybride\u00a0: Russie, Chine et \u00c9tats-Unis\u00a0: qui manipule le plus\u00a0?"},"content":{"rendered":"<p data-gt-block=\"\">Avez-vous d\u00e9j\u00e0 pens\u00e9 qu&rsquo;en lisant cet article, quelqu&rsquo;un (peut-\u00eatre moi) pourrait essayer d&rsquo;influencer votre fa\u00e7on de penser\u00a0? Ce n&rsquo;est pas de la parano\u00efa. C&rsquo;est la nouvelle fronti\u00e8re de la guerre hybride, o\u00f9 le champ de bataille n&rsquo;est plus un territoire physique, mais votre esprit.<\/p>\n<p data-gt-block=\"\">Des laboratoires de l&rsquo;OTAN aux centres de recherche chinois, des op\u00e9rations russes aux programmes am\u00e9ricains, chacun perfectionne des techniques pour conqu\u00e9rir le territoire le plus pr\u00e9cieux : la conscience humaine. Et cela fonctionne mieux que n&rsquo;importe quel missile.<\/p>\n<p>Quand tout le monde joue sale<\/p>\n<p data-gt-block=\"\" class=\"gt-block gt-block\">La guerre hybride n\u2019est pas une invention russe, m\u00eame si Moscou l\u2019a magistralement perfectionn\u00e9e. C&rsquo;est devenu la nouvelle norme de fonctionnement pour toutes les superpuissances, chacun avec ses propres sp\u00e9cialit\u00e9s. La Russie excelle dans <a href=\"https:\/\/smallwarsjournal.com\/2025\/07\/03\/a-primer-on-russian-cognitive-warfare\/\" rel=\"nofollow noopener\" target=\"_blank\">\u00ab contr\u00f4le r\u00e9flexif \u00bb<\/a>, une technique qui manipule les perceptions de l&rsquo;adversaire \u00e0 son insu. Depuis 1952, ann\u00e9e o\u00f9 le KGB a cr\u00e9\u00e9 le D\u00e9partement D pour la d\u00e9sinformation, <strong>Moscou<\/strong> il a transform\u00e9 la manipulation cognitive en une doctrine militaire compl\u00e8te.<\/p>\n<p data-gt-block=\"\">Mais il serait na\u00eff de croire qu&rsquo;il s&rsquo;agit uniquement d&rsquo;un probl\u00e8me russe. La Chine a d\u00e9velopp\u00e9 ce que l&rsquo;Arm\u00e9e populaire de lib\u00e9ration appelle la \u00ab domination cognitive \u00bb (\u8ba4\u77e5\u57df\u4f5c\u6218), une strat\u00e9gie qui traite le cerveau humain comme un v\u00e9ritable th\u00e9\u00e2tre d&rsquo;op\u00e9rations.<\/p>\n<p data-gt-block=\"\" class=\"gt-block gt-block\">P\u00e9kin utilise ce qu\u2019il appelle le \u00ab pouvoir du discours \u00bb pour fa\u00e7onner les r\u00e9cits mondiaux, des probl\u00e8mes du Xinjiang aux revendications sur Ta\u00efwan. <a href=\"https:\/\/www.fdd.org\/analysis\/monographs\/2024\/06\/28\/cognitive-combat\/\" rel=\"nofollow noopener\" target=\"_blank\">chercheurs am\u00e9ricains<\/a> Ils ont document\u00e9 comment l\u2019intelligence artificielle chinoise g\u00e9n\u00e8re automatiquement de la propagande anti-am\u00e9ricaine sur les r\u00e9seaux sociaux, exp\u00e9rimentant en temps r\u00e9el les messages qui fonctionnent le mieux.<\/p>\n<p data-gt-block=\"\" class=\"gt-block gt-block\">Les \u00c9tats-Unis, pour leur part, ne restent certainement pas les bras crois\u00e9s. Le Pentagone a officiellement reconnu la dimension cognitive comme un nouveau domaine op\u00e9rationnel, aux c\u00f4t\u00e9s des domaines terrestre, maritime, a\u00e9rien, spatial et cybern\u00e9tique. <a href=\"https:\/\/www.usni.org\/magazines\/proceedings\/2023\/april\/cognitive-warfare-maneuvering-human-dimension\" rel=\"nofollow noopener\" target=\"_blank\">L&rsquo;arm\u00e9e am\u00e9ricaine<\/a> Ils parlent ouvertement de \u00ab man\u0153uvres cognitives \u00bb et d\u00e9veloppent des syst\u00e8mes pour obtenir ce qu\u2019ils appellent une \u00ab sup\u00e9riorit\u00e9 cognitive \u00bb sur leurs ennemis.<\/p>\n<p data-gt-block=\"\">D\u2019autres pouvoirs pourraient-ils manquer ?<\/p>\n<p>M\u00eame l\u2019OTAN s\u2019est lanc\u00e9e (assez r\u00e9cemment) dans la guerre hybride<\/p>\n<p data-gt-block=\"\" class=\"gt-block gt-block\"><a href=\"https:\/\/www.nato.int\/docu\/review\/articles\/2021\/05\/20\/countering-cognitive-warfare-awareness-and-resilience\/index.html\" rel=\"nofollow noopener\" target=\"_blank\">L&rsquo;Alliance atlantique a commenc\u00e9 \u00e0 d\u00e9velopper son propre concept de guerre cognitive en 2021<\/a>, cr\u00e9ant des centres sp\u00e9cialis\u00e9s comme le Centre d&rsquo;innovation canadien. Le document officiel de l&rsquo;OTAN est on ne peut plus clair\u00a0: \u00ab\u00a0L&rsquo;esprit humain devient le champ de bataille\u00a0\u00bb et l&rsquo;objectif est de \u00ab\u00a0changer non seulement les pens\u00e9es des gens, mais aussi leur fa\u00e7on de penser et d&rsquo;agir\u00a0\u00bb.<\/p>\n<blockquote class=\"wp-block-quote is-layout-flow wp-block-quote-is-layout-flow\">\n<p data-gt-block=\"\">La guerre cognitive int\u00e8gre des capacit\u00e9s d&rsquo;ing\u00e9nierie cybern\u00e9tique, informationnelle, psychologique et sociale pour atteindre ses objectifs. Elle m\u00e8ne avec succ\u00e8s des op\u00e9rations qui fa\u00e7onnent et influencent les croyances et les comportements individuels et collectifs afin de favoriser les objectifs tactiques ou strat\u00e9giques de l&rsquo;attaquant.<\/p>\n<\/blockquote>\n<p data-gt-block=\"\" class=\"gt-block gt-block\">Mais qui sont \u00ab l&rsquo;agress\u00e9 \u00bb et \u00ab l&rsquo;agresseur \u00bb dans ce sc\u00e9nario ? Difficile \u00e0 dire, surtout \u00e0 la lumi\u00e8re d&rsquo;un fait alarmant : selon le <a href=\"https:\/\/pmc.ncbi.nlm.nih.gov\/articles\/PMC11565700\/\" rel=\"nofollow noopener\" target=\"_blank\">Document strat\u00e9gique de l&rsquo;OTAN<\/a>, la guerre cognitive se distingue de la propagande traditionnelle car \u00ab chacun participe, le plus souvent involontairement, au traitement de l&rsquo;information et \u00e0 la formation des connaissances \u00bb. <a href=\"https:\/\/fr.futuroprossimo.it\/2023\/11\/doomscrolling-8-ragioni-per-cui-i-social-media-ci-rubano-la-speranza\/\" rel=\"nofollow noopener\" target=\"_blank\">notre doomscrolling<\/a> Sur les r\u00e9seaux sociaux, nous ne sommes plus des victimes passives : nous sommes des complices involontaires qui alimentent le syst\u00e8me qui nous manipule.<\/p>\n<p>Intelligence artificielle et guerre hybride\u00a0: la temp\u00eate parfaite<\/p>\n<p data-gt-block=\"\" class=\"gt-block gt-block\">L\u2019arriv\u00e9e de l\u2019intelligence artificielle a transform\u00e9 la guerre hybride d\u2019une op\u00e9ration co\u00fbteuse en une machine automatis\u00e9e. Ce qui n\u00e9cessitait autrefois des arm\u00e9es de trolls humains peut d\u00e9sormais \u00eatre g\u00e9r\u00e9 par des algorithmes fonctionnant 24 heures sur 24., testant en temps r\u00e9el quel contenu fonctionne le mieux sur des groupes d\u00e9mographiques sp\u00e9cifiques. <strong>Microsoft<\/strong> a identifi\u00e9 un logiciel chinois qui g\u00e9n\u00e8re de mani\u00e8re autonome de la propagande anti-am\u00e9ricaine, tandis que <a href=\"https:\/\/tech4future.info\/guerra-cognitiva\/\" rel=\"nofollow noopener\" target=\"_blank\">chercheurs europ\u00e9ens<\/a> On estime que plus de 150 entreprises d\u00e9veloppent des \u00ab sujets synth\u00e9tiques \u00bb pour des applications de manipulation cognitive.<\/p>\n<p data-gt-block=\"\" class=\"gt-block gt-block\">La v\u00e9ritable r\u00e9volution r\u00e9side dans les deepfakes et le microciblage pilot\u00e9 par l&rsquo;IA. Imaginez un contenu factice mais convaincant, personnalis\u00e9 selon vos biais cognitifs sp\u00e9cifiques et diffus\u00e9 par des algorithmes qui connaissent vos vuln\u00e9rabilit\u00e9s mieux que vous. <a href=\"https:\/\/smallwarsjournal.com\/2025\/01\/22\/the-challenge-of-ai-enhanced-cognitive-warfare-a-call-to-arms-for-a-cognitive-defense\/\" rel=\"nofollow noopener\" target=\"_blank\">Cela s&rsquo;est d\u00e9j\u00e0 produit lors des \u00e9lections de 2024<\/a>, lorsqu&rsquo;une IA russe a cr\u00e9\u00e9 des messages de d\u00e9sinformation personnalis\u00e9s pour des \u00e9lecteurs am\u00e9ricains individuels.<\/p>\n<p data-gt-block=\"\" class=\"gt-block gt-block\">L&rsquo;aspect le plus troublant ? Aucune des superpuissances impliqu\u00e9es ne nie avoir recours \u00e0 ces techniques. La seule diff\u00e9rence est qu&rsquo;elles reconnaissent ouvertement leurs objectifs. Comme indiqu\u00e9 pr\u00e9c\u00e9demment : <strong>Emmanuel Pietrobon<\/strong>, analyste de la <a href=\"https:\/\/www.centromachiavelli.com\/2023\/07\/22\/guerra-cognitiva-nuova-minaccia-ibrida\/\" rel=\"nofollow noopener\" target=\"_blank\">Centre d&rsquo;\u00e9tudes Machiavel<\/a>:<\/p>\n<blockquote class=\"wp-block-quote is-layout-flow wp-block-quote-is-layout-flow\">\n<p data-gt-block=\"\">\u00ab Les d\u00e9mocraties lib\u00e9rales sont particuli\u00e8rement vuln\u00e9rables aux op\u00e9rations cognitives, mais elles manquent \u00e0 ce jour de strat\u00e9gies ad\u00e9quates de pr\u00e9vention et de dissuasion. \u00bb<\/p>\n<\/blockquote>\n<p><img loading=\"lazy\" data-lazyloaded=\"1\" decoding=\"async\" width=\"754\" height=\"754\" data-wp-class--hide=\"state.isContentHidden\" data-wp-class--show=\"state.isContentVisible\" data-wp-init=\"callbacks.setButtonStyles\" data-wp-on-async--click=\"actions.showLightbox\" data-wp-on-async--load=\"callbacks.setButtonStyles\" data-wp-on-async-window--resize=\"callbacks.setButtonStyles\" src=\"https:\/\/www.europesays.com\/fr\/wp-content\/uploads\/2025\/07\/1000113034.jpg\" alt=\"Guerre hybride\"  data-\/><\/p>\n<p>Image tir\u00e9e d&rsquo;une vid\u00e9o deepfake montrant l&rsquo;arrestation de Donald Trump. Source\u00a0: Wikip\u00e9diaGuerre cognitive et droit international : dans les limbes<\/p>\n<p data-gt-block=\"\" class=\"gt-block gt-block\">Le plus gros probl\u00e8me de la guerre hybride est son caract\u00e8re juridiquement insaisissable. Comment d\u00e9clarer la guerre \u00e0 quelqu\u2019un qui vous manipule psychologiquement sans jamais tirer un coup de feu ? Le droit international, attach\u00e9 \u00e0 une conception classique du conflit, n\u2019envisage pas les attaques qui causent des dommages r\u00e9els (des d\u00e9c\u00e8s dus \u00e0 la d\u00e9sinformation sanitaire aux suicides induits par la manipulation). <strong>sans violence physique directe.<\/strong><\/p>\n<p data-gt-block=\"\" class=\"gt-block gt-block\">Une <a href=\"https:\/\/www.tandfonline.com\/doi\/full\/10.1080\/18335330.2024.2440873\" rel=\"nofollow noopener\" target=\"_blank\">Recherche de l&rsquo;Universit\u00e9 de Stellenbosch<\/a> Il a document\u00e9 la mani\u00e8re dont la Russie et la Chine m\u00e8nent des op\u00e9rations cognitives syst\u00e9matiques en Afrique, exploitant des ressources naturelles strat\u00e9giques et des axes \u00e9conomiques cl\u00e9s. Pourtant, techniquement, aucune de ces activit\u00e9s ne constitue une \u00ab\u00a0agression\u00a0\u00bb selon les d\u00e9finitions traditionnelles.<\/p>\n<p data-gt-block=\"\">La guerre hybride op\u00e8re dans la \u00ab\u00a0zone grise\u00a0\u00bb du conflit\u00a0: suffisamment d\u00e9vastatrice pour d\u00e9stabiliser des soci\u00e9t\u00e9s enti\u00e8res, mais suffisamment subtile pour rester en de\u00e7\u00e0 du seuil justifiant une r\u00e9ponse militaire traditionnelle. C&rsquo;est le paradoxe parfait de l&rsquo;\u00e8re num\u00e9rique.<\/p>\n<p>Qui sortira vainqueur de la guerre hybride\u00a0? Spoiler\u00a0: aucun<\/p>\n<p data-gt-block=\"\" class=\"gt-block\">L&rsquo;ironie tragique de la guerre hybride r\u00e9side dans le fait que tous les acteurs (Russie, Chine, \u00c9tats-Unis, OTAN) pr\u00e9tendent vouloir \u00ab\u00a0prot\u00e9ger\u00a0\u00bb leurs citoyens de toute manipulation, pour ensuite d\u00e9velopper les m\u00eames techniques \u00e0 leur propre usage. Le r\u00e9sultat\u00a0? Une escalade cognitive o\u00f9 tout le monde manipule tout le monde, et la seule certitude est que la confiance sociale et la coh\u00e9sion d\u00e9mocratique seront d\u00e9truites. Partout.<\/p>\n<p data-gt-block=\"\" class=\"gt-block gt-block\">En guise de note <a href=\"https:\/\/formiche.net\/2025\/07\/guerra-senza-soldati-cosi-funziona-la-cognitive-warfare-di-mosca\/\" rel=\"nofollow noopener\" target=\"_blank\">l&rsquo;Institut pour l&rsquo;\u00e9tude de la guerre<\/a>\u00ab\u00a0Le simple fait de reconna\u00eetre une campagne de d\u00e9sinformation ou de guerre cognitive neutralise ses effets, du moins dans une large mesure.\u00a0\u00bb Mais lorsque tout le monde joue le m\u00eame jeu d\u00e9loyal, reconna\u00eetre la manipulation devient impossible\u00a0: toute d\u00e9nonciation peut elle-m\u00eame \u00eatre de la propagande.<\/p>\n<p data-gt-block=\"\">La guerre hybride ne cr\u00e9e pas de gagnants et de perdants. Elle engendre des soci\u00e9t\u00e9s fragment\u00e9es, des citoyens d\u00e9sorient\u00e9s et des d\u00e9mocraties affaiblies. Alors que les superpuissances se disputent le contr\u00f4le des r\u00e9cits mondiaux, vous et moi restons prisonniers d&rsquo;un conflit \u00ab o\u00f9 la seule solution gagnante serait de ne pas jouer \u00bb (Bravo \u00e0 celui qui devinera la citation et la partagera avec moi sur les r\u00e9seaux sociaux de Futuro Prossimo).<\/p>\n<p data-gt-block=\"\">Je crains qu&rsquo;il ne soit trop tard maintenant : le jeu a commenc\u00e9 et nous avons tous d\u00e9j\u00e0 \u00e9t\u00e9 enr\u00f4l\u00e9s comme soldats inconscients dans une guerre men\u00e9e un clic \u00e0 la fois.<\/p>\n","protected":false},"excerpt":{"rendered":"Avez-vous d\u00e9j\u00e0 pens\u00e9 qu&rsquo;en lisant cet article, quelqu&rsquo;un (peut-\u00eatre moi) pourrait essayer d&rsquo;influencer votre fa\u00e7on de penser\u00a0? Ce&hellip;\n","protected":false},"author":2,"featured_media":257451,"comment_status":"","ping_status":"","sticky":false,"template":"","format":"standard","meta":{"footnotes":""},"categories":[1591],"tags":[11,1887,12,1885,1886,132],"class_list":{"0":"post-257450","1":"post","2":"type-post","3":"status-publish","4":"format-standard","5":"has-post-thumbnail","7":"category-russie","8":"tag-actualites","9":"tag-federation-de-russie","10":"tag-news","11":"tag-russia","12":"tag-russian-federation","13":"tag-russie"},"share_on_mastodon":{"url":"https:\/\/pubeurope.com\/@fr\/114876682691364442","error":""},"_links":{"self":[{"href":"https:\/\/www.europesays.com\/fr\/wp-json\/wp\/v2\/posts\/257450","targetHints":{"allow":["GET"]}}],"collection":[{"href":"https:\/\/www.europesays.com\/fr\/wp-json\/wp\/v2\/posts"}],"about":[{"href":"https:\/\/www.europesays.com\/fr\/wp-json\/wp\/v2\/types\/post"}],"author":[{"embeddable":true,"href":"https:\/\/www.europesays.com\/fr\/wp-json\/wp\/v2\/users\/2"}],"replies":[{"embeddable":true,"href":"https:\/\/www.europesays.com\/fr\/wp-json\/wp\/v2\/comments?post=257450"}],"version-history":[{"count":0,"href":"https:\/\/www.europesays.com\/fr\/wp-json\/wp\/v2\/posts\/257450\/revisions"}],"wp:featuredmedia":[{"embeddable":true,"href":"https:\/\/www.europesays.com\/fr\/wp-json\/wp\/v2\/media\/257451"}],"wp:attachment":[{"href":"https:\/\/www.europesays.com\/fr\/wp-json\/wp\/v2\/media?parent=257450"}],"wp:term":[{"taxonomy":"category","embeddable":true,"href":"https:\/\/www.europesays.com\/fr\/wp-json\/wp\/v2\/categories?post=257450"},{"taxonomy":"post_tag","embeddable":true,"href":"https:\/\/www.europesays.com\/fr\/wp-json\/wp\/v2\/tags?post=257450"}],"curies":[{"name":"wp","href":"https:\/\/api.w.org\/{rel}","templated":true}]}}