{"id":257458,"date":"2025-07-18T22:53:37","date_gmt":"2025-07-18T22:53:37","guid":{"rendered":"https:\/\/www.europesays.com\/fr\/257458\/"},"modified":"2025-07-18T22:53:37","modified_gmt":"2025-07-18T22:53:37","slug":"motogp-brno-j1-luca-marini-honda-22-de-6e-en-allemagne-a-dernier-ce-vendredi-je-narrive-pas-a-passer-le-cap","status":"publish","type":"post","link":"https:\/\/www.europesays.com\/fr\/257458\/","title":{"rendered":"MotoGP, Brno J1, Luca Marini (Honda\/22) : De 6e en Allemagne \u00e0 dernier ce vendredi : \u00ab\u00a0Je n&rsquo;arrive pas \u00e0 passer le cap\u00a0\u00bb"},"content":{"rendered":"<p><strong>Luca Marini a termin\u00e9 bon dernier \u00e0 Brno ce vendredi,<br \/>\nsans aucun feeling sur le mouill\u00e9, ce qui \u00e9tait pourtant son point<br \/>\nfort avant.<\/strong><\/p>\n<p><strong>Luca Marini<\/strong> a effectu\u00e9 son grand retour \u00e0 la<br \/>\ncomp\u00e9tition le week-end dernier lors du Grand Prix d\u2019Allemagne. Il<br \/>\navait en effet \u00e9t\u00e9 \u00e9loign\u00e9 des Grands Prix durant un mois et demi<br \/>\nen raison de lourdes blessures contract\u00e9es lors d\u2019une chute<br \/>\nsurvenue durant des essais pour les 8 Heures de Suzuka au<br \/>\nJapon.<\/p>\n<p>N\u2019ayant pas encore r\u00e9cup\u00e9r\u00e9 \u00e0 100%, l\u2019Italien ne s\u2019attendait pas<br \/>\n\u00e0 d\u00e9crocher son meilleur r\u00e9sultat avec Honda en terminant sixi\u00e8me<br \/>\nde la course principale du dimanche. Une performance<br \/>\nimpressionnante, qui s\u2019\u00e9tait toutefois faite dans la douleur.<\/p>\n<p>Les signaux restaient encourageants pour Brno ce week-end, mais<br \/>\nMarini a connu une premi\u00e8re journ\u00e9e particuli\u00e8rement compliqu\u00e9e.<br \/>\nAlors qu\u2019il a termin\u00e9 huiti\u00e8me des FP1 ce matin en conditions de<br \/>\npiste mixtes, il a compl\u00e8tement d\u00e9gringol\u00e9 au classement durant la<br \/>\nPractice, qui s\u2019est d\u00e9roul\u00e9e sur le mouill\u00e9e, pour terminer<br \/>\ndernier, \u00e0 2\u20338 du leader ! Une contreperformance qu\u2019il explique par<br \/>\nun manque de sensations total sur le mouill\u00e9 depuis le d\u00e9but de la<br \/>\nsaison.<\/p>\n<p><img loading=\"lazy\" decoding=\"async\" class=\"aligncenter size-full wp-image-1311708\" src=\"https:\/\/www.europesays.com\/fr\/wp-content\/uploads\/2025\/07\/687a68bb74b370.50966446.jpg\" alt=\"Luca Marini Brno\" width=\"800\" height=\"533\"  \/><\/p>\n<p>Heureusement pour lui, le reste du week-end devrait se d\u00e9rouler<br \/>\nsur le sec, bien que \u00e7a ne fasse que reculer la r\u00e9solution de ses<br \/>\nprobl\u00e8mes sur le mouill\u00e9. \u00ab\u00a0C\u2019\u00e9tait compliqu\u00e9 pour moi<br \/>\naujourd\u2019hui, je n\u2019arrivais pas \u00e0 trouver le feeling sur le mouill\u00e9.<br \/>\nAvant, j\u2019\u00e9tais tr\u00e8s fort sur le mouill\u00e9, mais cette ann\u00e9e, je<br \/>\nn\u2019arrive pas \u00e0 passer le cap. Je n\u2019ai pas vraiment d\u2019adh\u00e9rence, je<br \/>\nne peux donc pas incliner la moto, je dois r\u00e9duire la vitesse en<br \/>\ncourbe, etc.\u00a0\u00bb, a-t-il expliqu\u00e9 lors de son<br \/>\ndebriefing.<\/p>\n<p>\u00ab\u00a0On avait quelques petits d\u00e9tails \u00e0 changer au box, ce<br \/>\nqui nous a un peu retard\u00e9s. La Q1 demain sera difficile avec plus<br \/>\nde pilotes Ducati que d\u2019habitude, mais si la m\u00e9t\u00e9o continue de<br \/>\nchanger, beaucoup de choses sont possibles. Ce sont plus<br \/>\nd\u2019informations pour mieux pr\u00e9parer l\u2019avenir.\u00a0\u00bb<\/p>\n<p><strong>R\u00e9sultats de <a href=\"https:\/\/www.paddock-gp.com\/motogp-brno-practice-live-marquez-zarco-quartararo\/\" target=\"_blank\" rel=\"noopener nofollow\">la Practice<\/a> du Grand Prix de<br \/>\nR\u00e9publique Tch\u00e8que :<\/strong><\/p>\n<p><img loading=\"lazy\" decoding=\"async\" class=\"aligncenter size-full wp-image-1311463\" src=\"https:\/\/www.europesays.com\/fr\/wp-content\/uploads\/2025\/07\/practice-1.jpg\" alt=\"\" width=\"800\" height=\"962\"  \/><\/p>\n<p>Cr\u00e9dit classement : <a href=\"https:\/\/www.motogp.com\/fr\" rel=\"nofollow noopener\" target=\"_blank\">MotoGP.com<\/a><\/p>\n","protected":false},"excerpt":{"rendered":"Luca Marini a termin\u00e9 bon dernier \u00e0 Brno ce vendredi, sans aucun feeling sur le mouill\u00e9, ce qui&hellip;\n","protected":false},"author":2,"featured_media":257459,"comment_status":"","ping_status":"","sticky":false,"template":"","format":"standard","meta":{"footnotes":""},"categories":[1587],"tags":[11,672,1804,1805,1803,1777,674,1801,12,1802],"class_list":{"0":"post-257458","1":"post","2":"type-post","3":"status-publish","4":"format-standard","5":"has-post-thumbnail","7":"category-allemagne","8":"tag-actualites","9":"tag-allemagne","10":"tag-bundesrepublik-deutschland","11":"tag-de","12":"tag-deutschland","13":"tag-eu","14":"tag-europe","15":"tag-germany","16":"tag-news","17":"tag-republique-federale-dallemagne"},"share_on_mastodon":{"url":"https:\/\/pubeurope.com\/@fr\/114876698134667190","error":""},"_links":{"self":[{"href":"https:\/\/www.europesays.com\/fr\/wp-json\/wp\/v2\/posts\/257458","targetHints":{"allow":["GET"]}}],"collection":[{"href":"https:\/\/www.europesays.com\/fr\/wp-json\/wp\/v2\/posts"}],"about":[{"href":"https:\/\/www.europesays.com\/fr\/wp-json\/wp\/v2\/types\/post"}],"author":[{"embeddable":true,"href":"https:\/\/www.europesays.com\/fr\/wp-json\/wp\/v2\/users\/2"}],"replies":[{"embeddable":true,"href":"https:\/\/www.europesays.com\/fr\/wp-json\/wp\/v2\/comments?post=257458"}],"version-history":[{"count":0,"href":"https:\/\/www.europesays.com\/fr\/wp-json\/wp\/v2\/posts\/257458\/revisions"}],"wp:featuredmedia":[{"embeddable":true,"href":"https:\/\/www.europesays.com\/fr\/wp-json\/wp\/v2\/media\/257459"}],"wp:attachment":[{"href":"https:\/\/www.europesays.com\/fr\/wp-json\/wp\/v2\/media?parent=257458"}],"wp:term":[{"taxonomy":"category","embeddable":true,"href":"https:\/\/www.europesays.com\/fr\/wp-json\/wp\/v2\/categories?post=257458"},{"taxonomy":"post_tag","embeddable":true,"href":"https:\/\/www.europesays.com\/fr\/wp-json\/wp\/v2\/tags?post=257458"}],"curies":[{"name":"wp","href":"https:\/\/api.w.org\/{rel}","templated":true}]}}