{"id":257460,"date":"2025-07-18T22:54:21","date_gmt":"2025-07-18T22:54:21","guid":{"rendered":"https:\/\/www.europesays.com\/fr\/257460\/"},"modified":"2025-07-18T22:54:21","modified_gmt":"2025-07-18T22:54:21","slug":"athletisme-championnat-deurope-u23-le-direct-et-tous-les-resultats-sports-infos-ski","status":"publish","type":"post","link":"https:\/\/www.europesays.com\/fr\/257460\/","title":{"rendered":"Athl\u00e9tisme &#8211; Championnat d&rsquo;Europe U23 : Le direct et tous les r\u00e9sultats &#8211; Sports Infos &#8211; Ski"},"content":{"rendered":"<p><strong>Une d\u00e9l\u00e9gation fran\u00e7aise ambitieuse<\/strong><\/p>\n<p>La France sera repr\u00e9sent\u00e9e par une \u00e9quipe de 71 athl\u00e8tes (41 hommes et 30 femmes), s\u00e9lectionn\u00e9s avec rigueur pour leur potentiel \u00e0 atteindre les finales.<\/p>\n<p>Parmi eux, des talents prometteurs comme Ad\u00e8le Gay, qui d\u00e9tient la meilleure performance europ\u00e9enne de l\u2019ann\u00e9e sur 1 500 m, et Erwan Konat\u00e9, double champion du monde junior en saut en longueur, qui effectue un retour remarqu\u00e9 apr\u00e8s des blessures.<\/p>\n<p>Les relais 4&#215;100 m et 4&#215;400 m, tant masculins que f\u00e9minins, viseront \u00e9galement les podiums, avec des athl\u00e8tes comme Mohammed Badru, d\u00e9termin\u00e9 \u00e0 d\u00e9crocher l\u2019or apr\u00e8s une d\u00e9convenue en 2023.<\/p>\n<p><strong>Des stars montantes \u00e0 suivre<\/strong><\/p>\n<p>L\u2019\u00e9dition 2025 mettra en vedette des athl\u00e8tes d\u00e9j\u00e0 m\u00e9daill\u00e9s lors de comp\u00e9titions europ\u00e9ennes.<\/p>\n<p>La Finlandaise Saga Vanninen d\u00e9fendra son titre en heptathlon, tandis que le Bulgare Bozhidar Saraboyukov brillera au saut en longueur et au triple saut.<\/p>\n<p>La Norv\u00e9gienne Henriette Jaeger, m\u00e9daill\u00e9e d\u2019argent en salle sur 400 m, sera particuli\u00e8rement attendue sur ses terres, align\u00e9e sur 200 m, 400 m et 4&#215;400 m.<\/p>\n<p>De son c\u00f4t\u00e9, le prodige N\u00e9erlandais Niels Laros, r\u00e9cent recordman europ\u00e9en U23 du mile, visera l\u2019or sur 800 m et 5 000 m.<\/p>\n<p>\u00a0<\/p>\n<p>\u00a0<\/p>\n<p><strong>Le r\u00e9sum\u00e9 de la 1re journ\u00e9e (17\/07)<\/strong><\/p>\n<p>\u00a0<\/p>\n<p><b>Quatre m\u00e9dailles au compteur (18\/07)<\/b><\/p>\n<p>Les athl\u00e8tes fran\u00e7ais ont brill\u00e9 au Fana Stadium, d\u00e9crochant plusieurs m\u00e9dailles dans une journ\u00e9e marqu\u00e9e par de jolies performances.<\/p>\n<p><strong>Jeff Erius<\/strong> a ouvert le bal avec une m\u00e9daille d\u2019or sur le 100 m, s\u2019imposant en 10,28 secondes malgr\u00e9 un vent contraire de -2,0 m\/s, offrant \u00e0 la France son premier titre de la comp\u00e9tition.<\/p>\n<p><strong>Erwan Konat\u00e9<\/strong> a \u00e9galement marqu\u00e9 les esprits en remportant l\u2019or au saut en longueur avec un bond impressionnant \u00e0 8,25 m (+1,7 m\/s), \u00e9tablissant un nouveau record de France espoirs et validant son billet pour les Mondiaux de Tokyo.<\/p>\n<p>Cl\u00e9mence Rougier a compl\u00e9t\u00e9 le tableau avec une m\u00e9daille d\u2019argent au triple saut, confirmant le dynamisme de l\u2019\u00e9quipe tricolore.<\/p>\n<p>Par ailleurs, Antoine Ferranti avait d\u00e9croch\u00e9 la veille, le 17 juillet, une m\u00e9daille de bronze au d\u00e9cathlon, lan\u00e7ant id\u00e9alement la campagne fran\u00e7aise.<\/p>\n<p>\u00a0<\/p>\n<p>A SUIVRE<\/p>\n<p><strong>Le saviez-vous ?<\/strong><br \/>&#13;<br \/>\nLe Championnat d\u2019Europe U23 a vu \u00e9clore dans le pass\u00e9 des stars comme Jakob Ingebrigtsen, Karsten Warholm ou M\u00e9lina Robert-Michon.<\/p>\n<p><img decoding=\"async\" alt=\"Athl\u00e8tes U23 \u00e0 Bergen\" src=\"https:\/\/www.europesays.com\/fr\/wp-content\/uploads\/2025\/07\/U23.jpg\"\/><\/p>\n","protected":false},"excerpt":{"rendered":"Une d\u00e9l\u00e9gation fran\u00e7aise ambitieuse La France sera repr\u00e9sent\u00e9e par une \u00e9quipe de 71 athl\u00e8tes (41 hommes et 30&hellip;\n","protected":false},"author":2,"featured_media":257461,"comment_status":"","ping_status":"","sticky":false,"template":"","format":"standard","meta":{"footnotes":""},"categories":[1586],"tags":[39753,11,39755,1442,4070,13413,39752,35807,1777,674,39754,1011,27,4567,39751,28262,10856,39750,12,471,3532,25,26666,3387,22486],"class_list":{"0":"post-257460","1":"post","2":"type-post","3":"status-publish","4":"format-standard","5":"has-post-thumbnail","7":"category-europe","8":"tag-100m","9":"tag-actualites","10":"tag-bergen","11":"tag-deja","12":"tag-deux","13":"tag-devant","14":"tag-erius","15":"tag-erwan","16":"tag-eu","17":"tag-europe","18":"tag-excellents","19":"tag-fr","20":"tag-france","21":"tag-grace","22":"tag-jeff","23":"tag-konate","24":"tag-lequipe","25":"tag-medailles","26":"tag-news","27":"tag-pour","28":"tag-public","29":"tag-republique-francaise","30":"tag-saut","31":"tag-tous","32":"tag-triple"},"share_on_mastodon":{"url":"https:\/\/pubeurope.com\/@fr\/114876702008503449","error":""},"_links":{"self":[{"href":"https:\/\/www.europesays.com\/fr\/wp-json\/wp\/v2\/posts\/257460","targetHints":{"allow":["GET"]}}],"collection":[{"href":"https:\/\/www.europesays.com\/fr\/wp-json\/wp\/v2\/posts"}],"about":[{"href":"https:\/\/www.europesays.com\/fr\/wp-json\/wp\/v2\/types\/post"}],"author":[{"embeddable":true,"href":"https:\/\/www.europesays.com\/fr\/wp-json\/wp\/v2\/users\/2"}],"replies":[{"embeddable":true,"href":"https:\/\/www.europesays.com\/fr\/wp-json\/wp\/v2\/comments?post=257460"}],"version-history":[{"count":0,"href":"https:\/\/www.europesays.com\/fr\/wp-json\/wp\/v2\/posts\/257460\/revisions"}],"wp:featuredmedia":[{"embeddable":true,"href":"https:\/\/www.europesays.com\/fr\/wp-json\/wp\/v2\/media\/257461"}],"wp:attachment":[{"href":"https:\/\/www.europesays.com\/fr\/wp-json\/wp\/v2\/media?parent=257460"}],"wp:term":[{"taxonomy":"category","embeddable":true,"href":"https:\/\/www.europesays.com\/fr\/wp-json\/wp\/v2\/categories?post=257460"},{"taxonomy":"post_tag","embeddable":true,"href":"https:\/\/www.europesays.com\/fr\/wp-json\/wp\/v2\/tags?post=257460"}],"curies":[{"name":"wp","href":"https:\/\/api.w.org\/{rel}","templated":true}]}}