{"id":25747,"date":"2025-04-15T02:56:23","date_gmt":"2025-04-15T02:56:23","guid":{"rendered":"https:\/\/www.europesays.com\/fr\/25747\/"},"modified":"2025-04-15T02:56:23","modified_gmt":"2025-04-15T02:56:23","slug":"emotions-yves-girouard-critique","status":"publish","type":"post","link":"https:\/\/www.europesays.com\/fr\/25747\/","title":{"rendered":"\u00c9motions &#8211; Yves Girouard &#8211; critique"},"content":{"rendered":"<p itemprop=\"about\"><strong>R\u00e9sum\u00e9 :<\/strong> Avec \u00c9motions, Yves Girouard nous livre un recueil sensible et vibrant, o\u00f9 chaque po\u00e8me est une porte entrouverte sur l\u2019intime. Des paysages marins battus par les vents aux souvenirs tendrement enfouis, en passant par l\u2019amour dans toutes ses nuances, l\u2019auteur capte avec justesse ce qui nous traverse et nous \u00e9chappe \u00e0 la fois.&#13;<br \/>\n&#13;<br \/>\nSa langue, \u00e0 la fois fluide et musicale, invite \u00e0 la lenteur, \u00e0 la contemplation. Elle r\u00e9conforte, questionne, apaise. Entre vers libres et clins d\u2019\u0153il aux grands ma\u00eetres de la po\u00e9sie, \u00c9motions est une ode \u00e0 la vie int\u00e9rieure, un miroir d\u00e9licat tendu \u00e0 chacun d\u2019entre nous.&#13;<br \/>\n&#13;<br \/>\nUn livre \u00e0 lire et \u00e0 relire, au gr\u00e9 des saisons et des \u00e9tats d\u2019\u00e2me. Un recueil \u00e0 garder pr\u00e8s de soi, comme un refuge.<\/p>\n<p><strong>Critique\u00a0:<\/strong> Dans ce recueil de po\u00e9sies, il ne s\u2019agit pas d\u2019une d\u00e9monstration de virtuosit\u00e9 formelle, mais d\u2019une qu\u00eate de sinc\u00e9rit\u00e9, d\u2019un d\u00e9pouillement de l\u2019\u00e9criture au profit de l\u2019\u00e9motion pure. Chaque po\u00e8me, dans sa simplicit\u00e9 ma\u00eetris\u00e9e, touche \u00e0 l\u2019universel. L\u2019auteur n\u2019impose rien\u00a0: il sugg\u00e8re, il \u00e9voque, et c\u2019est l\u00e0 que r\u00e9side toute la force de ce recueil. On entre dans ces vers comme on entre dans une pi\u00e8ce silencieuse, pleine d\u2019objets familiers\u00a0: une mer en furie, une vieille malle, une brume qui recouvre les collines, un amour qui palpite encore. Rien n\u2019est spectaculaire, et pourtant tout est bouleversant.<\/p>\n<p>Ce qui saisit, c\u2019est cette capacit\u00e9 \u00e0 faire r\u00e9sonner les grands th\u00e8mes de l\u2019existence, l\u2019amour, la m\u00e9moire, le deuil, la nature, la filiation sans jamais tomber dans le pathos ou le mani\u00e9risme. La langue de Yves Girouard, pr\u00e9cise et musicale, parvient \u00e0 \u00e9quilibrer gravit\u00e9 et l\u00e9g\u00e8ret\u00e9. L\u2019\u00e9motion na\u00eet d\u2019un mot, d\u2019un silence entre deux strophes, d\u2019un rythme qui \u00e9pouse le souffle. On sent chez lui l\u2019influence des grands po\u00e8tes romantiques, mais aussi une libert\u00e9 de ton qui l\u2019\u00e9loigne des canons classiques. Il y a dans son \u00e9criture une fluidit\u00e9 contemporaine, une mani\u00e8re de faire chanter la langue sans jamais en forcer l\u2019effet. Les images surgissent avec naturel, comme si elles avaient toujours \u00e9t\u00e9 l\u00e0, tapies dans le quotidien, pr\u00eates \u00e0 rena\u00eetre au fil de la lecture. Ce recueil s\u2019adresse \u00e0 ceux qui cherchent dans la po\u00e9sie non pas un exercice intellectuel, mais un miroir de leurs propres \u00e9motions. Il accueille le lecteur avec bienveillance, sans le brusquer. Que l\u2019on soit passionn\u00e9 de vers ou lecteur occasionnel, \u00c9motions offre une exp\u00e9rience rare\u00a0: celle de se reconna\u00eetre dans les mots d\u2019un autre. C\u2019est un ouvrage qu\u2019on n\u2019a pas besoin de lire d\u2019une traite. On peut y revenir, le feuilleter au gr\u00e9 des jours et des humeurs, y trouver \u00e0 chaque fois un \u00e9cho nouveau, une phrase qui apaise ou qui r\u00e9veille. Il est de ces livres discrets, mais profonds, que l\u2019on garde pr\u00e8s de soi comme un confident silencieux.<\/p>\n<p>En refermant \u00c9motions, on ne garde pas seulement en m\u00e9moire la beaut\u00e9 de ses po\u00e8mes. On emporte avec soi un souffle, une lumi\u00e8re, une voix. Celle d\u2019un po\u00e8te qui sait dire l\u2019indicible avec pudeur et intensit\u00e9. Yves Girouard signe ici un recueil d\u00e9licat et n\u00e9cessaire, \u00e0 la fois ancr\u00e9 dans la tradition po\u00e9tique fran\u00e7aise et ouvert aux sensibilit\u00e9s d\u2019aujourd\u2019hui. Un livre \u00e0 offrir, \u00e0 partager, \u00e0 garder longtemps.<\/p>\n","protected":false},"excerpt":{"rendered":"R\u00e9sum\u00e9 : Avec \u00c9motions, Yves Girouard nous livre un recueil sensible et vibrant, o\u00f9 chaque po\u00e8me est une&hellip;\n","protected":false},"author":2,"featured_media":25748,"comment_status":"","ping_status":"","sticky":false,"template":"","format":"standard","meta":{"footnotes":""},"categories":[1357],"tags":[9227,1379,9230,58,9226,59,1011,27,1380,9228,9229],"class_list":{"0":"post-25747","1":"post","2":"type-post","3":"status-publish","4":"format-standard","5":"has-post-thumbnail","7":"category-livres","8":"tag-5-etoiles","9":"tag-books","10":"tag-des-auteurs-des-livres","11":"tag-divertissement","12":"tag-emotions-yves-girouard-critique","13":"tag-entertainment","14":"tag-fr","15":"tag-france","16":"tag-livres","17":"tag-poesie","18":"tag-roman-poeme"},"share_on_mastodon":{"url":"https:\/\/pubeurope.com\/@fr\/114339734059381236","error":""},"_links":{"self":[{"href":"https:\/\/www.europesays.com\/fr\/wp-json\/wp\/v2\/posts\/25747","targetHints":{"allow":["GET"]}}],"collection":[{"href":"https:\/\/www.europesays.com\/fr\/wp-json\/wp\/v2\/posts"}],"about":[{"href":"https:\/\/www.europesays.com\/fr\/wp-json\/wp\/v2\/types\/post"}],"author":[{"embeddable":true,"href":"https:\/\/www.europesays.com\/fr\/wp-json\/wp\/v2\/users\/2"}],"replies":[{"embeddable":true,"href":"https:\/\/www.europesays.com\/fr\/wp-json\/wp\/v2\/comments?post=25747"}],"version-history":[{"count":0,"href":"https:\/\/www.europesays.com\/fr\/wp-json\/wp\/v2\/posts\/25747\/revisions"}],"wp:featuredmedia":[{"embeddable":true,"href":"https:\/\/www.europesays.com\/fr\/wp-json\/wp\/v2\/media\/25748"}],"wp:attachment":[{"href":"https:\/\/www.europesays.com\/fr\/wp-json\/wp\/v2\/media?parent=25747"}],"wp:term":[{"taxonomy":"category","embeddable":true,"href":"https:\/\/www.europesays.com\/fr\/wp-json\/wp\/v2\/categories?post=25747"},{"taxonomy":"post_tag","embeddable":true,"href":"https:\/\/www.europesays.com\/fr\/wp-json\/wp\/v2\/tags?post=25747"}],"curies":[{"name":"wp","href":"https:\/\/api.w.org\/{rel}","templated":true}]}}