{"id":257470,"date":"2025-07-18T23:01:13","date_gmt":"2025-07-18T23:01:13","guid":{"rendered":"https:\/\/www.europesays.com\/fr\/257470\/"},"modified":"2025-07-18T23:01:13","modified_gmt":"2025-07-18T23:01:13","slug":"la-victoire-ou-loubli-pour-son-dernier-test-match-contre-les-all-blacks-le-xv-de-france-a-loccasion-de-sauver-sa-tournee-lequipe","status":"publish","type":"post","link":"https:\/\/www.europesays.com\/fr\/257470\/","title":{"rendered":"La victoire ou l&#039;oubli : pour son dernier test-match contre les All-Blacks, le XV de France a l&#039;occasion de sauver sa tourn\u00e9e &#8211; L&#039;\u00c9quipe"},"content":{"rendered":"<ol>\n<li><a href=\"https:\/\/news.google.com\/rss\/articles\/CBMi-wFBVV95cUxNdWE5V1ByMGZacUgycWpWVElacXoteHhzQzUwbzVqbmJVMWlNVHczSXVjOFNnVnRvRm5lelFzUGZEV2FncnhFWnYtWVpZNWpkZW5EVUFGYVhxZEpKUG1JNTdCVkRDSVpBSzZmdjBEQzN5NWoxVUJUYnQzdEhGV29JeWV3anFTejF5cUV0aWRjMHAxMnpSN1hhVFpTamZCRVVYemhNZEg2WEVIQ2Mxcmt2YmNBcWhGWGVENktRc0wxT3ZDQUR5YXdJckZKWEdyVXNzUnh3aXhHSXpreXA1cVVLOE8zRGVPR2JvZzljTko4LVJPOWhRa29wVm5fSQ?oc=5\" target=\"_blank\" rel=\"nofollow noopener\">La victoire ou l&rsquo;oubli : pour son dernier test-match contre les All-Blacks, le XV de France a l&rsquo;occasion de sauver sa tourn\u00e9e<\/a>&nbsp;&nbsp;L&rsquo;\u00c9quipe<\/li>\n<li><a href=\"https:\/\/news.google.com\/rss\/articles\/CBMihAJBVV95cUxNaEszWjFqbUxvQ1d6QlRwVEVSRTU1TkJNYXFBdTNFUWhIRld2ZzUybHlhV2NLSnVaWHE0NVJkTWU2akkxODI1MEZxQndkZFRHTngzRklhTXI2TFVQX042amI1X2puQXRwVTJidlA3SjFUbmRDbFJuOHlBdUQ3Yng1UmRWVVVGaTBRMnVuUlhOSlZSSHdQNThNb09lV3NETWk4QTJiX1JLMTZWUHVSSnpwVXlvcGZhTkJ5MTktTEN3d21xdHlrSW9HTVQ3MXlzYXJHR0NNSExfR1ZfX0djR2VVa3dESW1QXzB4TUZvdHhyRGg4NmdWYTlhV2dxU1J2TjZmUUEwNw?oc=5\" target=\"_blank\" rel=\"nofollow noopener\">\u00c0 quelle heure et sur quelle cha\u00eene suivre le dernier match des Bleus face aux All Blacks ?<\/a>&nbsp;&nbsp;Rugbyrama<\/li>\n<li><a href=\"https:\/\/news.google.com\/rss\/articles\/CBMivgFBVV95cUxQODhSdThmTV9wREFBSFMtRGFZQnF0bjV0dTE2SnRScDFjLTR6aGI5c2ZtX2g5ajA1QXpiS3o0cHpHVlJXMnloSUZ6OGVPTDhXemxPaV9jMkFSbm1RMnRIQzFScGVkckRQdVhzU3BzT1hlNTFrNWVPYTBvY2pOMzZXUDVLWE5sbVh4YnVobjVpSHdBMVM5WnZqSFhvbG4zLUNmOVVBMXY5eWNQV0RtM3ZybHhUT2Z1bTh1bVRZdVRB?oc=5\" target=\"_blank\" rel=\"nofollow noopener\">XV de France : en Nouvelle-Z\u00e9lande, un dernier \u00abblack-out\u00bb \u00e0 \u00e9viter<\/a>&nbsp;&nbsp;Le Figaro<\/li>\n<li><a href=\"https:\/\/news.google.com\/rss\/articles\/CBMirgFBVV95cUxNeHQ4RmpqYWIyanRxeDBfeHRLaWhWbUt3Y0EzUFFXTnRJWGE4TE50dWRsaVM5UVdpd0NELUhuZW1zaWRpYUxLdmRuM1dyMDAxZ0ttLVBBU2E2OGhQRjNnWUZFNUFqX01hY0I1THJfbzliS1VORU5lWXZlV2lCMVJWaFQ2YTctYzJudjRYWWo2Qm9JeTJnMFFsVGp1ZDFYRHA0Yk8wMGFPSVZ0cmU5bkE?oc=5\" target=\"_blank\" rel=\"nofollow noopener\">Comment voir le test-match All Blacks &#8211; XV de France (cha\u00eene, horaire\u2026)<\/a>&nbsp;&nbsp;20 Minutes<\/li>\n<li><a href=\"https:\/\/news.google.com\/rss\/articles\/CBMi5wFBVV95cUxPSmxQdjBlLVkyekZENXUtekZDWWQ1cDVkOGpJelBVNHE1elp2WDVZakQ0Y0pfS2RyT3JNNnYwZW00d095RmRDY3cydUFWTGtweTVVNXE1YUZNNWZ2UjU1TWZ4Vl9hc2N2aXJfeHlSS1EzZjVMYkNtN0I1WjNKS1BkU0dNWXYwMU9OSGJxbFJfODV3dU8xbjVYYnFrT3NVTVRHLVFnTkFaQnZORkluT1NhS1FDQ19OWVo2dFE4Qm5GeE9xX2JreFc5QW92MHBYUlVVbFhOS0JtRFFSQ3ZfTGRSaEZFS2k0THc?oc=5\" target=\"_blank\" rel=\"nofollow noopener\">Nouvelle-Z\u00e9lande &#8211; France, troisi\u00e8me test : Leur \u00e9tape de transition, notre \u00e9tape reine<\/a>&nbsp;&nbsp;Eurosport<\/li>\n<\/ol>\n","protected":false},"excerpt":{"rendered":"La victoire ou l&rsquo;oubli : pour son dernier test-match contre les All-Blacks, le XV de France a l&rsquo;occasion&hellip;\n","protected":false},"author":2,"featured_media":1445,"comment_status":"","ping_status":"","sticky":false,"template":"","format":"standard","meta":{"footnotes":""},"categories":[1416],"tags":[1011,27,479,1468,60],"class_list":{"0":"post-257470","1":"post","2":"type-post","3":"status-publish","4":"format-standard","5":"has-post-thumbnail","7":"category-rugby","8":"tag-fr","9":"tag-france","10":"tag-rugby","11":"tag-rugby-football","12":"tag-sports"},"share_on_mastodon":{"url":"https:\/\/pubeurope.com\/@fr\/114876729458573128","error":""},"_links":{"self":[{"href":"https:\/\/www.europesays.com\/fr\/wp-json\/wp\/v2\/posts\/257470","targetHints":{"allow":["GET"]}}],"collection":[{"href":"https:\/\/www.europesays.com\/fr\/wp-json\/wp\/v2\/posts"}],"about":[{"href":"https:\/\/www.europesays.com\/fr\/wp-json\/wp\/v2\/types\/post"}],"author":[{"embeddable":true,"href":"https:\/\/www.europesays.com\/fr\/wp-json\/wp\/v2\/users\/2"}],"replies":[{"embeddable":true,"href":"https:\/\/www.europesays.com\/fr\/wp-json\/wp\/v2\/comments?post=257470"}],"version-history":[{"count":0,"href":"https:\/\/www.europesays.com\/fr\/wp-json\/wp\/v2\/posts\/257470\/revisions"}],"wp:featuredmedia":[{"embeddable":true,"href":"https:\/\/www.europesays.com\/fr\/wp-json\/wp\/v2\/media\/1445"}],"wp:attachment":[{"href":"https:\/\/www.europesays.com\/fr\/wp-json\/wp\/v2\/media?parent=257470"}],"wp:term":[{"taxonomy":"category","embeddable":true,"href":"https:\/\/www.europesays.com\/fr\/wp-json\/wp\/v2\/categories?post=257470"},{"taxonomy":"post_tag","embeddable":true,"href":"https:\/\/www.europesays.com\/fr\/wp-json\/wp\/v2\/tags?post=257470"}],"curies":[{"name":"wp","href":"https:\/\/api.w.org\/{rel}","templated":true}]}}