{"id":257471,"date":"2025-07-18T23:02:10","date_gmt":"2025-07-18T23:02:10","guid":{"rendered":"https:\/\/www.europesays.com\/fr\/257471\/"},"modified":"2025-07-18T23:02:10","modified_gmt":"2025-07-18T23:02:10","slug":"flavio-cobolli-met-fin-au-bref-retour-de-richard-gasquet-la-france-eliminee-de-la-hopman-cup-par-litalie-lequipe","status":"publish","type":"post","link":"https:\/\/www.europesays.com\/fr\/257471\/","title":{"rendered":"Flavio Cobolli met fin au bref retour de Richard Gasquet, la France \u00e9limin\u00e9e de la Hopman Cup par l&#039;Italie &#8211; L&#039;\u00c9quipe"},"content":{"rendered":"<ol>\n<li><a href=\"https:\/\/news.google.com\/rss\/articles\/CBMi6gFBVV95cUxQbEFVV016c2tUdXNYazFyMnlJV1d0Smc0bF9sTWtGN3pleXZfN0RHa19ZN0pqalM0b1hUenpXNHRDbUk3SDY2alJQdEF1OVo4TFhaMGstQlE5cG5iMXhuNTM0cUhkVHNkTDkzemJGSTI4TTRCTm5GRG9NLURyMy1GTlEzQ2lrZkNVMmg4RV9DVnE5cWowMDFfTDVpMlo4anZYYXBIQ0JYbnBkY1pGWGI3VDN2akwxZkVSaWlGanhnMmI2QTBkNkpTUnI3WVNtRGhVcEplRlVoczVTTHhXbnY4NktmdFpjd2JsS2c?oc=5\" target=\"_blank\" rel=\"nofollow noopener\">Flavio Cobolli met fin au bref retour de Richard Gasquet, la France \u00e9limin\u00e9e de la Hopman Cup par l&rsquo;Italie<\/a>&nbsp;&nbsp;L&rsquo;\u00c9quipe<\/li>\n<li><a href=\"https:\/\/news.google.com\/rss\/articles\/CBMivwFBVV95cUxPcU1oV3hkU2dSd283RjlPX0RrOXc5VlZfNF9zcWtLZmtqZzE3SzhlTTBxZ1Y5SWFYaGFkUUFtSGQxbnBZMUE5Ymo1d3R5MVpLQXFINnl3TERpR2FvblNrYzJ1SU03YUk4Zlk3VFh4dFl6YVkxNWNtVHBta0xXeVRoM29MMmJUZklBaWpPNWJxaEowOVpkSVFmTjMzQWNCVG9ZZExuQURsakx5LWN1UGZrbElqNWsyYWYxcDVEYm1UY9IBvgFBVV95cUxNbXZvcVlzcFFjNWZuM0lNZ2tzaHlmV3JaR1pmVXZiSV85ZExENlZPWGI4ZkNGYVVONDFpckNhRHhGdHhpcFFIckFjMERuU0xDc3VnNlV0b0NscmVUN1VUZkRRUkJqaDZuU2ZKcUFHUXpzTG9JbDRibHNObXlFYTlvRmJEVU5MdzFLVTktTTd4NHowbTZZNWw1UWtTZjNzODRNazc1OTZaRXRTVUxZbmVZWGpnV096OVdUeEFwQ2V3?oc=5\" target=\"_blank\" rel=\"nofollow noopener\">Hopman Cup : La France \u00e9limin\u00e9e, Gasquet de nouveau \u00e0 la retraite<\/a>&nbsp;&nbsp;Orange Actualit\u00e9s | Sports<\/li>\n<li><a href=\"https:\/\/news.google.com\/rss\/articles\/CBMivgFBVV95cUxQZHNBRE1RbWJxRnhOVm5qYVpxX0Z6ZWd6VW5wUmREZ1FZbTVzendQZ1FBYTRHOVZTREhYc1JhS0JHM084N1I2VkxHS2dvSnhFMldqa1l2YVYxc3NURzdBREVhaGQ0YjhKcldIUmtTT3IxMkp2Z1EtSGd4QnBmYzZ5b0plV1NPbUVOcVNLdzRWWEU4SVl5QV9kVWtsY3pXT2hrTWNFVURGaTc1cktZZ2ZJNU84aEpDcTFxbDJMVDRB?oc=5\" target=\"_blank\" rel=\"nofollow noopener\">Hopman Cup I Chlo\u00e9 Paquet s&rsquo;incline, la France men\u00e9e par la Croatie<\/a>&nbsp;&nbsp;Eurosport<\/li>\n<li><a href=\"https:\/\/news.google.com\/rss\/articles\/CBMirwFBVV95cUxQeUJ0LWt0RXpRQ0FqeGhNdHlVTEFua05mOWJnbmVBcEZZQmJJaHMzeGt6VjB3QzB4Zk5LWnQ2MUMzQXRsZFdzYkJMdkNUWXNFd0V2SlpONHB0MXllUl9PU0xkYmhNLTJ1dmRHclhnNWpPSTNYTjg3SGVqWExBQU1Ba21nX0hRbk1UMkNMQzdCYTZQQl9hLTA0TnRjMU96dHh6ZmM0U1RlNXpUY0xPM180?oc=5\" target=\"_blank\" rel=\"nofollow noopener\">Tennis : Gasquet et Paquet battus, la France \u00e9limin\u00e9e par l&rsquo;Italie en Hopman Cup<\/a>&nbsp;&nbsp;Le Figaro<\/li>\n<li><a href=\"https:\/\/news.google.com\/rss\/articles\/CBMiwAFBVV95cUxPeFlpMXRYYUlsZG8yUlFUYmF3RG15d0k5SGhZNVN5Q1Q0Vl9VN1lDdzdJR1VZVHRuNXhQaF9RY3hSQ0VKazQzOGVYaUJMUkQyYUE1WG9TZFQ4eUNkMTVHY3p4bjJXMUJiYUdSWUlWOHZaWVFuM2VLWHp6WHFZcjhwNkVCMFdsNEliS2hBQmdWbVpTVmt2MU53WnkyOVNLelNDNWtOLUdMVDdIb2t3Wi1mRnNYWGhXdnctRnhKSFJZRVY?oc=5\" target=\"_blank\" rel=\"nofollow noopener\">Tennis (Hopman Cup): m\u00eame \u00e0 la retraite, Gasquet gagne un match officiel<\/a>&nbsp;&nbsp;RMC Sport<\/li>\n<\/ol>\n","protected":false},"excerpt":{"rendered":"Flavio Cobolli met fin au bref retour de Richard Gasquet, la France \u00e9limin\u00e9e de la Hopman Cup par&hellip;\n","protected":false},"author":2,"featured_media":257472,"comment_status":"","ping_status":"","sticky":false,"template":"","format":"standard","meta":{"footnotes":""},"categories":[1415],"tags":[1011,27,60,1467],"class_list":{"0":"post-257471","1":"post","2":"type-post","3":"status-publish","4":"format-standard","5":"has-post-thumbnail","7":"category-tennis","8":"tag-fr","9":"tag-france","10":"tag-sports","11":"tag-tennis"},"share_on_mastodon":{"url":"https:\/\/pubeurope.com\/@fr\/114876733325459444","error":""},"_links":{"self":[{"href":"https:\/\/www.europesays.com\/fr\/wp-json\/wp\/v2\/posts\/257471","targetHints":{"allow":["GET"]}}],"collection":[{"href":"https:\/\/www.europesays.com\/fr\/wp-json\/wp\/v2\/posts"}],"about":[{"href":"https:\/\/www.europesays.com\/fr\/wp-json\/wp\/v2\/types\/post"}],"author":[{"embeddable":true,"href":"https:\/\/www.europesays.com\/fr\/wp-json\/wp\/v2\/users\/2"}],"replies":[{"embeddable":true,"href":"https:\/\/www.europesays.com\/fr\/wp-json\/wp\/v2\/comments?post=257471"}],"version-history":[{"count":0,"href":"https:\/\/www.europesays.com\/fr\/wp-json\/wp\/v2\/posts\/257471\/revisions"}],"wp:featuredmedia":[{"embeddable":true,"href":"https:\/\/www.europesays.com\/fr\/wp-json\/wp\/v2\/media\/257472"}],"wp:attachment":[{"href":"https:\/\/www.europesays.com\/fr\/wp-json\/wp\/v2\/media?parent=257471"}],"wp:term":[{"taxonomy":"category","embeddable":true,"href":"https:\/\/www.europesays.com\/fr\/wp-json\/wp\/v2\/categories?post=257471"},{"taxonomy":"post_tag","embeddable":true,"href":"https:\/\/www.europesays.com\/fr\/wp-json\/wp\/v2\/tags?post=257471"}],"curies":[{"name":"wp","href":"https:\/\/api.w.org\/{rel}","templated":true}]}}