{"id":257473,"date":"2025-07-18T23:04:09","date_gmt":"2025-07-18T23:04:09","guid":{"rendered":"https:\/\/www.europesays.com\/fr\/257473\/"},"modified":"2025-07-18T23:04:09","modified_gmt":"2025-07-18T23:04:09","slug":"m-marquez-intouchable-a-brno-bagnaia-en-q1","status":"publish","type":"post","link":"https:\/\/www.europesays.com\/fr\/257473\/","title":{"rendered":"M.M\u00e1rquez intouchable \u00e0 Brno, Bagnaia en Q1"},"content":{"rendered":"<p>                Les Fran\u00e7ais derri\u00e8re M.M\u00e1rquez<\/p>\n<p>Les acteurs de la cat\u00e9gorie reine \u00e9taient de retour en piste ce vendredi apr\u00e8s-midi \u00e0 Brno pour prendre part \u00e0 la Practice du Grand Prix Tissot de R\u00e9publique tch\u00e8que. Apr\u00e8s un d\u00e9but de s\u00e9ance sous le d\u00e9luge, la piste a s\u00e9ch\u00e9 progressivement jusqu&rsquo;\u00e0 atteindre un timing parfait pour les pneus pluie qui a permis \u00e0 Marc M\u00e1rquez (Ducati Lenovo Team) d&rsquo;aller signer un chrono en <strong>2&rsquo;03.935<\/strong>. Le pilote d&rsquo;usine Ducati s&rsquo;en sort une fois encore avec le meilleur temps et devance le sp\u00e9cialiste dans ces conditions\u00a0: Johann Zarco (LCR Honda). Le n\u00b05 pointe \u00e0 quatre dixi\u00e8mes du leader mais d\u00e9croche une formidable deuxi\u00e8me place devant son compatriote Fabio Quartararo (Monster Energy Yamaha MotoGP\u2122), lui aussi tr\u00e8s \u00e0 l&rsquo;aise cet apr\u00e8s-midi.<\/p>\n<p>Mart\u00edn dans le top 5<\/p>\n<p>Parti \u00e0 la faute pour la deuxi\u00e8me fois de la journ\u00e9e, Marco Bezzecchi (Aprilia Racing) d\u00e9croche tout de m\u00eame le quatri\u00e8me chrono de la s\u00e9ance et nous offre un top 4 avec autant de constructeurs diff\u00e9rents. Le n\u00b072 est suivi d&rsquo;un invit\u00e9 surprise puisque c&rsquo;est son co\u00e9quipier Jorge Mart\u00edn (Aprilia Racing) qui s&#8217;empare de la cinqui\u00e8me place. Plus de trois mois apr\u00e8s son dernier Grand Prix, le \u00ab\u00a0Martinator\u00a0\u00bb montre qu&rsquo;il n&rsquo;a rien perdu de son niveau et sera en Q2 demain apr\u00e8s-midi. D\u00e9j\u00e0 \u00e0 l&rsquo;avant ce matin, Jack Miller (Prima Pramac Yamaha) confirme avec une belle sixi\u00e8me position devant Joan Mir (Honda HRC Castrol). Pour son retour \u00e0 la comp\u00e9tition, Enea Bastianini (Red Bull KTM Tech3) est le meilleur pilote KTM de cette Practice avec le huiti\u00e8me chrono.<\/p>\n<p>A.M\u00e1rquez a eu chaud, Bagnaia sur le carreau<\/p>\n<p>L&rsquo;Italien devance un Alex M\u00e1rquez (BK8 Gresini Racing MotoGP\u2122) h\u00e9ro\u00efque qui arrache la neuvi\u00e8me place. Victime d&rsquo;une chute \u00e0 quelques minutes du drapeau \u00e0 damier, le n\u00b073 s&rsquo;est pr\u00e9cipit\u00e9 vers le paddock pour enfourcher sa seconde machine et tenter un dernier tour rapide. Malgr\u00e9 des conditions qui ne favorisent pas l&rsquo;am\u00e9lioration des chronos, il s&rsquo;offre le neuvi\u00e8me temps devant Pedro Acosta (Red Bull KTM Factory Racing), qui ferme la marche dans ce top 10. En revanche, tout ne s&rsquo;est pas aussi bien pass\u00e9 pour Francesco Bagnaia (Ducati Lenovo Team). Pass\u00e9 par le bac \u00e0 gravier en d\u00e9but de s\u00e9ance tout comme Pol Espargar\u00f3 (Red Bull KTM Factory Racing), l&rsquo;Italien semblait en grande difficult\u00e9 sur piste \u00ab\u00a0s\u00e9chante\u00a0\u00bb et se classe 13e. En Q1, il sera accompagn\u00e9 notamment de ses coll\u00e8gues de Ducati Ferm\u00edn Aldeguer (BK8 Gresini Racing MotoGP\u2122) et Fabio Di Giannantonio (Pertamina Enduro VR46 Racing Team), cr\u00e9dit\u00e9s respectivement des 12e et 16e temps.<\/p>\n<p>Les qualifications du MotoGP\u2122 \u00e0 Brno auront lieu samedi \u00e0 10h50.<\/p>\n<p>\n                                Jorge Martin, Aprilia Racing, Tissot Grand Prix of Czechia\n                        <\/p>\n<p>\n                                Marc Marquez, Francesco Bagnaia, Ducati Lenovo Team, Tissot Grand Prix of Czechia\n                        <\/p>\n<p>\n                                Marco Bezzecchi, Francesco Bagnaia, Tissot Grand Prix of Czechia\n                        <\/p>\n<p>\n                                Fabio Quartararo, Monster Energy Yamaha MotoGP\u2122 Team, Tissot Grand Prix of Czechia\n                        <\/p>\n<p>\n                                Pedro Acosta, Red Bull KTM Factory Racing, Tissot Grand Prix of Czechia\n                        <\/p>\n<p>\n                                Marc Marquez, Ducati Lenovo Team, Tissot Grand Prix of Czechia\n                        <\/p>\n<p>\n                                Marc Marquez, Marco Bezzecchi, Tissot Grand Prix of Czechia\n                        <\/p>\n<p>\n                                Jorge Martin, Aprilia Racing, Tissot Grand Prix of Czechia\n                        <\/p>\n<p>\n                                Marc Marquez, Ducati Lenovo Team, Tissot Grand Prix of Czechia\n                        <\/p>\n<p>\n                                Jorge Martin, Aprilia Racing, Tissot Grand Prix of Czechia\n                        <\/p>\n<p>\n                                Jorge Martin, Aprilia Racing, Tissot Grand Prix of Czechia\n                        <\/p>\n<p>\n                                Fabio Quartararo, Monster Energy Yamaha MotoGP\u2122 Team, Tissot Grand Prix of Czechia\n                        <\/p>\n<p>\n                                Jorge Martin, Aprilia Racing, Tissot Grand Prix of Czechia\n                        <\/p>\n<p>\n                                Augusto Fernandez, Yamaha Factory Racing Team, Tissot Grand Prix of Czechia\n                        <\/p>\n<p>\n                                Marc Marquez, Ducati Lenovo Team, Tissot Grand Prix of Czechia\n                        <\/p>\n<p>\n                                Marc Marquez, Ducati Lenovo Team, Tissot Grand Prix of Czechia\n                        <\/p>\n<p>\n                                Jorge Martin, Aprilia Racing, Tissot Grand Prix of Czechia\n                        <\/p>\n<p lang=\"fr-FR\">Cliquez <a href=\"https:\/\/www.motogp.com\/fr\/gp-results\/2025\/cze\/motogp\/pr\/classification\" rel=\"nofollow noopener\" target=\"_blank\">ici<\/a> pour acc\u00e9der aux r\u00e9sultats.<\/p>\n","protected":false},"excerpt":{"rendered":"Les Fran\u00e7ais derri\u00e8re M.M\u00e1rquez Les acteurs de la cat\u00e9gorie reine \u00e9taient de retour en piste ce vendredi apr\u00e8s-midi&hellip;\n","protected":false},"author":2,"featured_media":257474,"comment_status":"","ping_status":"","sticky":false,"template":"","format":"standard","meta":{"footnotes":""},"categories":[1413],"tags":[1011,27,1457,1456,60,2032],"class_list":{"0":"post-257473","1":"post","2":"type-post","3":"status-publish","4":"format-standard","5":"has-post-thumbnail","7":"category-moto","8":"tag-fr","9":"tag-france","10":"tag-moto","11":"tag-motocycle","12":"tag-sports","13":"tag-text"},"share_on_mastodon":{"url":"https:\/\/pubeurope.com\/@fr\/114876741284524318","error":""},"_links":{"self":[{"href":"https:\/\/www.europesays.com\/fr\/wp-json\/wp\/v2\/posts\/257473","targetHints":{"allow":["GET"]}}],"collection":[{"href":"https:\/\/www.europesays.com\/fr\/wp-json\/wp\/v2\/posts"}],"about":[{"href":"https:\/\/www.europesays.com\/fr\/wp-json\/wp\/v2\/types\/post"}],"author":[{"embeddable":true,"href":"https:\/\/www.europesays.com\/fr\/wp-json\/wp\/v2\/users\/2"}],"replies":[{"embeddable":true,"href":"https:\/\/www.europesays.com\/fr\/wp-json\/wp\/v2\/comments?post=257473"}],"version-history":[{"count":0,"href":"https:\/\/www.europesays.com\/fr\/wp-json\/wp\/v2\/posts\/257473\/revisions"}],"wp:featuredmedia":[{"embeddable":true,"href":"https:\/\/www.europesays.com\/fr\/wp-json\/wp\/v2\/media\/257474"}],"wp:attachment":[{"href":"https:\/\/www.europesays.com\/fr\/wp-json\/wp\/v2\/media?parent=257473"}],"wp:term":[{"taxonomy":"category","embeddable":true,"href":"https:\/\/www.europesays.com\/fr\/wp-json\/wp\/v2\/categories?post=257473"},{"taxonomy":"post_tag","embeddable":true,"href":"https:\/\/www.europesays.com\/fr\/wp-json\/wp\/v2\/tags?post=257473"}],"curies":[{"name":"wp","href":"https:\/\/api.w.org\/{rel}","templated":true}]}}