{"id":257477,"date":"2025-07-18T23:06:11","date_gmt":"2025-07-18T23:06:11","guid":{"rendered":"https:\/\/www.europesays.com\/fr\/257477\/"},"modified":"2025-07-18T23:06:11","modified_gmt":"2025-07-18T23:06:11","slug":"tdf-tour-de-france-wout-van-aert-critique-les-delais-de-la-13e-etape-decevant-2","status":"publish","type":"post","link":"https:\/\/www.europesays.com\/fr\/257477\/","title":{"rendered":"TDF. Tour de France &#8211; Wout Van Aert critique les d\u00e9lais de la 13e \u00e9tape : \u00abD\u00e9cevant\u00bb"},"content":{"rendered":"<p><strong>Tim Merlier <\/strong>(Soudal Quick-Step) n&rsquo;est pas pass\u00e9 loin du retour \u00e0 la maison ! Il ne restait en effet que 45 secondes au sprinteur belge pour en terminer s&rsquo;il voulait boucler la 13e \u00e9tape du <strong><a href=\"https:\/\/www.cyclismactu.net\/..\/news-tdf-route-tour-de-france-les-sprinteurs-peuvent-souffler-delais-rallonges-sur-chrono-89042.html\" target=\"_blank\" rel=\"nofollow noopener\">Tour de France<\/a><\/strong> dans les d\u00e9lais. Fort heureusement pour le champion d&rsquo;Europe, ces d\u00e9lais ont \u00e9t\u00e9 rallong\u00e9s 9 minutes avant le d\u00e9part du contre-la-montre, passant ainsi de 33 % du temps du vainqueur, \u00e0 45 %, ce qui n&rsquo;a pas \u00e9t\u00e9 salutaire uniquement pour <strong>Tim Merlier<\/strong>. En effet, <strong>Arnaud D\u00e9mare <\/strong>(Ark\u00e9a B&amp;B H\u00f4tels) ou encore <strong>Biniam Girmay <\/strong>(Intermarch\u00e9-Wanty) n&rsquo;auraient pas non plus pu rallier l&rsquo;arriv\u00e9e \u00e0 Peyragudes si les d\u00e9lais initiaux avaient \u00e9t\u00e9 conserv\u00e9s. Une d\u00e9cision qui n&rsquo;a pas du tout plu \u00e0 <strong><a href=\"https:\/\/www.cyclismactu.net\/..\/news-tour-de-france-route-wout-van-aert-van-der-poel-etait-un-petit-peu-plus-fort-88994.html\" target=\"_blank\" rel=\"nofollow noopener\">Wout Van Aert<\/a> <\/strong>(Team Visma | Lease a Bike) qui juge cela \u00ab\u00a0d\u00e9cevant\u00a0\u00bb.\u00a0<\/p>\n<p>Vid\u00e9o &#8211; La Visma butte encore sur Tadej Pogacar lors de la 13e \u00e9tape Lire la suite de l&rsquo;article&#13;<\/p>\n<p>\u00a0<\/p>\n<p>&#13;<br \/>\n\u00ab\u00a0il suffit de signer la feuille de d\u00e9part et tu peux prendre le d\u00e9part\u00a0\u00bb&#13;<\/p>\n<p>\u00ab\u00a0Le contre-la-montre fonctionnait comme \u00e7a depuis des mois, avec une limite de temps fix\u00e9e \u00e0 33 %. Et soudain, dix minutes avant le d\u00e9part, cette limite a \u00e9t\u00e9 port\u00e9e \u00e0 40 %. Je trouve \u00e7a vraiment d\u00e9cevant, d&rsquo;autant plus que les conditions n&rsquo;ont pas vraiment chang\u00e9\u00a0\u00bb\u00a0a-t-il expliqu\u00e9 \u00e0 nos confr\u00e8res de\u00a0Het Laatste Nieuws.\u00a0Mais <strong>Wout Van Aert <\/strong>a \u00e9galement \u00e9t\u00e9 rejoint par certains de ses co\u00e9quipiers de <strong>Visma | Lease a Bike<\/strong>, notamment <strong>Victor Campenaerts <\/strong>: \u00ab\u00a0Pourquoi l&rsquo;augmenter encore plus ? Apr\u00e8s tout, c&rsquo;est le Tour, le plus haut niveau cycliste. On finira par dire : \u00ab\u00a0Si tu n&rsquo;es pas \u00e9ligible au classement g\u00e9n\u00e9ral ou \u00e0 la victoire d&rsquo;\u00e9tape dans une telle course, il suffit de signer la feuille de d\u00e9part et tu peux prendre le d\u00e9part le lendemain.\u00a0\u00bb\u00a0\u00bb<\/p>\n<p>&#13;<\/p>\n<p>Cette d\u00e9cision a en tout cas fait un heureux, <strong>Tim Merlier<\/strong>, qui, gr\u00e2ce \u00e0 cela, va pouvoir poursuivre son <strong>Tour de France<\/strong>\u00a0: \u00ab\u00a0J&rsquo;ai eu une mauvaise journ\u00e9e et je n&rsquo;ai pas pu suivre mon plan de course.\u00a0J&rsquo;aurais peut-\u00eatre d\u00fb faire preuve d&rsquo;un peu plus de cran et essayer d&rsquo;aller plus vite. J&rsquo;esp\u00e8re vraiment que ce fut ma seule mauvaise journ\u00e9e\u00a0\u00bb<\/p>\n<p>Tour de France &#8211; Classement de la 13\u00e8 \u00e9tape Tour de France &#8211; Classement g\u00e9n\u00e9ral provisoire apr\u00e8s la 13\u00e8 \u00e9tape<\/p>\n","protected":false},"excerpt":{"rendered":"Tim Merlier (Soudal Quick-Step) n&rsquo;est pas pass\u00e9 loin du retour \u00e0 la maison ! Il ne restait en&hellip;\n","protected":false},"author":2,"featured_media":257237,"comment_status":"","ping_status":"","sticky":false,"template":"","format":"standard","meta":{"footnotes":""},"categories":[1411],"tags":[1154,207,211,1011,27,209,60,210,212,208,213],"class_list":{"0":"post-257477","1":"post","2":"type-post","3":"status-publish","4":"format-standard","5":"has-post-thumbnail","7":"category-cyclisme","8":"tag-cycling","9":"tag-cyclisme","10":"tag-ffc","11":"tag-fr","12":"tag-france","13":"tag-route","14":"tag-sports","15":"tag-tour-de-france","16":"tag-uci","17":"tag-velo","18":"tag-world-tour"},"share_on_mastodon":{"url":"https:\/\/pubeurope.com\/@fr\/114876749161054373","error":""},"_links":{"self":[{"href":"https:\/\/www.europesays.com\/fr\/wp-json\/wp\/v2\/posts\/257477","targetHints":{"allow":["GET"]}}],"collection":[{"href":"https:\/\/www.europesays.com\/fr\/wp-json\/wp\/v2\/posts"}],"about":[{"href":"https:\/\/www.europesays.com\/fr\/wp-json\/wp\/v2\/types\/post"}],"author":[{"embeddable":true,"href":"https:\/\/www.europesays.com\/fr\/wp-json\/wp\/v2\/users\/2"}],"replies":[{"embeddable":true,"href":"https:\/\/www.europesays.com\/fr\/wp-json\/wp\/v2\/comments?post=257477"}],"version-history":[{"count":0,"href":"https:\/\/www.europesays.com\/fr\/wp-json\/wp\/v2\/posts\/257477\/revisions"}],"wp:featuredmedia":[{"embeddable":true,"href":"https:\/\/www.europesays.com\/fr\/wp-json\/wp\/v2\/media\/257237"}],"wp:attachment":[{"href":"https:\/\/www.europesays.com\/fr\/wp-json\/wp\/v2\/media?parent=257477"}],"wp:term":[{"taxonomy":"category","embeddable":true,"href":"https:\/\/www.europesays.com\/fr\/wp-json\/wp\/v2\/categories?post=257477"},{"taxonomy":"post_tag","embeddable":true,"href":"https:\/\/www.europesays.com\/fr\/wp-json\/wp\/v2\/tags?post=257477"}],"curies":[{"name":"wp","href":"https:\/\/api.w.org\/{rel}","templated":true}]}}