{"id":257484,"date":"2025-07-18T23:11:36","date_gmt":"2025-07-18T23:11:36","guid":{"rendered":"https:\/\/www.europesays.com\/fr\/257484\/"},"modified":"2025-07-18T23:11:36","modified_gmt":"2025-07-18T23:11:36","slug":"cette-mauvaise-nouvelle-sur-la-saison-22-va-vous-ruiner-le-week-end","status":"publish","type":"post","link":"https:\/\/www.europesays.com\/fr\/257484\/","title":{"rendered":"Cette mauvaise nouvelle sur la saison 22 va vous ruiner le week-end"},"content":{"rendered":"<p>Alors que TF1 cl\u00f4turait le mercredi 26 juin 2025 la diffusion de la saison 21 de Grey&rsquo;s Anatomy, avec un suspense insoutenable, on vient enfin d&rsquo;apprendre une mauvaise nouvelle qui risque bien de vous ruiner le week-end. <\/p>\n<p>Un final en apoth\u00e9ose ! Le mercredi 26 juin 2025, TF1 diffusait les deux derniers \u00e9pisodes de <a href=\"https:\/\/www.programme-tv.net\/news\/series-tv\/377339-grey-s-anatomy-faut-il-regarder-la-saison-21-inedite-diffusee-a-partir-de-ce-mercredi-23-avril-2025-notre-avis\/\" data-api-deeplink=\"teleloisirs:\/\/news\/377339\" target=\"_blank\" rel=\"noopener\">la vingt-et-uni\u00e8me saison de Grey&rsquo;s Anatomy<\/a>.  Deux \u00e9pisodes tr\u00e9pidants puisque, alors que Meredith (<a href=\"https:\/\/www.programme-tv.net\/biographie\/8951-pompeo-ellen\/\" data-link-people=\"840e601e-3d2c-4d56-bd5d-17ca5faa9775\" target=\"_blank\" rel=\"noopener\">Ellen Pompeo<\/a>) d\u00e9cidait de vendre ses parts de l&rsquo;h\u00f4pital, et que Simone (Alexis Floyd) d\u00e9couvrait que l&rsquo;homme avec qui elle avait tromp\u00e9 Lucas (Niko Terho) n&rsquo;\u00e9tait autre qu&rsquo;un nouveau r\u00e9sident du Grey Sloan, une prise d&rsquo;otages avait lieu. Finalement, et apr\u00e8s de nombreux rebondissements,<a href=\"https:\/\/www.programme-tv.net\/news\/series-tv\/379069-grey-s-anatomy-qui-va-mourir-apres-l-explosion-dans-le-final-de-la-saison-21-la-production-repond-spoiler\/\" data-api-deeplink=\"teleloisirs:\/\/news\/379069\" target=\"_blank\" rel=\"noopener\"> l&rsquo;h\u00f4pital finissait par exploser<\/a>, laissant craindre pour la vie de nombreux de nos m\u00e9decins pr\u00e9f\u00e9r\u00e9s &#8211; dont Owen (<a href=\"https:\/\/www.programme-tv.net\/news\/evenement\/disney-plus-streaming\/381711-greys-anatomy-saison-21-qui-est-mort-dans-lexplosion-kevin-mckidd-owen-reagit-au-final-tragique\/\" data-api-deeplink=\"teleloisirs:\/\/news\/381711\" target=\"_blank\" rel=\"noopener\">Kevin Mc Kidd- qui a r\u00e9agi \u00e0 ce final<\/a>).<\/p>\n<p>Grey&rsquo;s Anatomy : On conna\u00eet enfin la date de la diffusion de la saison 22 !<\/p>\n<p>Si pour le moment, TF1 n&rsquo;a pas communiqu\u00e9 sur la date de diffusion de la suite des aventures de Bailey (<a href=\"https:\/\/www.programme-tv.net\/biographie\/26717-wilson-chandra\/\" data-link-people=\"adfb779f-c54a-4cce-846e-e2c817bb2faa\" target=\"_blank\" rel=\"noopener\">Chandra Wilson<\/a>), Meredith (Ellen Pompeo) ou encore Webber (<a href=\"https:\/\/www.programme-tv.net\/biographie\/231425-pickens-jr-james\/\" data-link-people=\"ef6c56e0-f0c0-44c5-858e-4c3e412b3a73\" target=\"_blank\" rel=\"noopener\">James Pickens Jr<\/a>), aux Etats-Unis, les fans de la s\u00e9rie m\u00e9dicale peuvent sabrer le champagne. En effet, sur le compte Instagram officiel de la s\u00e9rie, la production a ainsi diffus\u00e9 une vid\u00e9o, montrant \u00e0 nouveau l&rsquo;explosion qui cl\u00f4turait le dernier \u00e9pisode de la saison 21, et se finissant par une question  \u00ab\u00a0Who will survive ? Find out October 16\u00a0\u00bb (\u00ab\u00a0Qui va survivre? D\u00e9couvrez-le le 16 octobre !  en fran\u00e7ais ndlr\u00a0\u00bb). Il faudra donc attendre encore trois longs mois avant d&rsquo;en savoir plus &#8230;<\/p>\n<p>                        Grey&rsquo;s Anatomy : La s\u00e9rie sera-t-elle diffus\u00e9e \u00e0 nouveau en prime-time sur TF1 ?<\/p>\n<p>Diffus\u00e9e au printemps dernier, la saison 21 de Grey&rsquo;s Anatomy s&rsquo;\u00e9tait conclue le mercredi 26 juin 2025 devant seulement 1,99 millions de t\u00e9l\u00e9spectateurs de TF1. Ce score \u00e0 l&rsquo;image des autres de la salve permettra-t-il \u00e0 la s\u00e9rie m\u00e9dicale de revenir s&rsquo;installer en prime time le mercredi sur la premi\u00e8re cha\u00eene ?  Si la cha\u00eene priv\u00e9e suit sa programmation habituelle, elle devrait proposer la s\u00e9rie aux alentours du printemps prochain.<\/p>\n<blockquote class=\"instagram-media\" data-instgrm-captioned=\"\" data-instgrm-permalink=\"https:\/\/www.instagram.com\/reel\/DMOA_FQMBTj\/?utm_source=ig_embed&amp;utm_campaign=loading\" data-instgrm-version=\"14\" style=\" background:#FFF; border:0; border-radius:3px; box-shadow:0 0 1px 0 rgba(0,0,0,0.5),0 1px 10px 0 rgba(0,0,0,0.15); margin: 1px; max-width:658px; min-width:326px; padding:0; width:99.375%; width:-webkit-calc(100% - 2px); width:calc(100% - 2px);\"\/>\n<p>        <script async src=\"\/\/www.instagram.com\/embed.js\"><\/script><\/p>\n","protected":false},"excerpt":{"rendered":"Alors que TF1 cl\u00f4turait le mercredi 26 juin 2025 la diffusion de la saison 21 de Grey&rsquo;s Anatomy,&hellip;\n","protected":false},"author":2,"featured_media":257485,"comment_status":"","ping_status":"","sticky":false,"template":"","format":"standard","meta":{"footnotes":""},"categories":[1356],"tags":[244,10451,58,59,1011,27,6885,10450,129,252,199,1364],"class_list":{"0":"post-257484","1":"post","2":"type-post","3":"status-publish","4":"format-standard","5":"has-post-thumbnail","7":"category-television","8":"tag-commentaire","9":"tag-disney-plus","10":"tag-divertissement","11":"tag-entertainment","12":"tag-fr","13":"tag-france","14":"tag-greys-anatomy","15":"tag-pub-streaming-disney-plus","16":"tag-svod","17":"tag-television","18":"tag-tf1","19":"tag-tv"},"share_on_mastodon":{"url":"https:\/\/pubeurope.com\/@fr\/114876768740185074","error":""},"_links":{"self":[{"href":"https:\/\/www.europesays.com\/fr\/wp-json\/wp\/v2\/posts\/257484","targetHints":{"allow":["GET"]}}],"collection":[{"href":"https:\/\/www.europesays.com\/fr\/wp-json\/wp\/v2\/posts"}],"about":[{"href":"https:\/\/www.europesays.com\/fr\/wp-json\/wp\/v2\/types\/post"}],"author":[{"embeddable":true,"href":"https:\/\/www.europesays.com\/fr\/wp-json\/wp\/v2\/users\/2"}],"replies":[{"embeddable":true,"href":"https:\/\/www.europesays.com\/fr\/wp-json\/wp\/v2\/comments?post=257484"}],"version-history":[{"count":0,"href":"https:\/\/www.europesays.com\/fr\/wp-json\/wp\/v2\/posts\/257484\/revisions"}],"wp:featuredmedia":[{"embeddable":true,"href":"https:\/\/www.europesays.com\/fr\/wp-json\/wp\/v2\/media\/257485"}],"wp:attachment":[{"href":"https:\/\/www.europesays.com\/fr\/wp-json\/wp\/v2\/media?parent=257484"}],"wp:term":[{"taxonomy":"category","embeddable":true,"href":"https:\/\/www.europesays.com\/fr\/wp-json\/wp\/v2\/categories?post=257484"},{"taxonomy":"post_tag","embeddable":true,"href":"https:\/\/www.europesays.com\/fr\/wp-json\/wp\/v2\/tags?post=257484"}],"curies":[{"name":"wp","href":"https:\/\/api.w.org\/{rel}","templated":true}]}}