{"id":25749,"date":"2025-04-15T02:57:18","date_gmt":"2025-04-15T02:57:18","guid":{"rendered":"https:\/\/www.europesays.com\/fr\/25749\/"},"modified":"2025-04-15T02:57:18","modified_gmt":"2025-04-15T02:57:18","slug":"la-poitevine-kilonga-continue-laventure-a-the-voice","status":"publish","type":"post","link":"https:\/\/www.europesays.com\/fr\/25749\/","title":{"rendered":"la Poitevine Kilonga continue l\u2019aventure \u00e0 The Voice"},"content":{"rendered":"<p>Un mois apr\u00e8s les auditions \u00e0 l\u2019aveugle, Kilonga a de nouveau perform\u00e9 dans la nouvelle \u00e9preuve des groupes de l\u2019\u00e9mission The Voice, diffus\u00e9e samedi 12\u00a0avril 2025 sur TF1. En confrontation avec trois autres chanteuses, la Poitevine a \u00e9t\u00e9 s\u00e9lectionn\u00e9e, comme sa partenaire Miya, par son coach, Vianney. La jeune femme, qui poursuit donc l\u2019aventure dans <a title=\"The Voice : Au bout du suspens, Kilonga qualifi\u00e9e\" target=\"_self\" href=\"https:\/\/www.lanouvellerepublique.fr\/poitiers\/the-voice-au-bout-du-suspens-kilonga-qualifiee-1744488909\" rel=\"noopener\">l\u2019\u00e9mission de t\u00e9l\u00e9-crochet<\/a>, revient sur ce passage.<\/p>\n<p class=\"interview\">Quelle r\u00e9action apr\u00e8s votre qualification\u00a0?<\/p>\n<p><strong>Kilonga\u00a0:<\/strong> \u00ab\u00a0Au d\u00e9part, j\u2019y allais vraiment sans calculer. Le fait d\u2019avoir pass\u00e9 les auditions \u00e0 l\u2019aveugle, puis l\u2019\u00e9preuve des groupes, o\u00f9 l\u2019on passe de seize \u00e0 six, je suis trop fi\u00e8re. C\u2019est d\u00e9j\u00e0 beaucoup, c\u2019est d\u00e9j\u00e0 \u00e9norme.\u00a0\u00bb<\/p>\n<p class=\"interview\">Avez-vous une pression particuli\u00e8re avant cette nouvelle \u00e9preuve des groupes\u00a0?<\/p>\n<p><strong>Kilonga\u00a0: <\/strong>\u00ab\u00a0On avait une double pression. La premi\u00e8re, c\u2019est qu\u2019on est quatre, on doit chanter, diviser le morceau et trouver sa place. Ce n\u2019est pas \u00e9vident. La deuxi\u00e8me, c\u2019est que les gens ne connaissent pas du tout cette \u00e9preuve. M\u00eame nous, on n\u2019avait pas de r\u00e9f\u00e9rence par rapport aux anciennes saisons, on ne savait pas du tout ce que cela pouvait donner. Un peu de pression donc, mais c\u2019\u00e9tait tr\u00e8s moteur, tr\u00e8s motivant.\u00a0\u00bb<\/p>\n<\/p>\n<p class=\"interview\">D\u2019autant plus que la chanson \u00ab\u00a0Alibi\u00a0\u00bb, de Sevdaliza, que vous avez interpr\u00e9t\u00e9e, \u00e9tait tr\u00e8s technique\u2026<\/p>\n<p>\u00ab\u00a0C\u2019\u00e9tait une chanson vraiment compliqu\u00e9e, car il y a quatre langues\u00a0: fran\u00e7ais, anglais, portugais et espagnol. Ce n\u2019\u00e9tait pas \u00e9vident car notre timbre a tendance \u00e0 changer quand on change de langue. Et il fallait que chacune trouve sa place.\u00a0\u00bb<\/p>\n<p class=\"interview\">Votre coach, Vianney, vous a donn\u00e9 des sueurs froides\u2026<\/p>\n<p>\u00ab\u00a0C\u2019\u00e9tait un peu les montagnes russes. Quand Vianney parlait de Miya et qu\u2019il reconnaissait le travail qu\u2019elle avait fourni, \u00e7a se voit que j\u2019acquiesce. C\u2019\u00e9tait normal et m\u00e9rit\u00e9 qu\u2019elle soit l\u00e0. J\u2019\u00e9tais trop contente que ma copine passe et je ne pensais pas tout de suite \u00e0 moi. Et quand il dit que ce n\u2019est pas tout. Je me suis dit\u00a0: \u00ab\u00a0Ah bon\u00a0?\u00a0\u00bb Et quand il prononce mon nom, je suis forc\u00e9ment trop contente. Pour moi, c\u2019\u00e9tait fini et en fait, non. Il a fait durer le suspense et c\u2019est \u00e7a qui est chouette aussi.\u00a0\u00bb<\/p>\n<p class=\"interview\">Comment allez-vous pr\u00e9parer l\u2019\u00e9preuve des battles\u00a0?<\/p>\n<p>\u00ab\u00a0C\u2019est Vianney qui choisira les duos et on aura un morceau sur lequel on devra performer et interpr\u00e9ter du mieux possible.\u00a0\u00bb<\/p>\n","protected":false},"excerpt":{"rendered":"Un mois apr\u00e8s les auditions \u00e0 l\u2019aveugle, Kilonga a de nouveau perform\u00e9 dans la nouvelle \u00e9preuve des groupes&hellip;\n","protected":false},"author":2,"featured_media":25750,"comment_status":"","ping_status":"","sticky":false,"template":"","format":"standard","meta":{"footnotes":""},"categories":[1356],"tags":[1392,1695,58,59,1011,27,500,1653,252,1364,1584],"class_list":{"0":"post-25749","1":"post","2":"type-post","3":"status-publish","4":"format-standard","5":"has-post-thumbnail","7":"category-television","8":"tag-a-la-une-local","9":"tag-chanson","10":"tag-divertissement","11":"tag-entertainment","12":"tag-fr","13":"tag-france","14":"tag-medias","15":"tag-poitiers","16":"tag-television","17":"tag-tv","18":"tag-vienne"},"share_on_mastodon":{"url":"https:\/\/pubeurope.com\/@fr\/114339737952860075","error":""},"_links":{"self":[{"href":"https:\/\/www.europesays.com\/fr\/wp-json\/wp\/v2\/posts\/25749","targetHints":{"allow":["GET"]}}],"collection":[{"href":"https:\/\/www.europesays.com\/fr\/wp-json\/wp\/v2\/posts"}],"about":[{"href":"https:\/\/www.europesays.com\/fr\/wp-json\/wp\/v2\/types\/post"}],"author":[{"embeddable":true,"href":"https:\/\/www.europesays.com\/fr\/wp-json\/wp\/v2\/users\/2"}],"replies":[{"embeddable":true,"href":"https:\/\/www.europesays.com\/fr\/wp-json\/wp\/v2\/comments?post=25749"}],"version-history":[{"count":0,"href":"https:\/\/www.europesays.com\/fr\/wp-json\/wp\/v2\/posts\/25749\/revisions"}],"wp:featuredmedia":[{"embeddable":true,"href":"https:\/\/www.europesays.com\/fr\/wp-json\/wp\/v2\/media\/25750"}],"wp:attachment":[{"href":"https:\/\/www.europesays.com\/fr\/wp-json\/wp\/v2\/media?parent=25749"}],"wp:term":[{"taxonomy":"category","embeddable":true,"href":"https:\/\/www.europesays.com\/fr\/wp-json\/wp\/v2\/categories?post=25749"},{"taxonomy":"post_tag","embeddable":true,"href":"https:\/\/www.europesays.com\/fr\/wp-json\/wp\/v2\/tags?post=25749"}],"curies":[{"name":"wp","href":"https:\/\/api.w.org\/{rel}","templated":true}]}}