{"id":257490,"date":"2025-07-18T23:15:15","date_gmt":"2025-07-18T23:15:15","guid":{"rendered":"https:\/\/www.europesays.com\/fr\/257490\/"},"modified":"2025-07-18T23:15:15","modified_gmt":"2025-07-18T23:15:15","slug":"vous-risquez-de-mal-vieillir-et-de-devenir-plus-fragile","status":"publish","type":"post","link":"https:\/\/www.europesays.com\/fr\/257490\/","title":{"rendered":"\u00ab Vous risquez de mal vieillir et de devenir plus fragile \u00bb"},"content":{"rendered":"<p>&#13;<br \/>\n\t\t\t&#13;<br \/>\n\t\t\t\t&#13;<\/p>\n<ol class=\"col-12 d-flex justify-content-start align-items-start mb-2 p-0 tdn-breadcrumb\" itemscope=\"\" itemtype=\"https:\/\/schema.org\/BreadcrumbList\" style=\"list-style-type: none; font-size: 16px;\">&#13;<br \/>\n&#13;<\/p>\n<li itemprop=\"itemListElement\" itemscope=\"\" itemtype=\"https:\/\/schema.org\/ListItem\" class=\"mr-1 d-flex align-items-center\">&#13;<br \/>\n\t\t<a itemprop=\"item\" class=\"text-grey d-flex align-items-center\" href=\"https:\/\/www.letribunaldunet.fr\" rel=\"nofollow noopener\" target=\"_blank\">&#13;<br \/>\n\t\t\t<img loading=\"lazy\" decoding=\"async\" src=\"https:\/\/www.letribunaldunet.fr\/wp-content\/themes\/letribunaldunet\/img\/icon-home-grey.svg\" alt=\"\" width=\"24\" height=\"24\"\/>&#13;<br \/>\n\t\t\tTDN &gt;&#13;<br \/>\n\t\t<\/a>&#13;<br \/>\n\t\t&#13;\n\t<\/li>\n<p>&#13;<br \/>\n&#13;<\/p>\n<li itemprop=\"itemListElement\" itemscope=\"\" itemtype=\"https:\/\/schema.org\/ListItem\" class=\"mr-1 d-flex align-items-center\">&#13;<br \/>\n\t\t\t\t\t<a itemprop=\"item\" class=\"text-grey d-flex align-items-center\" href=\"https:\/\/www.letribunaldunet.fr\/sante\" rel=\"nofollow noopener\" target=\"_blank\">&#13;<br \/>\n\t\t\t\t\t\tSant\u00e9&#13;<br \/>\n\t\t\t\t\t<\/a>&#13;<br \/>\n\t\t\t\t\t&#13;\n\t\t\t\t<\/li>\n<p>&#13;<br \/>\n\t\t\t&#13;<br \/>\n\t&#13;\n<\/ol>\n<p>&#13;<br \/>\n\t\t\t\t&#13;<br \/>\n&#13;<br \/>\n\t\t\t\t\t\t\t\t&#13;<br \/>\n\t\t\t\t\t&#13;<br \/>\n&#13;<br \/>\n\t\t\t\t\t&#13;<br \/>\n&#13;<br \/>\n&#13;<br \/>\n&#13;<br \/>\n\t\t\t\t&#13;<\/p>\n<p>Le cardio et l\u2019activit\u00e9 douce, c\u2019est bien, mais un autre aspect au-del\u00e0 de marcher devient de plus en plus essentiel pour bien traverser les ann\u00e9es.<\/p>\n<p>La suite apr\u00e8s cette publicit\u00e9<\/p>\n<p><img fetchpriority=\"high\" decoding=\"async\" width=\"762\" height=\"509\" src=\"data:image\/svg+xml,%3Csvg%20xmlns=\" http:=\"\" alt=\"Homme en train de marcher\" data-lazy- data-lazy- data-lazy-src=\"https:\/\/www.europesays.com\/fr\/wp-content\/uploads\/2025\/07\/uti4w_qypnc-762x509.jpg\"\/><\/p>\n<p>La suite apr\u00e8s cette vid\u00e9o<\/p>\n<p>M\u00eame si marcher reste tr\u00e8s importante, ce n\u2019est pas la seule chose qui compte pour bien <a href=\"https:\/\/www.letribunaldunet.fr\/sante\/3-millions-francais-prennent-medicament-ferait-vieillir-plus-vite-%f0%9f%a7%93%e2%9a%a0%ef%b8%8f.html\" rel=\"nofollow noopener\" target=\"_blank\">vieillir<\/a>. Surtout \u00e0 un certain \u00e2ge, quand marcher est devenu notre seule activit\u00e9, il est imp\u00e9ratif d\u2019ajouter un type sp\u00e9cifique d\u2019activit\u00e9 physique. <\/p>\n<p>La suite apr\u00e8s cette publicit\u00e9<\/p>\n<p>Soyons clairs : bouger, peu importe la forme ou la dur\u00e9e, vaut toujours mieux que rester assis toute la journ\u00e9e. Cela dit, plus on est actif dans les limites de ses capacit\u00e9s, mieux on se porte, aussi bien physiquement que mentalement. Une cardiologue alerte : apr\u00e8s 40 ans, marcher ne suffit plus. Et elle explique pourquoi.<\/p>\n<p>Marcher apr\u00e8s 40 ans ne suffit plus : pourquoi ?<\/p>\n<p>\u00ab Si tu ne fais que marcher, tu passes \u00e0 c\u00f4t\u00e9 de l\u2019essentiel. C\u2019est un bon d\u00e9but, mais \u00e7a ne pr\u00e9vient pas ce qui te rend vraiment vuln\u00e9rable : <strong>la perte de masse musculaire<\/strong>. D\u00e8s 40 ans, on peut perdre jusqu\u2019\u00e0 1 % de masse musculaire chaque ann\u00e9e. \u00bb, explique Magdalena Perell\u00f3, <a href=\"https:\/\/www.letribunaldunet.fr\/sante\/cardiologue-explique-comment-dormir-pour-sommeil-parfait-eviter-ronflements-maux-dos-reflux.html\" rel=\"nofollow noopener\" target=\"_blank\">cardiologue<\/a> et \u00e9ducatrice en sant\u00e9.<\/p>\n<p>La suite apr\u00e8s cette publicit\u00e9<\/p>\n<p><img loading=\"lazy\" decoding=\"async\" width=\"762\" height=\"508\" src=\"data:image\/svg+xml,%3Csvg%20xmlns=\" http:=\"\" alt=\"femme \u00e2g\u00e9e \u00e0 la salle de sport\" data-lazy- data-lazy- data-lazy-src=\"https:\/\/www.europesays.com\/fr\/wp-content\/uploads\/2025\/07\/dhhcdjmcn_i-762x508.jpg\"\/><\/p>\n<p>\u00ab Tu sais ce qui se passe quand on a moins de muscles ? Le risque d\u2019infarctus, de diab\u00e8te, de chutes et de mort pr\u00e9matur\u00e9e augmente. Les muscles sont notre meilleure m\u00e9decine. Ils produisent des substances comme les myokines, aux effets anti-inflammatoires, cardioprotecteurs et neuroprotecteurs. Peu de choses prolongent la vie autant. Bouge-toi, m\u00eame \u00e0 40, 60 ou 80 ans \u00bb, conclut-elle.<\/p>\n<p>L\u2019importance de la musculation apr\u00e8s 40 ans<\/p>\n<p>La suite apr\u00e8s cette publicit\u00e9<\/p>\n<p>Et elle a raison : de nombreuses \u00e9tudes confirment l\u2019int\u00e9r\u00eat de ce type d\u2019entra\u00eenement. Une m\u00e9ta-analyse publi\u00e9e dans le British Journal of Sports Medicine conclut qu\u2019<strong>entre 30 et 60 minutes<\/strong> d\u2019activit\u00e9s de r<strong>enforcement musculaire<\/strong> par semaine sont associ\u00e9es \u00e0 une r\u00e9duction de <strong>10 \u00e0 20 %<\/strong> du risque de mortalit\u00e9 toutes causes confondues, ainsi que des risques de maladies cardiovasculaires, de diab\u00e8te et de <a href=\"https:\/\/www.letribunaldunet.fr\/sante\/parents-pensent-douleur-jambe-croissance-medecins-annoncent-cancer-rare.html\" rel=\"nofollow noopener\" target=\"_blank\">cancer<\/a>.<\/p>\n<p><img loading=\"lazy\" decoding=\"async\" width=\"762\" height=\"508\" src=\"data:image\/svg+xml,%3Csvg%20xmlns=\" http:=\"\" alt=\"Homme \u00e2g\u00e9 musculation\" data-lazy- data-lazy- data-lazy-src=\"https:\/\/www.europesays.com\/fr\/wp-content\/uploads\/2025\/07\/tqtwbykzqne-762x508.jpg\"\/><\/p>\n<p>Mais voil\u00e0 le point essentiel : marcher \u00e0 40 ans ne suffit effectivement pas. Et si l\u2019on regarde de plus pr\u00e8s les \u00e9tudes scientifiques, la musculation augmente bien l\u2019<strong>esp\u00e9rance de vie<\/strong>, mais combin\u00e9e \u00e0 une activit\u00e9 cardio, les b\u00e9n\u00e9fices sont encore plus importants.<\/p>\n<p>La suite apr\u00e8s cette publicit\u00e9<\/p>\n<p>Alors si vous ne faites pas encore de renforcement <a href=\"https:\/\/www.letribunaldunet.fr\/faits-divers\/femme-abandonne-travail-consacre-musculation-transforme-vie.html\" rel=\"nofollow noopener\" target=\"_blank\">musculaire<\/a>, c\u2019est le bon moment pour vous y mettre. Et si vous marchez, nagez ou courez d\u00e9j\u00e0, surtout, ne vous arr\u00eatez pas. Pour vivre plus longtemps et en meilleure sant\u00e9, <strong>combinez<\/strong> les deux types d\u2019exercice.<\/p>\n<p>&#13;<br \/>\n\t\t\t\t&#13;<br \/>\n\t\t\t\t\t\t\t&#13;<\/p>\n","protected":false},"excerpt":{"rendered":"&#13; &#13; &#13; &#13; &#13; &#13; &#13; &#13; TDN &gt;&#13; &#13; &#13; &#13; &#13; &#13; &#13; Sant\u00e9&#13; &#13;&hellip;\n","protected":false},"author":2,"featured_media":257491,"comment_status":"","ping_status":"","sticky":false,"template":"","format":"standard","meta":{"footnotes":""},"categories":[10],"tags":[1011,27,72,71],"class_list":{"0":"post-257490","1":"post","2":"type-post","3":"status-publish","4":"format-standard","5":"has-post-thumbnail","7":"category-sante","8":"tag-fr","9":"tag-france","10":"tag-health","11":"tag-sante"},"share_on_mastodon":{"url":"","error":""},"_links":{"self":[{"href":"https:\/\/www.europesays.com\/fr\/wp-json\/wp\/v2\/posts\/257490","targetHints":{"allow":["GET"]}}],"collection":[{"href":"https:\/\/www.europesays.com\/fr\/wp-json\/wp\/v2\/posts"}],"about":[{"href":"https:\/\/www.europesays.com\/fr\/wp-json\/wp\/v2\/types\/post"}],"author":[{"embeddable":true,"href":"https:\/\/www.europesays.com\/fr\/wp-json\/wp\/v2\/users\/2"}],"replies":[{"embeddable":true,"href":"https:\/\/www.europesays.com\/fr\/wp-json\/wp\/v2\/comments?post=257490"}],"version-history":[{"count":0,"href":"https:\/\/www.europesays.com\/fr\/wp-json\/wp\/v2\/posts\/257490\/revisions"}],"wp:featuredmedia":[{"embeddable":true,"href":"https:\/\/www.europesays.com\/fr\/wp-json\/wp\/v2\/media\/257491"}],"wp:attachment":[{"href":"https:\/\/www.europesays.com\/fr\/wp-json\/wp\/v2\/media?parent=257490"}],"wp:term":[{"taxonomy":"category","embeddable":true,"href":"https:\/\/www.europesays.com\/fr\/wp-json\/wp\/v2\/categories?post=257490"},{"taxonomy":"post_tag","embeddable":true,"href":"https:\/\/www.europesays.com\/fr\/wp-json\/wp\/v2\/tags?post=257490"}],"curies":[{"name":"wp","href":"https:\/\/api.w.org\/{rel}","templated":true}]}}