{"id":257502,"date":"2025-07-18T23:21:11","date_gmt":"2025-07-18T23:21:11","guid":{"rendered":"https:\/\/www.europesays.com\/fr\/257502\/"},"modified":"2025-07-18T23:21:11","modified_gmt":"2025-07-18T23:21:11","slug":"dermatose-des-bovins-letat-demarre-la-vaccination-de-285-000-bovins-actualites","status":"publish","type":"post","link":"https:\/\/www.europesays.com\/fr\/257502\/","title":{"rendered":"Dermatose des bovins: l&rsquo;Etat d\u00e9marre la vaccination de 285.000 bovins : Actualit\u00e9s"},"content":{"rendered":"<p class=\"lead \">La France d\u00e9bute cette fin de semaine la vaccination de pr\u00e8s de 285.000 bovins pour stopper la propagation de la dermatose nodulaire contagieuse (DNC) dans les Alpes, a annonc\u00e9 le minist\u00e8re de l&rsquo;Agriculture, de premi\u00e8res op\u00e9rations ayant eu lieu d\u00e8s vendredi selon la pr\u00e9fecture de Savoie.<\/p>\n<p class=\"lead \">\u00ab\u00a0Le maximum de doses disponibles\u00a0\u00bb a \u00e9t\u00e9 command\u00e9 aupr\u00e8s de la banque de vaccins de l&rsquo;Union europ\u00e9enne afin de faire face \u00e0 l&rsquo;\u00e9pizootie et ils sont \u00ab\u00a0en cours de distribution\u00a0\u00bb, a indiqu\u00e9 le minist\u00e8re dans un communiqu\u00e9. <\/p>\n<p class=\"lead \">Ces doses de vaccins, prises en charge par l&rsquo;Etat, permettront de vacciner des bovins dans des rayons de 50 kilom\u00e8tres autour des foyers d\u00e9clar\u00e9s, dans quatre d\u00e9partements: la Savoie, la Haute-Savoie, l&rsquo;Ain et l&rsquo;Is\u00e8re.<\/p>\n<p class=\"lead \">La campagne de vaccination doit d\u00e9buter dans un p\u00e9rim\u00e8tre situ\u00e9 \u00e0 20 kilom\u00e8tres autour des foyers (zone de protection), en direction du centre de cette zone de protection pour limiter l&rsquo;extension de la maladie, mais aussi en direction de l&rsquo;ext\u00e9rieur de cette zone pour un \u00ab\u00a0effet barri\u00e8re\u00a0\u00bb, selon le minist\u00e8re.<\/p>\n<p class=\"lead \">\u00ab\u00a0Les premi\u00e8res op\u00e9rations de vaccination ont d\u00e9marr\u00e9 d\u00e8s cet apr\u00e8s-midi (vendredi, ndlr) et se poursuivront ce week-end\u00a0\u00bb, a pr\u00e9cis\u00e9 la pr\u00e9fecture de Savoie dans un communiqu\u00e9 s\u00e9par\u00e9.<\/p>\n<p class=\"lead \">Lors d&rsquo;une r\u00e9union organis\u00e9e par la pr\u00e9f\u00e8te vendredi, les syndicats agricoles pr\u00e9sents \u2013 FDSEA, Jeunes Agriculteurs et Coordination Rurale \u2013 \u00ab\u00a0ont r\u00e9affirm\u00e9 leur soutien plein et entier \u00e0 cette campagne vaccinale\u00a0\u00bb. <\/p>\n<p class=\"lead \">\u00ab\u00a0Conscients de l&rsquo;inqui\u00e9tude exprim\u00e9e par de nombreux v\u00e9t\u00e9rinaires suite \u00e0 l&rsquo;agression de deux d&rsquo;entre eux cette semaine, les repr\u00e9sentants professionnels se sont engag\u00e9s \u00e0 garantir des conditions d&rsquo;accueil s\u00fbres et apais\u00e9es lors des interventions dans les exploitations\u00a0\u00bb, a ajout\u00e9 la pr\u00e9fecture.<\/p>\n<p class=\"lead \">Une deuxi\u00e8me ligne de vaccination des \u00e9levages situ\u00e9s \u00e0 proximit\u00e9 des foyers doit \u00e9galement \u00eatre engag\u00e9e. La campagne \u00ab\u00a0s&rsquo;amplifiera d\u00e8s le d\u00e9but de la semaine prochaine\u00a0\u00bb, a indiqu\u00e9 le minist\u00e8re.<\/p>\n<p class=\"lead \">Apr\u00e8s l&rsquo;apparition d&rsquo;un premier cas en Italie, le 20 juin en Sardaigne, un premier cas de dermatose nodulaire en France a \u00e9t\u00e9 d\u00e9tect\u00e9 le 29 juin \u00e0 Entrelacs, en Savoie. Cette maladie virale conduit \u00e0 \u00ab\u00a0des pertes de production importantes\u00a0\u00bb qui peuvent aller \u00ab\u00a0jusqu&rsquo;\u00e0 la mort d&rsquo;une partie du cheptel infect\u00e9\u00a0\u00bb, selon le minist\u00e8re.<\/p>\n<p class=\"lead \">Depuis, la propagation a \u00e9t\u00e9 rapide: au 16 juillet, 26 foyers avaient \u00e9t\u00e9 d\u00e9tect\u00e9s dans deux d\u00e9partements, la Savoie et la Haute-Savoie, selon le site du minist\u00e8re.<\/p>\n<p class=\"lead \">Le minist\u00e8re de l&rsquo;Agriculture avait annonc\u00e9 mercredi que la d\u00e9tection d&rsquo;un cas de DNC dans un \u00e9levage de bovins entra\u00eenerait l&rsquo;abattage total des animaux dans le foyer d&rsquo;infection et une campagne de vaccination obligatoire dans la zone autour. <\/p>\n<p class=\"lead \">L&rsquo;Etat doit indemniser les propri\u00e9taires d&rsquo;animaux euthanasi\u00e9s et prendra en charge l&rsquo;\u00e9limination des carcasses en cas d&rsquo;abattage de bovins, selon un arr\u00eat\u00e9 publi\u00e9 au Journal officiel vendredi.<\/p>\n<p class=\"lead \">La Conf\u00e9d\u00e9ration paysanne, 3e syndicat de la profession, a r\u00e9affirm\u00e9 jeudi son \u00ab\u00a0opposition aux abattages totaux des troupeaux d\u00e8s la premi\u00e8re analyse positive \u00e0 la DNC\u00a0\u00bb. Plusieurs de ses membres se relaient dans deux fermes pour faire barrage aux abattages.<\/p>\n<p class=\"small font-weight-bold text-gray3 \"> publi\u00e9 le 18 juillet \u00e0 22h58, AFP<\/p>\n<p>                             Partager<\/p>\n","protected":false},"excerpt":{"rendered":"La France d\u00e9bute cette fin de semaine la vaccination de pr\u00e8s de 285.000 bovins pour stopper la propagation&hellip;\n","protected":false},"author":2,"featured_media":257503,"comment_status":"","ping_status":"","sticky":false,"template":"","format":"standard","meta":{"footnotes":""},"categories":[4],"tags":[39758,11,327,1867,1011,27,418,12,25,585],"class_list":{"0":"post-257502","1":"post","2":"type-post","3":"status-publish","4":"format-standard","5":"has-post-thumbnail","7":"category-france","8":"tag-levage","9":"tag-actualites","10":"tag-agriculture","11":"tag-animaux","12":"tag-fr","13":"tag-france","14":"tag-gouvernement","15":"tag-news","16":"tag-republique-francaise","17":"tag-sant"},"share_on_mastodon":{"url":"https:\/\/pubeurope.com\/@fr\/114876808125150826","error":""},"_links":{"self":[{"href":"https:\/\/www.europesays.com\/fr\/wp-json\/wp\/v2\/posts\/257502","targetHints":{"allow":["GET"]}}],"collection":[{"href":"https:\/\/www.europesays.com\/fr\/wp-json\/wp\/v2\/posts"}],"about":[{"href":"https:\/\/www.europesays.com\/fr\/wp-json\/wp\/v2\/types\/post"}],"author":[{"embeddable":true,"href":"https:\/\/www.europesays.com\/fr\/wp-json\/wp\/v2\/users\/2"}],"replies":[{"embeddable":true,"href":"https:\/\/www.europesays.com\/fr\/wp-json\/wp\/v2\/comments?post=257502"}],"version-history":[{"count":0,"href":"https:\/\/www.europesays.com\/fr\/wp-json\/wp\/v2\/posts\/257502\/revisions"}],"wp:featuredmedia":[{"embeddable":true,"href":"https:\/\/www.europesays.com\/fr\/wp-json\/wp\/v2\/media\/257503"}],"wp:attachment":[{"href":"https:\/\/www.europesays.com\/fr\/wp-json\/wp\/v2\/media?parent=257502"}],"wp:term":[{"taxonomy":"category","embeddable":true,"href":"https:\/\/www.europesays.com\/fr\/wp-json\/wp\/v2\/categories?post=257502"},{"taxonomy":"post_tag","embeddable":true,"href":"https:\/\/www.europesays.com\/fr\/wp-json\/wp\/v2\/tags?post=257502"}],"curies":[{"name":"wp","href":"https:\/\/api.w.org\/{rel}","templated":true}]}}