{"id":257507,"date":"2025-07-18T23:24:15","date_gmt":"2025-07-18T23:24:15","guid":{"rendered":"https:\/\/www.europesays.com\/fr\/257507\/"},"modified":"2025-07-18T23:24:15","modified_gmt":"2025-07-18T23:24:15","slug":"asse-le-maillot-exterieur-blanc-sort-de-lombre","status":"publish","type":"post","link":"https:\/\/www.europesays.com\/fr\/257507\/","title":{"rendered":"ASSE : LE MAILLOT EXT\u00c9RIEUR BLANC SORT DE L&rsquo;OMBRE"},"content":{"rendered":"<p>                <a href=\"https:\/\/cadenceradio.fr\" target=\"_blank\" aria-label=\"Banni\u00e8re Cadence 2025\" rel=\"nofollow noopener\"><img loading=\"lazy\" decoding=\"async\" src=\"https:\/\/www.europesays.com\/fr\/wp-content\/uploads\/2025\/07\/Banniere-Cadence-2025-scaled.jpg\" alt=\"\"   width=\"2560\" height=\"738\"\/><\/a><\/p>\n<p>Apr\u00e8s avoir pr\u00e9sent\u00e9 le maillot domicile lors d\u2019un \u00e9v\u00e9nement sp\u00e9cial \u00e0 la Cit\u00e9 du Design, l\u2019AS Saint-\u00c9tienne compl\u00e8te sa garde-robe 2025-2026 avec cette tunique ext\u00e9rieure d\u00e9voil\u00e9e vendredi midi. Cette strat\u00e9gie de communication \u00e9chelonn\u00e9e maintient l\u2019attention des supporters sur les nouveaut\u00e9s vestimentaires du club.<\/p>\n<p>Sans surprise, la couleur blanche s\u2019impose \u00e0 nouveau pour les matchs \u00e0 l\u2019ext\u00e9rieur, respectant la tradition chromatique st\u00e9phanoise. Cette teinte neutre permet d\u2019\u00e9viter les conflits avec les couleurs adverses tout en conservant l\u2019identit\u00e9 visuelle du club du Forez.<\/p>\n<p><img loading=\"lazy\" decoding=\"async\" width=\"620\" height=\"413\" src=\"https:\/\/www.europesays.com\/fr\/wp-content\/uploads\/2025\/07\/ASSE-maillot-1-620x413-1.jpg\" alt=\"\" class=\"wp-image-57642\"\/><\/p>\n<p><strong>\u00c9volutions subtiles mais remarquables<\/strong><\/p>\n<p>Le design reprend les grandes lignes de la saison pr\u00e9c\u00e9dente avec quelques retouches esth\u00e9tiques. Le col arrondi a \u00e9t\u00e9 l\u00e9g\u00e8rement repens\u00e9 pour un rendu plus moderne, tandis que l\u2019ajout de vert au bout des manches apporte une touche distinctive rappelant les couleurs embl\u00e9matiques du club.<\/p>\n<p>Le timing de cette pr\u00e9sentation n\u2019est pas anodin : la tunique sera \u00e9tren\u00e9e d\u00e8s vendredi soir lors du match amical contre le Servette Gen\u00e8ve. Cette premi\u00e8re apparition officielle permettra aux supporters de d\u00e9couvrir le rendu sur le terrain et d\u2019\u00e9valuer l\u2019harmonie entre esth\u00e9tique et performance.<\/p>\n<p>Face au club genevois, les St\u00e9phanois pourront tester leur nouvelle tenue dans des conditions de match, derni\u00e8re \u00e9tape avant les \u00e9ch\u00e9ances officielles de la saison. Cette rencontre amicale rev\u00eat une dimension particuli\u00e8re en servant de vitrine pour les nouveaut\u00e9s vestimentaires du club.<\/p>\n","protected":false},"excerpt":{"rendered":"Apr\u00e8s avoir pr\u00e9sent\u00e9 le maillot domicile lors d\u2019un \u00e9v\u00e9nement sp\u00e9cial \u00e0 la Cit\u00e9 du Design, l\u2019AS Saint-\u00c9tienne compl\u00e8te&hellip;\n","protected":false},"author":2,"featured_media":257508,"comment_status":"","ping_status":"","sticky":false,"template":"","format":"standard","meta":{"footnotes":""},"categories":[9653],"tags":[1111,11,461,2430,1777,674,1011,27,3367,12,25,4001],"class_list":{"0":"post-257507","1":"post","2":"type-post","3":"status-publish","4":"format-standard","5":"has-post-thumbnail","7":"category-saint-etienne","8":"tag-actu","9":"tag-actualites","10":"tag-asse","11":"tag-auvergne-rhone-alpes","12":"tag-eu","13":"tag-europe","14":"tag-fr","15":"tag-france","16":"tag-loire","17":"tag-news","18":"tag-republique-francaise","19":"tag-saint-etienne"},"share_on_mastodon":{"url":"https:\/\/pubeurope.com\/@fr\/114876820027948174","error":""},"_links":{"self":[{"href":"https:\/\/www.europesays.com\/fr\/wp-json\/wp\/v2\/posts\/257507","targetHints":{"allow":["GET"]}}],"collection":[{"href":"https:\/\/www.europesays.com\/fr\/wp-json\/wp\/v2\/posts"}],"about":[{"href":"https:\/\/www.europesays.com\/fr\/wp-json\/wp\/v2\/types\/post"}],"author":[{"embeddable":true,"href":"https:\/\/www.europesays.com\/fr\/wp-json\/wp\/v2\/users\/2"}],"replies":[{"embeddable":true,"href":"https:\/\/www.europesays.com\/fr\/wp-json\/wp\/v2\/comments?post=257507"}],"version-history":[{"count":0,"href":"https:\/\/www.europesays.com\/fr\/wp-json\/wp\/v2\/posts\/257507\/revisions"}],"wp:featuredmedia":[{"embeddable":true,"href":"https:\/\/www.europesays.com\/fr\/wp-json\/wp\/v2\/media\/257508"}],"wp:attachment":[{"href":"https:\/\/www.europesays.com\/fr\/wp-json\/wp\/v2\/media?parent=257507"}],"wp:term":[{"taxonomy":"category","embeddable":true,"href":"https:\/\/www.europesays.com\/fr\/wp-json\/wp\/v2\/categories?post=257507"},{"taxonomy":"post_tag","embeddable":true,"href":"https:\/\/www.europesays.com\/fr\/wp-json\/wp\/v2\/tags?post=257507"}],"curies":[{"name":"wp","href":"https:\/\/api.w.org\/{rel}","templated":true}]}}