{"id":25755,"date":"2025-04-15T03:07:09","date_gmt":"2025-04-15T03:07:09","guid":{"rendered":"https:\/\/www.europesays.com\/fr\/25755\/"},"modified":"2025-04-15T03:07:09","modified_gmt":"2025-04-15T03:07:09","slug":"bertrand-cantat-cette-decision-sans-appel-qui-satisfera-les-proches-de-marie-trintignant","status":"publish","type":"post","link":"https:\/\/www.europesays.com\/fr\/25755\/","title":{"rendered":"Bertrand Cantat : cette d\u00e9cision sans appel qui satisfera les proches de Marie Trintignant"},"content":{"rendered":"<p>25 ans apr\u00e8s la mort de Marie Trintignant battue \u00e0 mort <a href=\"https:\/\/www.closermag.fr\/people\/bertrand-cantat-ces-deux-temoignages-dans-le-documentaire-netflix-qui-ne-passent-pas-3536464\" target=\"_blank\" rel=\"noopener\"><br \/>\npar Bertrand Cantat,<\/a> ce f\u00e9minicide revient sur le devant de la<br \/>\nsc\u00e8ne dans la s\u00e9rie documentaire De rockstar au tueur : Le cas<br \/>\nCantat. Si on peut y voir de nombreuses personnalit\u00e9s<br \/>\nt\u00e9moigner, \u00e0 l\u2019image de Lio, pour les membres, hors de question de<br \/>\nt\u00e9moigner : \u00ab\u00a0Ils voulaient faire un doc soci\u00e9tal avec deux<br \/>\ntiers de fait divers et un tiers de musique. \u00c0 charge.<br \/>\n<strong>Alors on leur a dit non.<\/strong> Et personne autour de<br \/>\nnous ne leur parlera. C\u2019est une famille, Noir D\u00e9sir\u00a0\u00bb, a<br \/>\nindiqu\u00e9 Denis Barthe, le batteur du groupe, pour nos confr\u00e8res du<br \/>\nParisien.<\/p>\n<p>Mais voil\u00e0 qu\u2019une d\u00e9cision radicale a aussi \u00e9t\u00e9 prise par la<br \/>\nstation de radio <strong>Vibration<\/strong>. En effet,<br \/>\nsuite au documentaire, plus aucun titre de <a href=\"https:\/\/www.closermag.fr\/people\/marie-trintignant-une-excuse-pour-son-meurtre-laffaire-bertrand-cantat-fait-enfin-bondir-3536396\" target=\"_blank\" rel=\"noopener\"><br \/>\nBertrand Cantat<\/a> ni du groupe Noir D\u00e9sir ne sera diffus\u00e9.<\/p>\n<p>Une station de radio prend une d\u00e9cision quant \u00e0 la diffusion<br \/>\ndes morceaux de Bertrand Cantat et de Noir D\u00e9sir<\/p>\n<p>En effet, dans un article intitul\u00e9\u00a0 \u00ab\u00a0Pourquoi nous<br \/>\nrefusons de diffuser Bertrand Cantat\u00a0\u00bb, les programmateurs de<br \/>\nla radio bas\u00e9e dans la r\u00e9gion Centre se sont alors pos\u00e9 des<br \/>\ninterrogations au sujet de la diffusion de ces chansons.<\/p>\n<p>On peut y lire : \u00ab\u00a0Peut-on encore s\u00e9parer l\u2019homme de<br \/>\nl\u2019artiste ? Doit-on continuer \u00e0 \u00e9couter &lsquo;Le vent nous portera&rsquo; ?<br \/>\nDoit-on encore acheter ses albums ? Ignorer la gravit\u00e9 de ses actes<br \/>\nau nom de l\u2019art, ne serait-ce pas perp\u00e9tuer la culture du silence<br \/>\n<strong>autour des violences conjugales ?<\/strong> Eux ont fait<br \/>\nleur choix en \u00e2me et conscience en expliquant que la qualit\u00e9 des<br \/>\nchansons compos\u00e9es et \u00e9crites par le rockeur ne suffisaient pas \u00e0<br \/>\nomettre sa <a href=\"https:\/\/www.closermag.fr\/people\/bertrand-cantat-le-juge-qui-la-libere-petri-de-remords-pas-tout-a-fait-mais-ca-y-ressemble-je-me-dis-que-3536501\" target=\"_blank\" rel=\"noopener\"><br \/>\nresponsabilit\u00e9 dans ce f\u00e9minicide\u201d.\u00a0<\/a><\/p>\n<p>Bertrand Cantat va-t-il un jour faire<br \/>\nson retour sur la sc\u00e8ne musicale ?<\/p>\n<p>Ainsi, il n&rsquo;est plus envisageable de proposer aux auditeurs des<br \/>\nmorceaux du mythique groupe : \u00ab\u00a0Aucune m\u00e9lodie, aucun texte,<br \/>\naussi beaux soient-ils, ne sauraient le justifier. C\u2019est pourquoi,<br \/>\nsur notre antenne, nous faisons le choix <strong>de ne pas diffuser<br \/>\nNoir D\u00e9sir et Bertrand Cantat\u00a0\u00bb,<\/strong> est-il indiqu\u00e9 dans<br \/>\nce communiqu\u00e9.<\/p>\n<p>\u00c2g\u00e9 de 61 ans, Bertrand Cantat vit aujourd\u2019hui dans le<br \/>\nsud-ouest. Le chanteur esp\u00e8rerait faire un jour son retour sur<br \/>\nsc\u00e8ne. Un r\u00eave qui est bien loin de faire l\u2019unanimit\u00e9.<\/p>\n","protected":false},"excerpt":{"rendered":"25 ans apr\u00e8s la mort de Marie Trintignant battue \u00e0 mort par Bertrand Cantat, ce f\u00e9minicide revient sur&hellip;\n","protected":false},"author":2,"featured_media":25756,"comment_status":"","ping_status":"","sticky":false,"template":"","format":"standard","meta":{"footnotes":""},"categories":[8],"tags":[548,456,58,59,1011,27,8634],"class_list":{"0":"post-25755","1":"post","2":"type-post","3":"status-publish","4":"format-standard","5":"has-post-thumbnail","7":"category-divertissement","8":"tag-article-simple","9":"tag-bertrand-cantat","10":"tag-divertissement","11":"tag-entertainment","12":"tag-fr","13":"tag-france","14":"tag-marie-trintignant"},"share_on_mastodon":{"url":"https:\/\/pubeurope.com\/@fr\/114339777415111442","error":""},"_links":{"self":[{"href":"https:\/\/www.europesays.com\/fr\/wp-json\/wp\/v2\/posts\/25755","targetHints":{"allow":["GET"]}}],"collection":[{"href":"https:\/\/www.europesays.com\/fr\/wp-json\/wp\/v2\/posts"}],"about":[{"href":"https:\/\/www.europesays.com\/fr\/wp-json\/wp\/v2\/types\/post"}],"author":[{"embeddable":true,"href":"https:\/\/www.europesays.com\/fr\/wp-json\/wp\/v2\/users\/2"}],"replies":[{"embeddable":true,"href":"https:\/\/www.europesays.com\/fr\/wp-json\/wp\/v2\/comments?post=25755"}],"version-history":[{"count":0,"href":"https:\/\/www.europesays.com\/fr\/wp-json\/wp\/v2\/posts\/25755\/revisions"}],"wp:featuredmedia":[{"embeddable":true,"href":"https:\/\/www.europesays.com\/fr\/wp-json\/wp\/v2\/media\/25756"}],"wp:attachment":[{"href":"https:\/\/www.europesays.com\/fr\/wp-json\/wp\/v2\/media?parent=25755"}],"wp:term":[{"taxonomy":"category","embeddable":true,"href":"https:\/\/www.europesays.com\/fr\/wp-json\/wp\/v2\/categories?post=25755"},{"taxonomy":"post_tag","embeddable":true,"href":"https:\/\/www.europesays.com\/fr\/wp-json\/wp\/v2\/tags?post=25755"}],"curies":[{"name":"wp","href":"https:\/\/api.w.org\/{rel}","templated":true}]}}