{"id":257606,"date":"2025-07-19T00:25:12","date_gmt":"2025-07-19T00:25:12","guid":{"rendered":"https:\/\/www.europesays.com\/fr\/257606\/"},"modified":"2025-07-19T00:25:12","modified_gmt":"2025-07-19T00:25:12","slug":"loms-recommande-un-nouveau-traitement-preventif-sous-cutane-contre-le-vih-rts-ch","status":"publish","type":"post","link":"https:\/\/www.europesays.com\/fr\/257606\/","title":{"rendered":"L&rsquo;OMS recommande un nouveau traitement pr\u00e9ventif sous-cutan\u00e9 contre le VIH &#8211; rts.ch"},"content":{"rendered":"<p>L&rsquo;Organisation mondiale de la sant\u00e9 recommande d\u00e9sormais l&rsquo;utilisation du L\u00e9nacapavir, un traitement pr\u00e9ventif contre le VIH. Administr\u00e9 sous la peau, ce m\u00e9dicament repr\u00e9sente une avanc\u00e9e prometteuse dans la lutte contre la transmission du virus.<\/p>\n<p>Dans <a href=\"https:\/\/www.who.int\/news\/item\/14-07-2025-who-recommends-injectable-lenacapavir-for-hiv-prevention\" class=\"inline-link\" data-item-id=\"richtext_link\" target=\"_blank\" rel=\"noopener\">un communiqu\u00e9 de presse<\/a>, l\u2019OMS\u00a0qualifie le\u00a0L\u00e9nacapavir\u00a0\u00ab\u00a0d&rsquo;\u00e9tape cruciale\u00a0\u00bb dans la pr\u00e9vention du VIH. Il s\u2019agit du\u00a0premier traitement pr\u00e9ventif injectable \u00e0 action prolong\u00e9e administr\u00e9 seulement deux fois par an.<\/p>\n<p>\u00ab\u00a0Pour la premi\u00e8re fois, nous avons un instrument qui peut changer le cours de l&rsquo;\u00e9pid\u00e9mie de VIH\u00a0\u00bb, a affirm\u00e9 Peter Sands, directeur ex\u00e9cutif du Fonds mondial de lutte contre le sida, la tuberculose et le paludisme\u00a0(Global Fund). L&rsquo;annonce a \u00e9t\u00e9 faite jeudi \u00e0 Kigali, au Rwanda, lors de la cl\u00f4ture de la 13e Conf\u00e9rence de la Soci\u00e9t\u00e9 internationale sur le sida.<\/p>\n<p>Un nouveau cap dans la pr\u00e9vention<\/p>\n<p>\u00ab\u00a0Ce n&rsquo;est pas qu&rsquo;une avanc\u00e9e m\u00e9dicale, mais aussi une avanc\u00e9e politique\u00a0\u00bb, explique dans l&rsquo;\u00e9mission Forum de la RTS Alexandra Calmy, responsable de l\u2019unit\u00e9 VIH\/sida aux H\u00f4pitaux universitaires de Gen\u00e8ve (HUG). Car cette reconnaissance officielle par l\u2019OMS ouvre la porte \u00e0 des accords n\u00e9goci\u00e9s, \u00e0 la fois avec \u00ab\u00a0le fabricant et avec des producteurs de g\u00e9n\u00e9riques qui pourront d\u00e9sormais le fabriquer\u00a0\u00bb, ajoute-t-elle.<\/p>\n<p>Le L\u00e9nacapavir fait partie de ce qu\u2019on appelle la\u00a0PrEP, ou prophylaxie pr\u00e9-exposition. Il s\u2019agit d\u2019un traitement destin\u00e9 aux personnes s\u00e9ron\u00e9gatives mais expos\u00e9es \u00e0 un risque d\u2019infection par le VIH. En Suisse, la PrEP se prend aujourd\u2019hui sous forme de comprim\u00e9s quotidiens. Le L\u00e9nacapavir, lui, est une version injectable \u00e0 action prolong\u00e9e, qui ne n\u00e9cessiterait qu\u2019une injection tous les six mois.<\/p>\n<p>Pour Alexandra Calmy, le nouveau traitement repr\u00e9sente une avanc\u00e9e majeure: \u00ab\u00a0Ce n\u2019est pas un vaccin, mais c\u2019est en tout cas la solution la plus proche d\u2019un vaccin que l\u2019on n&rsquo;ait jamais eue.\u00a0\u00bb<\/p>\n<p>Le vaccin, un horizon encore \u00e0 atteindre<\/p>\n<p>Puisque le L\u00e9nacapavir agit comme une\u00a0barri\u00e8re chimique\u00a0et non comme un\u00a0stimulant du syst\u00e8me immunitaire, sa protection est moins durable. C\u2019est pourquoi, selon Alexandra Calmy,\u00a0\u00ab\u00a0cela vaut la peine de poursuivre la recherche: un vaccin ce n&rsquo;est pas la m\u00eame chose\u00a0\u00bb.<\/p>\n<p>\u00ab\u00a0Le vaccin, lui, pourrait avoir un impact en sant\u00e9 publique plus durable et plus large. Une fois administr\u00e9, il prot\u00e8ge pendant plusieurs ann\u00e9es. Il n\u2019est donc plus n\u00e9cessaire de chercher en permanence les personnes \u00e0 risque pour leur proposer un traitement\u00a0\u00bb, pr\u00e9cise-t-elle.<\/p>\n<p>Un traitement prometteur, mais \u00e0 quel prix?<\/p>\n<p>Alexandra Calmy appelle la Suisse, ainsi que les pays les plus touch\u00e9s par le VIH, \u00e0 n\u00e9gocier l\u2019acc\u00e8s au L\u00e9nacapavir. Non pas parce que la mol\u00e9cule est plus puissante, mais parce qu\u2019elle r\u00e9duit le risque d\u2019oubli. Une injection tous les six mois suffit, l\u00e0 o\u00f9 la PrEP orale impose une prise quotidienne. \u00ab\u00a0On la prend deux fois par an et ensuite on n\u2019a plus \u00e0 s\u2019en soucier\u00a0\u00bb, souligne la scientifique.<\/p>\n<p>Le prix du nouveau traitement, le L\u00e9nacapavir, soul\u00e8vera n\u00e9anmoins plusieurs questions. Aux Etats-Unis, son co\u00fbt s\u2019\u00e9l\u00e8ve \u00e0\u00a028\u2019000 dollars par an et par patient, un montant qui contraste fortement avec celui de la PrEP orale actuellement disponible en Suisse, qui revient \u00e0\u00a0environ 70 francs par mois.<\/p>\n<p class=\"sources\">Propos recueillis par Mehmet Gultas et Julien Bangerter<\/p>\n<p class=\"credit\">Adaptation web: Miroslav Mares<\/p>\n","protected":false},"excerpt":{"rendered":"L&rsquo;Organisation mondiale de la sant\u00e9 recommande d\u00e9sormais l&rsquo;utilisation du L\u00e9nacapavir, un traitement pr\u00e9ventif contre le VIH. Administr\u00e9 sous&hellip;\n","protected":false},"author":2,"featured_media":257607,"comment_status":"","ping_status":"","sticky":false,"template":"","format":"standard","meta":{"footnotes":""},"categories":[10],"tags":[39763,1011,27,72,39764,39765,33201,33202,2570,6543,39766,26345,9303,4510,71,767,20167,18603,773,39767],"class_list":{"0":"post-257606","1":"post","2":"type-post","3":"status-publish","4":"format-standard","5":"has-post-thumbnail","7":"category-sante","8":"tag-alexandra-calmy","9":"tag-fr","10":"tag-france","11":"tag-health","12":"tag-lenacapavir","13":"tag-maladie-virale","14":"tag-maladies-contagieuses","15":"tag-maladies-et-etat-de-sante","16":"tag-oms","17":"tag-prevention","18":"tag-prophylaxie-pre-exposition","19":"tag-recherche-medicale","20":"tag-recherche-scientifique","21":"tag-risque","22":"tag-sante","23":"tag-science-et-technologie","24":"tag-sida","25":"tag-traitements","26":"tag-vaccin","27":"tag-virus-de-limmunodeficience-humaine"},"share_on_mastodon":{"url":"https:\/\/pubeurope.com\/@fr\/114877059818004773","error":""},"_links":{"self":[{"href":"https:\/\/www.europesays.com\/fr\/wp-json\/wp\/v2\/posts\/257606","targetHints":{"allow":["GET"]}}],"collection":[{"href":"https:\/\/www.europesays.com\/fr\/wp-json\/wp\/v2\/posts"}],"about":[{"href":"https:\/\/www.europesays.com\/fr\/wp-json\/wp\/v2\/types\/post"}],"author":[{"embeddable":true,"href":"https:\/\/www.europesays.com\/fr\/wp-json\/wp\/v2\/users\/2"}],"replies":[{"embeddable":true,"href":"https:\/\/www.europesays.com\/fr\/wp-json\/wp\/v2\/comments?post=257606"}],"version-history":[{"count":0,"href":"https:\/\/www.europesays.com\/fr\/wp-json\/wp\/v2\/posts\/257606\/revisions"}],"wp:featuredmedia":[{"embeddable":true,"href":"https:\/\/www.europesays.com\/fr\/wp-json\/wp\/v2\/media\/257607"}],"wp:attachment":[{"href":"https:\/\/www.europesays.com\/fr\/wp-json\/wp\/v2\/media?parent=257606"}],"wp:term":[{"taxonomy":"category","embeddable":true,"href":"https:\/\/www.europesays.com\/fr\/wp-json\/wp\/v2\/categories?post=257606"},{"taxonomy":"post_tag","embeddable":true,"href":"https:\/\/www.europesays.com\/fr\/wp-json\/wp\/v2\/tags?post=257606"}],"curies":[{"name":"wp","href":"https:\/\/api.w.org\/{rel}","templated":true}]}}