{"id":257609,"date":"2025-07-19T00:27:20","date_gmt":"2025-07-19T00:27:20","guid":{"rendered":"https:\/\/www.europesays.com\/fr\/257609\/"},"modified":"2025-07-19T00:27:20","modified_gmt":"2025-07-19T00:27:20","slug":"tomorrowland-2025-apres-lincendie-ravageur-decouvrez-les-images-de-la-nouvelle-scene-principale-du-festival","status":"publish","type":"post","link":"https:\/\/www.europesays.com\/fr\/257609\/","title":{"rendered":"Tomorrowland 2025 : apr\u00e8s l&rsquo;incendie ravageur, d\u00e9couvrez les images de la nouvelle sc\u00e8ne principale du festival"},"content":{"rendered":"<p class=\"article-p mdl\">Un travail colossal men\u00e9 par les \u00e9quipes de Tomorrowland. Alors que la mainstage (sc\u00e8ne principale) du prestigieux festival a connu un\u00a0<a class=\"link\" href=\"https:\/\/www.funradio.fr\/evenements\/video-tomorrowland-2025-un-incendie-spectaculaire-ravage-la-scene-principale-du-festival-7900524145\" title=\"VID\u00c9O - Tomorrowland 2025 : un incendie spectaculaire ravage la sc\u00e8ne principale du festival\" target=\"_blank\" rel=\"noopener\">incendie ravageur,<\/a>\u00a0mercredi 16 juillet, voici qu&rsquo;elle revit. Le maintien de cette 19e \u00e9dition, pourtant incertain, est bel et bien assur\u00e9 par les organisateurs. Durant plusieurs heures, les \u00e9quipes de l&rsquo;\u00e9v\u00e9nement ont construit une nouvelle sc\u00e8ne pouvant accueillir les plus grands DJ de la plan\u00e8te.\u00a0<\/p>\n<p class=\"article-p mdl\">Un pari os\u00e9 et r\u00e9v\u00e9lateur du travail minutieux des organisateurs qui d\u00e9montre \u00e0 quel point\u00a0<a class=\"link\" href=\"https:\/\/www.funradio.fr\/evenements\/tomorrowland-2025-ce-qui-change-sur-l-antenne-de-fun-radio-7900524313\" title=\"Tomorrowland 2025 : ce qui change sur l&#039;antenne de Fun Radio\" target=\"_blank\" rel=\"noopener\">Tomorrowland\u00a0<\/a>ne faillit pas \u00e0 sa r\u00e9putation de plus grand festival \u00e9lectro de la plan\u00e8te. Bien que plus petite, cette nouvelle mainstage brille de sobri\u00e9t\u00e9 et op\u00e8re un rapprochement avec son public. Une sc\u00e8ne plus intimiste permettant au public de voir de plus pr\u00e8s leurs artistes pr\u00e9f\u00e9r\u00e9s.\u00a0<\/p>\n<p class=\"article-p mdl\">\u00ab\u00a0Chers festivaliers de Tomorrowland. Nous sommes pr\u00eats pour vous.\u00a0<strong>Nos \u00e9quipes travaillent jour et nuit, avec c\u0153ur et \u00e2me, pour transformer l&rsquo;impossible en r\u00e9alit\u00e9<\/strong> : Tomorrowland 2025 ouvrira ses portes \u00e0 14h00. Une configuration alternative pour la bien-aim\u00e9e mainstage [sc\u00e8ne principale, ndlr] est pr\u00e9vue pour ouvrir \u00e0 16h, en attendant tout changement de derni\u00e8re minute. Tous les artistes se produiront comme pr\u00e9vu sur toutes les autres sc\u00e8nes \u00e0 partir de 14h00. Tomorrowland s&rsquo;unira, plus fort que jamais !\u00a0\u00bb, peut-on lire sur le compte Instagram du festival.\u00a0<\/p>\n<p class=\"article-p mdl\"><strong>Pour rappel, rendez-vous d\u00e8s 19h sur Fun Radio pour suivre l&rsquo;\u00e9v\u00e9nement au plus pr\u00e8s, mais aussi sur nos\u00a0<\/strong><a class=\"link\" href=\"https:\/\/www.instagram.com\/funradio\/\" target=\"_blank\" rel=\"noopener\"><strong>r\u00e9seaux sociaux<\/strong>\u00a0<\/a><strong>et notre site Internet.\u00a0<\/strong><\/p>\n<p>    La r\u00e9daction vous recommande<\/p>\n<p>\n                                    Lire la suite\n                                <\/p>\n<p>                            <script async src=\"\/\/www.instagram.com\/embed.js\"><\/script><\/p>\n","protected":false},"excerpt":{"rendered":"Un travail colossal men\u00e9 par les \u00e9quipes de Tomorrowland. Alors que la mainstage (sc\u00e8ne principale) du prestigieux festival&hellip;\n","protected":false},"author":2,"featured_media":257610,"comment_status":"","ping_status":"","sticky":false,"template":"","format":"standard","meta":{"footnotes":""},"categories":[8],"tags":[58,12666,59,849,1011,27,873,39219],"class_list":{"0":"post-257609","1":"post","2":"type-post","3":"status-publish","4":"format-standard","5":"has-post-thumbnail","7":"category-divertissement","8":"tag-divertissement","9":"tag-dj","10":"tag-entertainment","11":"tag-festival","12":"tag-fr","13":"tag-france","14":"tag-musique","15":"tag-tomorrowland"},"share_on_mastodon":{"url":"https:\/\/pubeurope.com\/@fr\/114877067685178362","error":""},"_links":{"self":[{"href":"https:\/\/www.europesays.com\/fr\/wp-json\/wp\/v2\/posts\/257609","targetHints":{"allow":["GET"]}}],"collection":[{"href":"https:\/\/www.europesays.com\/fr\/wp-json\/wp\/v2\/posts"}],"about":[{"href":"https:\/\/www.europesays.com\/fr\/wp-json\/wp\/v2\/types\/post"}],"author":[{"embeddable":true,"href":"https:\/\/www.europesays.com\/fr\/wp-json\/wp\/v2\/users\/2"}],"replies":[{"embeddable":true,"href":"https:\/\/www.europesays.com\/fr\/wp-json\/wp\/v2\/comments?post=257609"}],"version-history":[{"count":0,"href":"https:\/\/www.europesays.com\/fr\/wp-json\/wp\/v2\/posts\/257609\/revisions"}],"wp:featuredmedia":[{"embeddable":true,"href":"https:\/\/www.europesays.com\/fr\/wp-json\/wp\/v2\/media\/257610"}],"wp:attachment":[{"href":"https:\/\/www.europesays.com\/fr\/wp-json\/wp\/v2\/media?parent=257609"}],"wp:term":[{"taxonomy":"category","embeddable":true,"href":"https:\/\/www.europesays.com\/fr\/wp-json\/wp\/v2\/categories?post=257609"},{"taxonomy":"post_tag","embeddable":true,"href":"https:\/\/www.europesays.com\/fr\/wp-json\/wp\/v2\/tags?post=257609"}],"curies":[{"name":"wp","href":"https:\/\/api.w.org\/{rel}","templated":true}]}}