{"id":257617,"date":"2025-07-19T00:31:10","date_gmt":"2025-07-19T00:31:10","guid":{"rendered":"https:\/\/www.europesays.com\/fr\/257617\/"},"modified":"2025-07-19T00:31:10","modified_gmt":"2025-07-19T00:31:10","slug":"refaire-beziers-telle-quelle-etait-30-ans-apres-jesus-christ-cest-quoi-ce-projet-fou-de-robert-menard","status":"publish","type":"post","link":"https:\/\/www.europesays.com\/fr\/257617\/","title":{"rendered":"\u00ab Refaire B\u00e9ziers telle qu\u2019elle \u00e9tait 30 ans apr\u00e8s J\u00e9sus-Christ \u00bb : c\u2019est quoi ce projet fou de Robert M\u00e9nard ?"},"content":{"rendered":"<p class=\"paragraph text_align_left lp-f-body-02\">Un projet hors norme qui va durer 30 ans. <a href=\"https:\/\/www.leparisien.fr\/societe\/beziers-a-peine-annule-par-la-justice-le-fichage-adn-des-chiens-reintroduit-par-robert-menard-14-05-2025-SAE2IETJUJC2RHROOE3Q5BRLDU.php\" target=\"_blank\" rel=\"noreferrer nofollow noopener\">Robert M\u00e9nard<\/a>, maire de B\u00e9ziers et pr\u00e9sident de l\u2019agglom\u00e9ration locale, vient de lancer officiellement le projet \u00ab B\u00e9ziers Antique \u00bb. Cette mission vise \u00e0 reconstruire la ville telle qu\u2019elle \u00e9tait \u00e0 l\u2019\u00e9poque romaine.<\/p>\n<p class=\"paragraph text_align_left lp-f-body-02\">\u00ab Nous allons refaire la ville de B\u00e9ziers, comme elle \u00e9tait 30 ans apr\u00e8s J\u00e9sus-Christ \u00bb, a annonc\u00e9 Robert M\u00e9nard aupr\u00e8s de nos confr\u00e8res d\u2019<a href=\"https:\/\/www.francebleu.fr\/infos\/societe\/30-ans-pour-reconstruire-la-ville-de-beziers-telle-qu-elle-etait-trois-decennies-apres-la-naissance-du-christ-3679931\" target=\"_blank\" rel=\"noreferrer nofollow noopener\">Ici H\u00e9rault<\/a>. \u00ab Il en reste peu de chose, il y a des traces dans la ville. On va donc la reconstruire en prenant le temps de le faire et en ouvrant le chantier au public. \u00bb<\/p>\n<p>Un projet en trois grandes phases<\/p>\n<p class=\"paragraph text_align_left lp-f-body-02\">Selon le site de l\u2019agglom\u00e9ration, ce programme ambitieux s\u2019\u00e9chelonnera en trois phases : 2025 \u2013 2030 (lancement du site, premi\u00e8res infrastructures, amphith\u00e9\u00e2tre, ateliers, animations p\u00e9dagogiques), 2031 \u2013 2040 (extension du site, mont\u00e9e en puissance des exp\u00e9riences culturelles, spectacles historiques), et enfin 2041 \u2013 2055 (phase de maturit\u00e9, rayonnement international, \u00e9v\u00e9nements de grande ampleur).<\/p>\n<p class=\"paragraph text_align_left lp-f-body-02\">Robert M\u00e9nard esp\u00e8re pouvoir accueillir du public sur le chantier \u00e0 partir de 2027. \u00c9tal\u00e9 sur 19 ha, il se situera aux portes de B\u00e9ziers. Selon Jean Muller, directeur de l\u2019office de tourisme de B\u00e9ziers M\u00e9diterran\u00e9e et qui s\u2019est exprim\u00e9 aupr\u00e8s de <a href=\"https:\/\/france3-regions.franceinfo.fr\/occitanie\/herault\/beziers\/ca-ne-sera-pas-un-sous-puy-du-fou-cette-ville-s-engage-dans-la-construction-d-un-parc-historique-le-chantier-ouvert-au-public-va-durer-30-ans-3188604.html\" target=\"_blank\" rel=\"noreferrer nofollow noopener\">France 3 R\u00e9gions<\/a>, le site aura vocation \u00e0 devenir \u00ab non pas un parc de spectacle, mais un parc historique \u00bb. Des ar\u00e8nes romaines, forum, domus et autres \u00e9l\u00e9ments de B\u00e9ziers \u00e0 l\u2019\u00e9poque antique devraient ainsi s\u2019y trouver.<\/p>\n<p>250 000 visiteurs esp\u00e9r\u00e9s chaque ann\u00e9e<\/p>\n<p class=\"paragraph text_align_left lp-f-body-02\">De l\u00e0 \u00e0 qualifier ce projet de \u00ab Puy-du-Fou 2.0 \u00bb ? \u00ab Le concept est tr\u00e8s diff\u00e9rent du Puy-du-Fou \u00bb, a ainsi promis au micro de France 3 \u00c9ric Teyssier, historien \u00e0 l\u2019Universit\u00e9 de N\u00eemes et porteur du projet sur le plan scientifique. \u00ab J\u2019ai rencontr\u00e9 Philippe de Villiers qui m\u2019a dit qu\u2019il appr\u00e9ciait l\u2019id\u00e9e justement parce que \u00e7a ne sera pas un sous-Puy-du-Fou. \u00bb<\/p>\n<p class=\"paragraph text_align_left lp-f-body-02\">35 personnes vont \u00eatre recrut\u00e9es pour travailler sur ce chantier qui va durer 30 ans. Les ouvriers ont pour mission de reconstruire B\u00e9ziers avec les techniques de l\u2019\u00e9poque. Ainsi, ils seront form\u00e9s et embauch\u00e9s comme des tailleurs de pierres, des fabricants de mosa\u00efques, des forgerons, indique Ici H\u00e9rault.<\/p>\n<p class=\"paragraph text_align_left lp-f-body-02\">L\u2019\u00e9t\u00e9, p\u00e9riode o\u00f9 les visiteurs seront le plus attendus, 15 personnes suppl\u00e9mentaires seront recrut\u00e9es. \u00ab L\u2019objectif affich\u00e9 est d\u2019atteindre 90 000 visiteurs d\u00e8s la premi\u00e8re ann\u00e9e \u00bb, assure Jean Muller. \u00ab Puis 250 000 les ann\u00e9es suivantes. Le changement devrait \u00eatre marquant chaque ann\u00e9e \u00bb, esp\u00e8re-t-il. Selon France 3, ce projet co\u00fbte 13 millions d\u2019euros, dont 3 millions d\u2019argent public.<\/p>\n","protected":false},"excerpt":{"rendered":"Un projet hors norme qui va durer 30 ans. Robert M\u00e9nard, maire de B\u00e9ziers et pr\u00e9sident de l\u2019agglom\u00e9ration&hellip;\n","protected":false},"author":2,"featured_media":257618,"comment_status":"","ping_status":"","sticky":false,"template":"","format":"standard","meta":{"footnotes":""},"categories":[4],"tags":[11,459,1011,27,12,25],"class_list":{"0":"post-257617","1":"post","2":"type-post","3":"status-publish","4":"format-standard","5":"has-post-thumbnail","7":"category-france","8":"tag-actualites","9":"tag-departements-horsidfo","10":"tag-fr","11":"tag-france","12":"tag-news","13":"tag-republique-francaise"},"share_on_mastodon":{"url":"https:\/\/pubeurope.com\/@fr\/114877083403265820","error":""},"_links":{"self":[{"href":"https:\/\/www.europesays.com\/fr\/wp-json\/wp\/v2\/posts\/257617","targetHints":{"allow":["GET"]}}],"collection":[{"href":"https:\/\/www.europesays.com\/fr\/wp-json\/wp\/v2\/posts"}],"about":[{"href":"https:\/\/www.europesays.com\/fr\/wp-json\/wp\/v2\/types\/post"}],"author":[{"embeddable":true,"href":"https:\/\/www.europesays.com\/fr\/wp-json\/wp\/v2\/users\/2"}],"replies":[{"embeddable":true,"href":"https:\/\/www.europesays.com\/fr\/wp-json\/wp\/v2\/comments?post=257617"}],"version-history":[{"count":0,"href":"https:\/\/www.europesays.com\/fr\/wp-json\/wp\/v2\/posts\/257617\/revisions"}],"wp:featuredmedia":[{"embeddable":true,"href":"https:\/\/www.europesays.com\/fr\/wp-json\/wp\/v2\/media\/257618"}],"wp:attachment":[{"href":"https:\/\/www.europesays.com\/fr\/wp-json\/wp\/v2\/media?parent=257617"}],"wp:term":[{"taxonomy":"category","embeddable":true,"href":"https:\/\/www.europesays.com\/fr\/wp-json\/wp\/v2\/categories?post=257617"},{"taxonomy":"post_tag","embeddable":true,"href":"https:\/\/www.europesays.com\/fr\/wp-json\/wp\/v2\/tags?post=257617"}],"curies":[{"name":"wp","href":"https:\/\/api.w.org\/{rel}","templated":true}]}}