{"id":257621,"date":"2025-07-19T00:33:16","date_gmt":"2025-07-19T00:33:16","guid":{"rendered":"https:\/\/www.europesays.com\/fr\/257621\/"},"modified":"2025-07-19T00:33:16","modified_gmt":"2025-07-19T00:33:16","slug":"saint-etienne-face-a-la-colere-des-habitants-le-maire-prend-une-decision-forte","status":"publish","type":"post","link":"https:\/\/www.europesays.com\/fr\/257621\/","title":{"rendered":"Saint-Etienne. Face \u00e0 la col\u00e8re des habitants, le maire prend une d\u00e9cision forte"},"content":{"rendered":"<p>            Par<br \/>\n        <strong><br \/>\n            <a href=\"https:\/\/actu.fr\/auteur\/mathias-souteyrat\" title=\"Consulter tous les articles de Mathias Souteyrat\" target=\"_blank\" rel=\"noopener\">Mathias Souteyrat<\/a><br \/>\n        <\/strong><\/p>\n<p>        Publi\u00e9 le<\/p>\n<p>            18 juil. 2025 \u00e0 12h52        <\/p>\n<p>C\u2019\u00e9tait la demande du collectif <a href=\"https:\/\/actu.fr\/auvergne-rhone-alpes\/saint-etienne_42218\/saint-etienne-un-bordel-a-ciel-ouvert-cette-rue-pose-de-gros-problemes-aux-habitants_62811808.html\" target=\"_blank\" rel=\"noopener\">d\u2019habitants de la rue Antoine-Durafour<\/a>. Ils ont \u00e9t\u00e9 entendus par la <a href=\"https:\/\/actu.fr\/auvergne-rhone-alpes\/saint-etienne_42218\/saint-etienne-ces-secteurs-posent-probleme-les-epiceries-fermees-la-nuit-la-mairie-repond_62859920.html\" target=\"_blank\" rel=\"noopener\">mairie<\/a>. Ga\u00ebl Perdriau, maire de <a href=\"https:\/\/actu.fr\/saint-etienne\/\" target=\"_blank\" rel=\"noopener\">Saint-Etienne<\/a>, pr\u00e9sident de Saint-Etienne M\u00e9tropole, a sign\u00e9 ce vendredi 18\u00a0juillet, un arr\u00eat\u00e9 municipal r\u00e9glementant les horaires d\u2019ouverture des \u00e9piceries dans la ville. <br \/>Voici ce qui change.<\/p>\n<p>Des \u00e9piceries vont fermer de 22 \u00e0 6\u00a0heures dans certaines rues<\/p>\n<p class=\" wall-content\">L\u2019arr\u00eat\u00e9 pr\u00e9cise que les commerces de d\u00e9tail tels que les \u00e9piceries exer\u00e7ant dans les secteurs suivants\u2009:<\/p>\n<ul class=\" wall-content\">\n<li><strong>Antoine Durafour<\/strong><\/li>\n<li><strong>Pointe Cadet<\/strong><\/li>\n<li><strong>Victor Duchamp<\/strong><\/li>\n<li><strong>Les Alli\u00e9s<\/strong><\/li>\n<li><strong>Les docteurs Charcot<\/strong><\/li>\n<li><strong>Du 11 Novembre<\/strong><\/li>\n<li><strong>La <a href=\"https:\/\/actu.fr\/auvergne-rhone-alpes\/saint-etienne_42218\/saint-etienne-cette-place-devient-invivable-la-nuit-pour-les-habitants-on-ne-dort-plus_62621587.html\" target=\"_blank\" rel=\"noopener\">place Jacquard<\/a><\/strong><\/li>\n<\/ul>\n<p class=\" wall-content\">Dans ces secteurs et leurs rues directement adjacentes, les \u00e9piceries de nuit devront fermer et cesser toute activit\u00e9 <strong>entre 22h00 et 6h00.\u00a0<\/strong><\/p>\n<blockquote class=\"ac-article-quote wall-content\">\n<p>En d\u00e9pit des actions des services de l\u2019\u00c9tat, des nombreuses et r\u00e9guli\u00e8res interventions des services de police nationale et municipale, de multiples d\u00e9marches des services municipaux, les troubles \u00e0 la tranquillit\u00e9 publique demeurent \u00e0 proximit\u00e9 de ces commerces, au d\u00e9triment de la qualit\u00e9 de vie des riverains que nous comprenons et soutenons.<br \/>\nC\u2019est la raison pour laquelle, avec Marie-Jo Perez, adjointe \u00e0 la tranquillit\u00e9 publique dont je veux ici saluer l\u2019engagement, l\u2019\u00e9coute et la proximit\u00e9 avec nos concitoyens, nous prenons cet arr\u00eat\u00e9.<\/p>\n<p>    <strong>Ga\u00ebl Perdriau<\/strong><br \/>\n        Maire de Saint-Etienne    <\/p><\/blockquote>\n<p class=\" wall-content\">\u00ab\u00a0Cet arr\u00eat\u00e9 municipal, pris en concertation avec le pr\u00e9fet de la Loire et le directeur d\u00e9partemental de la police de la Loire, est un outil suppl\u00e9mentaire pour lutter encore plus efficacement contre les troubles occasionn\u00e9s par ces commerces ouverts la nuit\u00a0\u00bb, pr\u00e9cise l\u2019\u00e9dile st\u00e9phanois.<\/p>\n<p>Les mesures prennent effet \u00e0 partir du vendredi 25\u00a0juillet<\/p>\n<p class=\" wall-content\">Ces mesures prendront effet \u00e0 partir du vendredi 25\u00a0juillet.<\/p>\n<p><a href=\"https:\/\/static.actu.fr\/uploads\/2025\/07\/arrete-horaires-epiceries-18072025.pdf\" target=\"_blank\" rel=\"noopener\">Afficher ou t\u00e9l\u00e9charger le fichier.<\/a><\/p>\n<p class=\" wall-content\">La police municipale va auparavant informer les commer\u00e7ants concern\u00e9s.<\/p>\n<blockquote class=\"ac-article-quote wall-content\">\n<p>Nous saluons la d\u00e9cision de la municipalit\u00e9 d\u2019instaurer un arr\u00eat\u00e9 de fermeture des \u00e9piceries de nuit : c\u2019est une premi\u00e8re r\u00e9ponse concr\u00e8te \u00e0 une situation critique que les riverains d\u00e9noncent depuis longtemps. Cependant, plusieurs fast-foods restent ouverts dans la rue Antoine Durafour et il est d\u00e9sormais de leur responsabilit\u00e9 d\u2019agir dans le respect du voisinage. Sans am\u00e9lioration visible, notre mobilisation se poursuivra.<\/p>\n<p>Cet arr\u00eat\u00e9 doit \u00eatre strictement appliqu\u00e9, notre mobilisation se poursuit \u00e9galement pour que l\u2019arr\u00eat\u00e9 soit p\u00e9rennis\u00e9. La mairie doit accompagner cette mesure de l\u2019installation de cam\u00e9ras de surveillance aux bons endroits, du renforcement des patrouilles de police et d\u2019un droit de regard sur les futures ouvertures commerciales.<br \/>\nLa revalorisation durable de cette rue n\u00e9cessite un engagement fort, constant et structur\u00e9 de la part de tous les acteurs. <\/p>\n<p>    <strong>Collectif de la rue Antoine-Durafour<\/strong>\n            <\/p><\/blockquote>\n<p>D\u00e9j\u00e0 un arr\u00eat\u00e9 pr\u00e9fectoral pour limiter la consommation et vente d\u2019alcool<\/p>\n<p class=\" wall-content\">Pour rappel, en avril\u00a02025, Alexandre Rochatte, pr\u00e9fet de la\u00a0Loire, a pris un arr\u00eat\u00e9 pr\u00e9fectoral \u00ab\u2009visant \u00e0 <a href=\"https:\/\/actu.fr\/auvergne-rhone-alpes\/saint-etienne_42218\/loire-face-a-l-augmentation-de-ces-infractions-une-nouvelle-regle-entre-en-vigueur_62540412.html\" target=\"_blank\" rel=\"noopener\">r\u00e9glementer<\/a> les horaires d\u2019ouverture et de fermeture des \u00e9tablissements recevant du public et vendant des boissons alcoolis\u00e9es sur l\u2019ensemble du d\u00e9partement, ainsi qu\u2019\u00e0 encadrer l\u2019activit\u00e9 des associations proposant des boissons alcoolis\u00e9es \u00e0 leurs membres\u2009\u00bb.<\/p>\n<p class=\" wall-content\">Il fixe de nouvelles plages horaires pour les diff\u00e9rentes cat\u00e9gories d\u2019\u00e9tablissements\u2009:<\/p>\n<ul class=\" wall-content\">\n<li>d\u00e9bits de boissons \u00e0 consommer sur place (licences III et IV) et restaurants\u2009: 5h00 -1h30 (horaires non modifi\u00e9s)<\/li>\n<li>d\u00e9bits de boissons \u00e0 emporter (y compris en livraison)\u2009: 6h00 \u2013 22h00. L\u2019interdiction de vente d\u2019alcool apr\u00e8s 22h00 devra \u00eatre clairement affich\u00e9e<\/li>\n<li>d\u00e9bits de boissons temporaires\u2009: 6h00 \u2013 1h30 (horaires non modifi\u00e9s)\u2009;<\/li>\n<li>d\u00e9bits de boissons ayant pour activit\u00e9 principale l\u2019exploitation d\u2019une piste de danse\u2009: 14h00 \u2013 7h00 (horaires non modifi\u00e9s).<br \/>Interdiction de servir des boissons alcoolis\u00e9es \u00e0 emporter apr\u00e8s 22h<\/li>\n<\/ul>\n<p class=\" wall-content\">Une attention particuli\u00e8re est port\u00e9e aux \u00e9tablissements fonctionnant sous r\u00e9gime associatif (qui servent des boissons alcoolis\u00e9es \u00e0 leurs membres).<\/p>\n<ul class=\" wall-content\">\n<li>interdiction de servir des boissons alcoolis\u00e9es \u00e0 emporter en dehors du local associatif entre 22h00 et 6h00\u2009;<\/li>\n<li>interdiction de servir des boissons alcoolis\u00e9es sur place entre 1h30 et 6h00\u2009;<\/li>\n<li>les membres devront pouvoir justifier de leur adh\u00e9sion \u00e0 l\u2019association en cas de contr\u00f4le.<\/li>\n<\/ul>\n<p class=\" wall-content\">L\u2019arr\u00eat\u00e9 pr\u00e9serve les possibilit\u00e9s de d\u00e9rogations des \u00e9tablissements et des municipalit\u00e9s. Ces r\u00e8gles locales viennent s\u2019ajouter \u00e0 la r\u00e9glementation nationale (d\u2019accueillir du public pendant le temps o\u00f9 l\u2019\u00e9tablissement doit \u00eatre ferm\u00e9 de vendre des boissons alcoolis\u00e9es aux mineurs).<\/p>\n<p class=\" wall-content\">Suivez toute l\u2019actualit\u00e9 de vos villes et m\u00e9dias favoris en vous inscrivant \u00e0 <a href=\"https:\/\/moncompte.actu.fr\" title=\"D\u00e9couvez Mon Actu\" rel=\"nofollow noopener\" data-trk=\"{&quot;cta&quot;:{&quot;action&quot;:&quot;https:\\\/\\\/moncompte.actu.fr&quot;,&quot;category&quot;:&quot;mon compte&quot;,&quot;from&quot;:&quot;article footer&quot;,&quot;name&quot;:&quot;Mon actu&quot;,&quot;type&quot;:&quot;cta&quot;}}\" target=\"_blank\">Mon Actu<\/a>.<\/p>\n","protected":false},"excerpt":{"rendered":"Par Mathias Souteyrat Publi\u00e9 le 18 juil. 2025 \u00e0 12h52 C\u2019\u00e9tait la demande du collectif d\u2019habitants de la&hellip;\n","protected":false},"author":2,"featured_media":257622,"comment_status":"","ping_status":"","sticky":false,"template":"","format":"standard","meta":{"footnotes":""},"categories":[9653],"tags":[1111,11,2430,215,1777,674,1011,27,2825,12,1072,25,4001,104],"class_list":{"0":"post-257621","1":"post","2":"type-post","3":"status-publish","4":"format-standard","5":"has-post-thumbnail","7":"category-saint-etienne","8":"tag-actu","9":"tag-actualites","10":"tag-auvergne-rhone-alpes","11":"tag-commerce","12":"tag-eu","13":"tag-europe","14":"tag-fr","15":"tag-france","16":"tag-insecurite","17":"tag-news","18":"tag-police","19":"tag-republique-francaise","20":"tag-saint-etienne","21":"tag-societe"},"share_on_mastodon":{"url":"https:\/\/pubeurope.com\/@fr\/114877091286562787","error":""},"_links":{"self":[{"href":"https:\/\/www.europesays.com\/fr\/wp-json\/wp\/v2\/posts\/257621","targetHints":{"allow":["GET"]}}],"collection":[{"href":"https:\/\/www.europesays.com\/fr\/wp-json\/wp\/v2\/posts"}],"about":[{"href":"https:\/\/www.europesays.com\/fr\/wp-json\/wp\/v2\/types\/post"}],"author":[{"embeddable":true,"href":"https:\/\/www.europesays.com\/fr\/wp-json\/wp\/v2\/users\/2"}],"replies":[{"embeddable":true,"href":"https:\/\/www.europesays.com\/fr\/wp-json\/wp\/v2\/comments?post=257621"}],"version-history":[{"count":0,"href":"https:\/\/www.europesays.com\/fr\/wp-json\/wp\/v2\/posts\/257621\/revisions"}],"wp:featuredmedia":[{"embeddable":true,"href":"https:\/\/www.europesays.com\/fr\/wp-json\/wp\/v2\/media\/257622"}],"wp:attachment":[{"href":"https:\/\/www.europesays.com\/fr\/wp-json\/wp\/v2\/media?parent=257621"}],"wp:term":[{"taxonomy":"category","embeddable":true,"href":"https:\/\/www.europesays.com\/fr\/wp-json\/wp\/v2\/categories?post=257621"},{"taxonomy":"post_tag","embeddable":true,"href":"https:\/\/www.europesays.com\/fr\/wp-json\/wp\/v2\/tags?post=257621"}],"curies":[{"name":"wp","href":"https:\/\/api.w.org\/{rel}","templated":true}]}}