{"id":257625,"date":"2025-07-19T00:37:25","date_gmt":"2025-07-19T00:37:25","guid":{"rendered":"https:\/\/www.europesays.com\/fr\/257625\/"},"modified":"2025-07-19T00:37:25","modified_gmt":"2025-07-19T00:37:25","slug":"natation-open-dete-leonie-thibult-en-or","status":"publish","type":"post","link":"https:\/\/www.europesays.com\/fr\/257625\/","title":{"rendered":"Natation. Open d\u2019\u00e9t\u00e9\u00a0: L\u00e9onie Thibult en or"},"content":{"rendered":"<p>Huit nageurs de l\u2019ASPTT Nancy participent actuellement aux championnats de France open (50m), \u00e0 Poitiers. Comp\u00e9tition qui a d\u00e9marr\u00e9 sur les chapeaux de roues pour la d\u00e9l\u00e9gation accompagn\u00e9e par Thomas Ladent et Rapha\u00ebl Jacquot. Ce mercredi, L\u00e9onie Thibult a frapp\u00e9 fort d\u2019entr\u00e9e, en remportant la finale \u00ab\u00a016 ans et +\u00a0\u00bb du 200m nage libre. Une m\u00e9daille d\u2019or assaisonn\u00e9e d\u2019un nouveau record personnel pour la Nanc\u00e9ienne (2\u201902\u2019\u201986).<\/p>\n","protected":false},"excerpt":{"rendered":"Huit nageurs de l\u2019ASPTT Nancy participent actuellement aux championnats de France open (50m), \u00e0 Poitiers. Comp\u00e9tition qui a&hellip;\n","protected":false},"author":2,"featured_media":257626,"comment_status":"","ping_status":"","sticky":false,"template":"","format":"standard","meta":{"footnotes":""},"categories":[9635],"tags":[1111,11,1704,1777,674,1011,27,775,1702,1703,5216,12,25,517,1700],"class_list":{"0":"post-257625","1":"post","2":"type-post","3":"status-publish","4":"format-standard","5":"has-post-thumbnail","7":"category-nancy","8":"tag-actu","9":"tag-actualites","10":"tag-edition-nancy-et-agglomeration","11":"tag-eu","12":"tag-europe","13":"tag-fr","14":"tag-france","15":"tag-grand-est","16":"tag-nancy","17":"tag-nancy-ville-54b","18":"tag-natation","19":"tag-news","20":"tag-republique-francaise","21":"tag-sport","22":"tag-sport-lorrain"},"share_on_mastodon":{"url":"https:\/\/pubeurope.com\/@fr\/114877106968840935","error":""},"_links":{"self":[{"href":"https:\/\/www.europesays.com\/fr\/wp-json\/wp\/v2\/posts\/257625","targetHints":{"allow":["GET"]}}],"collection":[{"href":"https:\/\/www.europesays.com\/fr\/wp-json\/wp\/v2\/posts"}],"about":[{"href":"https:\/\/www.europesays.com\/fr\/wp-json\/wp\/v2\/types\/post"}],"author":[{"embeddable":true,"href":"https:\/\/www.europesays.com\/fr\/wp-json\/wp\/v2\/users\/2"}],"replies":[{"embeddable":true,"href":"https:\/\/www.europesays.com\/fr\/wp-json\/wp\/v2\/comments?post=257625"}],"version-history":[{"count":0,"href":"https:\/\/www.europesays.com\/fr\/wp-json\/wp\/v2\/posts\/257625\/revisions"}],"wp:featuredmedia":[{"embeddable":true,"href":"https:\/\/www.europesays.com\/fr\/wp-json\/wp\/v2\/media\/257626"}],"wp:attachment":[{"href":"https:\/\/www.europesays.com\/fr\/wp-json\/wp\/v2\/media?parent=257625"}],"wp:term":[{"taxonomy":"category","embeddable":true,"href":"https:\/\/www.europesays.com\/fr\/wp-json\/wp\/v2\/categories?post=257625"},{"taxonomy":"post_tag","embeddable":true,"href":"https:\/\/www.europesays.com\/fr\/wp-json\/wp\/v2\/tags?post=257625"}],"curies":[{"name":"wp","href":"https:\/\/api.w.org\/{rel}","templated":true}]}}