{"id":25764,"date":"2025-04-15T03:12:24","date_gmt":"2025-04-15T03:12:24","guid":{"rendered":"https:\/\/www.europesays.com\/fr\/25764\/"},"modified":"2025-04-15T03:12:24","modified_gmt":"2025-04-15T03:12:24","slug":"les-resultats-des-quarts-de-finale-et-les-affiches-des-demi-finales","status":"publish","type":"post","link":"https:\/\/www.europesays.com\/fr\/25764\/","title":{"rendered":"Les r\u00e9sultats des quarts de finale et les affiches des demi-finales"},"content":{"rendered":"<p>            Par<br \/>\n        <strong><br \/>\n            <a href=\"https:\/\/actu.fr\/auteur\/nicolas-dendri-actu-fr\" title=\"Consulter tous les articles de Nicolas Dendri\" target=\"_blank\" rel=\"noopener\">Nicolas Dendri<\/a><br \/>\n        <\/strong><\/p>\n<p>        Publi\u00e9 le<\/p>\n<p>            13 avr. 2025 \u00e0 17h20        <\/p>\n<p>Apr\u00e8s les barrages du 5 et 6 avril 2025, les <strong>quarts de finale<\/strong> de <a href=\"https:\/\/actu.fr\/rugby\/nationale-2-rugby\" target=\"_blank\" rel=\"noopener\">Nationale 2<\/a> ont livr\u00e9 leur verdict. <a href=\"https:\/\/actu.fr\/rugby\/\" target=\"_blank\" rel=\"noopener\">Actu Rugby<\/a> vous donne les r\u00e9sultats des quatre rencontres du week-end et les affiches des <strong>demi-finales<\/strong> qui se joueront les <strong>26 et 27 avril<\/strong> sur terrain neutre.\u00a0<\/p>\n<p>Nationales 2 : les r\u00e9sultats des quarts de finale<\/p>\n<ul class=\" wall-content\">\n<li>Rennes \u2013 Valence d\u2019Agen : 33-19<\/li>\n<li>Salles \u2013 Vienne : 24-35<\/li>\n<li>Niort \u2013 Nantes : 32-17<\/li>\n<li>Orl\u00e9ans \u2013 Auch : 15-6<\/li>\n<\/ul>\n<p>Nationale 2 : les affiches des demi-finales\u00a0<\/p>\n<ul class=\" wall-content\">\n<li>Rennes \u2013 Vienne<\/li>\n<li>Niort \u2013 Orl\u00e9ans<\/li>\n<\/ul>\n<p class=\" wall-content\">Comme les demi-finales, la <strong>finale<\/strong> se jouera aussi en terrain neutre le <strong>4 mai 2025<\/strong>. Le lieu n\u2019est pas encore connu.<\/p>\n<p class=\" wall-content\">Le <strong>champion de France de Nationale 2<\/strong> acc\u00e8dera directement en Nationale sous r\u00e9serve d\u2019acceptation de la f\u00e9d\u00e9ration. De son c\u00f4t\u00e9, le perdant disputera un access match contre l\u2019avant-dernier de la division sup\u00e9rieure, le 11 mai 2025.\u00a0<\/p>\n<p>Vid\u00e9os : en ce moment sur Actu<\/p>\n<p class=\" wall-content\">Suivez toute l\u2019actualit\u00e9 de vos villes et m\u00e9dias favoris en vous inscrivant \u00e0 <a href=\"https:\/\/moncompte.actu.fr\" title=\"D\u00e9couvez Mon Actu\" rel=\"nofollow noopener\" data-trk=\"{&quot;cta&quot;:{&quot;action&quot;:&quot;https:\\\/\\\/moncompte.actu.fr&quot;,&quot;category&quot;:&quot;mon compte&quot;,&quot;from&quot;:&quot;article footer&quot;,&quot;name&quot;:&quot;Mon actu&quot;,&quot;type&quot;:&quot;cta&quot;}}\" target=\"_blank\">Mon Actu<\/a>.<\/p>\n","protected":false},"excerpt":{"rendered":"Par Nicolas Dendri Publi\u00e9 le 13 avr. 2025 \u00e0 17h20 Apr\u00e8s les barrages du 5 et 6 avril&hellip;\n","protected":false},"author":2,"featured_media":25765,"comment_status":"","ping_status":"","sticky":false,"template":"","format":"standard","meta":{"footnotes":""},"categories":[2],"tags":[11,1011,27,4361,4362,12,479,60],"class_list":{"0":"post-25764","1":"post","2":"type-post","3":"status-publish","4":"format-standard","5":"has-post-thumbnail","7":"category-actualites","8":"tag-actualites","9":"tag-fr","10":"tag-france","11":"tag-nationale","12":"tag-nationale-2","13":"tag-news","14":"tag-rugby","15":"tag-sports"},"share_on_mastodon":{"url":"https:\/\/pubeurope.com\/@fr\/114339796968926973","error":""},"_links":{"self":[{"href":"https:\/\/www.europesays.com\/fr\/wp-json\/wp\/v2\/posts\/25764","targetHints":{"allow":["GET"]}}],"collection":[{"href":"https:\/\/www.europesays.com\/fr\/wp-json\/wp\/v2\/posts"}],"about":[{"href":"https:\/\/www.europesays.com\/fr\/wp-json\/wp\/v2\/types\/post"}],"author":[{"embeddable":true,"href":"https:\/\/www.europesays.com\/fr\/wp-json\/wp\/v2\/users\/2"}],"replies":[{"embeddable":true,"href":"https:\/\/www.europesays.com\/fr\/wp-json\/wp\/v2\/comments?post=25764"}],"version-history":[{"count":0,"href":"https:\/\/www.europesays.com\/fr\/wp-json\/wp\/v2\/posts\/25764\/revisions"}],"wp:featuredmedia":[{"embeddable":true,"href":"https:\/\/www.europesays.com\/fr\/wp-json\/wp\/v2\/media\/25765"}],"wp:attachment":[{"href":"https:\/\/www.europesays.com\/fr\/wp-json\/wp\/v2\/media?parent=25764"}],"wp:term":[{"taxonomy":"category","embeddable":true,"href":"https:\/\/www.europesays.com\/fr\/wp-json\/wp\/v2\/categories?post=25764"},{"taxonomy":"post_tag","embeddable":true,"href":"https:\/\/www.europesays.com\/fr\/wp-json\/wp\/v2\/tags?post=25764"}],"curies":[{"name":"wp","href":"https:\/\/api.w.org\/{rel}","templated":true}]}}