{"id":257656,"date":"2025-07-19T00:56:11","date_gmt":"2025-07-19T00:56:11","guid":{"rendered":"https:\/\/www.europesays.com\/fr\/257656\/"},"modified":"2025-07-19T00:56:11","modified_gmt":"2025-07-19T00:56:11","slug":"les-chevaliers-du-fiel-font-leur-grand-retour-sur-sud-radio","status":"publish","type":"post","link":"https:\/\/www.europesays.com\/fr\/257656\/","title":{"rendered":"les Chevaliers du Fiel font leur grand retour sur Sud Radio"},"content":{"rendered":"<p>            Par<br \/>\n        <strong><br \/>\n            <a href=\"https:\/\/actu.fr\/auteur\/gabriel-kenedi\" title=\"Consulter tous les articles de Gabriel Kenedi\" target=\"_blank\" rel=\"noopener\">Gabriel Kenedi<\/a><br \/>\n        <\/strong><\/p>\n<p>        Publi\u00e9 le<\/p>\n<p>            18 juil. 2025 \u00e0 18h23<br \/>\n        ; mis \u00e0 jour le 18 juil. 2025 \u00e0 18h24    <\/p>\n<p>Voil\u00e0 ce qui s\u2019appelle <strong>un retour aux sources<\/strong> ! \u00ab Les Chevaliers du Fiel sont comme les saumons, ils retournent \u00e0 la maison ! \u00bb, plaisante<strong> Eric Carri\u00e8re<\/strong>, qui forme avec <strong>Francis Ginibre<\/strong> le plus c\u00e9l\u00e8bre duo d\u2019humoristes de Toulouse.\u00a0 Les deux Toulousains font leur grand retour sur Sud Radio \u00e0 partir du 1er septembre 2025\u2026. plus de 20 ans apr\u00e8s avoir quitt\u00e9 la station !\u00a0<\/p>\n<p>Une \u00e9mission quotidienne d\u2019humour\u00a0<\/p>\n<p class=\" wall-content\">\u00ab\u00a0Le c\u00e9l\u00e8bre duo d\u2019humoristes revient \u00e0 ses <strong>premi\u00e8res amours radiophoniques<\/strong> avec une \u00e9mission quotidienne d\u2019une heure entre 17h et 18h, mais aussi un rendez-vous matinal dans Le Grand Matin, entre 7h et 9h\u00a0\u00bb,<a href=\"https:\/\/www.sudradio.fr\/sud-radio\/les-chevaliers-du-fiel-de-retour-sur-sud-radio\" target=\"_blank\" rel=\"noopener\"> annonce la station Sud Radio<\/a>, qui avait <a href=\"https:\/\/actu.fr\/occitanie\/labege_31254\/sud-radio-toulouse-cest-desormais-lhistoire-ancienne_11672094.html\" target=\"_blank\" rel=\"noopener\">quitt\u00e9 Toulouse pour Paris en 2017<\/a>, quatre ans apr\u00e8s son rachat par le groupe Fiducial M\u00e9dias.<\/p>\n<p class=\" wall-content\">La radio parisienne renoue donc avec ses racines\u2026 tout en cherchant \u00e0 \u00e9largir son audience, en d\u00e9bauchant Les Chevaliers du Fiel, deux poids lourds de l\u2019humour.\u00a0<\/p>\n<p>\u00ab\u00a0Il va y avoir le feu \u00e0 la radio !\u00a0\u00bb<\/p>\n<p class=\" wall-content\">Pour Patrick Roger, directeur g\u00e9n\u00e9ral de la radio, ce retour sonne <strong>comme une \u00e9vidence<\/strong> : \u00ab Je suis tr\u00e8s heureux de ce retour au bercail des Chevaliers du Fiel ! Sud Radio est leur maison et l\u2019humour y a toute sa place. Les auditeurs adorent ce <strong>duo populaire<\/strong> qui va apporter de la bonne humeur, un regard malicieux et tendre sur notre soci\u00e9t\u00e9\u00a0\u00bb, a-t-il expliqu\u00e9.\u00a0<\/p>\n<p class=\" wall-content\">\u00ab\u00a0Il va y a voir le feu \u00e0 la radio, c\u2019est garanti, la France enti\u00e8re va se marrer !\u00a0\u00bb, plaisantent <a href=\"https:\/\/www.instagram.com\/leschevaliersdufiel\/?hl=fr\" target=\"_blank\" rel=\"noopener\">sur les r\u00e9seaux sociaux<\/a> Les Chevaliers du Fiel.\u00a0<\/p>\n<p>Vid\u00e9os : en ce moment sur ActuRetour aux sources<\/p>\n<p class=\" wall-content\">Apr\u00e8s l\u2019arr\u00eat de la cha\u00eene C8, les Chevaliers du Fiel \u00e9taient <strong>en qu\u00eate d\u2019un nouveau challenge<\/strong> m\u00e9diatique. En parall\u00e8le de ce retour \u00e0 Sud Radio, o\u00f9 ils avaient d\u00e9j\u00e0 offici\u00e9 au d\u00e9but des ann\u00e9es 2000, Eric Carri\u00e8re et Francis Ginibre vont repartir en tourn\u00e9e \u00e0 partir de novembre pour pr\u00e9senter leur nouveau spectacle, Vacances \u00e0 Duba\u00ef.<\/p>\n<p class=\" wall-content\"><strong>Propri\u00e9taires de la Com\u00e9die de Toulouse<\/strong>, du Rex et du restaurant Le Jardin, et organisateurs du championnat du monde de cassoulet, les deux humoristes sont \u00e9galement tr\u00e8s investis dans la Ville rose.\u00a0<\/p>\n<p class=\" wall-content\">Suivez toute l\u2019actualit\u00e9 de vos villes et m\u00e9dias favoris en vous inscrivant \u00e0 <a href=\"https:\/\/moncompte.actu.fr\" title=\"D\u00e9couvez Mon Actu\" rel=\"nofollow noopener\" data-trk=\"{&quot;cta&quot;:{&quot;action&quot;:&quot;https:\\\/\\\/moncompte.actu.fr&quot;,&quot;category&quot;:&quot;mon compte&quot;,&quot;from&quot;:&quot;article footer&quot;,&quot;name&quot;:&quot;Mon actu&quot;,&quot;type&quot;:&quot;cta&quot;}}\" target=\"_blank\">Mon Actu<\/a>.<\/p>\n<p>                    <script async src=\"\/\/www.instagram.com\/embed.js\"><\/script><\/p>\n","protected":false},"excerpt":{"rendered":"Par Gabriel Kenedi Publi\u00e9 le 18 juil. 2025 \u00e0 18h23 ; mis \u00e0 jour le 18 juil. 2025&hellip;\n","protected":false},"author":2,"featured_media":257657,"comment_status":"","ping_status":"","sticky":false,"template":"","format":"standard","meta":{"footnotes":""},"categories":[2816],"tags":[1111,11,1777,674,118,1011,27,708,500,12,2680,25,2312],"class_list":{"0":"post-257656","1":"post","2":"type-post","3":"status-publish","4":"format-standard","5":"has-post-thumbnail","7":"category-toulouse","8":"tag-actu","9":"tag-actualites","10":"tag-eu","11":"tag-europe","12":"tag-faits-divers","13":"tag-fr","14":"tag-france","15":"tag-humour","16":"tag-medias","17":"tag-news","18":"tag-occitanie","19":"tag-republique-francaise","20":"tag-toulouse"},"share_on_mastodon":{"url":"https:\/\/pubeurope.com\/@fr\/114877181759459260","error":""},"_links":{"self":[{"href":"https:\/\/www.europesays.com\/fr\/wp-json\/wp\/v2\/posts\/257656","targetHints":{"allow":["GET"]}}],"collection":[{"href":"https:\/\/www.europesays.com\/fr\/wp-json\/wp\/v2\/posts"}],"about":[{"href":"https:\/\/www.europesays.com\/fr\/wp-json\/wp\/v2\/types\/post"}],"author":[{"embeddable":true,"href":"https:\/\/www.europesays.com\/fr\/wp-json\/wp\/v2\/users\/2"}],"replies":[{"embeddable":true,"href":"https:\/\/www.europesays.com\/fr\/wp-json\/wp\/v2\/comments?post=257656"}],"version-history":[{"count":0,"href":"https:\/\/www.europesays.com\/fr\/wp-json\/wp\/v2\/posts\/257656\/revisions"}],"wp:featuredmedia":[{"embeddable":true,"href":"https:\/\/www.europesays.com\/fr\/wp-json\/wp\/v2\/media\/257657"}],"wp:attachment":[{"href":"https:\/\/www.europesays.com\/fr\/wp-json\/wp\/v2\/media?parent=257656"}],"wp:term":[{"taxonomy":"category","embeddable":true,"href":"https:\/\/www.europesays.com\/fr\/wp-json\/wp\/v2\/categories?post=257656"},{"taxonomy":"post_tag","embeddable":true,"href":"https:\/\/www.europesays.com\/fr\/wp-json\/wp\/v2\/tags?post=257656"}],"curies":[{"name":"wp","href":"https:\/\/api.w.org\/{rel}","templated":true}]}}