{"id":25766,"date":"2025-04-15T03:13:15","date_gmt":"2025-04-15T03:13:15","guid":{"rendered":"https:\/\/www.europesays.com\/fr\/25766\/"},"modified":"2025-04-15T03:13:15","modified_gmt":"2025-04-15T03:13:15","slug":"a-rennes-un-jeune-homme-de-18-ans-blesse-a-larme-blanche","status":"publish","type":"post","link":"https:\/\/www.europesays.com\/fr\/25766\/","title":{"rendered":"\u00c0 Rennes, un jeune homme de 18 ans bless\u00e9 \u00e0 l\u2019arme blanche"},"content":{"rendered":"<p>Vers 23\u00a0h, ce samedi 12 avril, un homme de 18 ans a \u00e9t\u00e9 bless\u00e9 par arme blanche \u00e0 proximit\u00e9 d\u2019un fast-food du centre commercial Italie, \u00e0 Rennes comme l\u2019a r\u00e9v\u00e9l\u00e9 Ouest-France. Selon la police, la victime a \u00e9t\u00e9 touch\u00e9e \u00e0 deux reprises par \u00ab\u00a0un objet tranchant. On ne sait pas s\u2019il s\u2019agit d\u2019un couteau \u00e0 cette heure\u00a0\u00bb.<\/p>\n<p>\u00ab\u00a0Deux petites plaies\u00a0\u00bb<\/p>\n<p>L\u2019homme a \u00e9t\u00e9 transport\u00e9 pour des blessures l\u00e9g\u00e8res au CHU de Pontchaillou par les secours \u00e9galement appel\u00e9s sur place. \u00ab\u00a0Il souffrait de deux petites plaies\u00a0\u00bb, pr\u00e9cise la police. La victime a \u00e9t\u00e9 auditionn\u00e9e dimanche apr\u00e8s-midi afin de d\u00e9terminer la chronologie des faits. Une enqu\u00eate est en cours. L\u2019auteur des coups reste introuvable.<\/p>\n","protected":false},"excerpt":{"rendered":"Vers 23\u00a0h, ce samedi 12 avril, un homme de 18 ans a \u00e9t\u00e9 bless\u00e9 par arme blanche \u00e0&hellip;\n","protected":false},"author":2,"featured_media":25767,"comment_status":"","ping_status":"","sticky":false,"template":"","format":"standard","meta":{"footnotes":""},"categories":[2821],"tags":[1111,11,829,765,1777,674,3383,1011,27,12,584,25],"class_list":{"0":"post-25766","1":"post","2":"type-post","3":"status-publish","4":"format-standard","5":"has-post-thumbnail","7":"category-rennes","8":"tag-actu","9":"tag-actualites","10":"tag-bretagne","11":"tag-en-continu","12":"tag-eu","13":"tag-europe","14":"tag-faits-divers-a-rennes","15":"tag-fr","16":"tag-france","17":"tag-news","18":"tag-rennes","19":"tag-republique-francaise"},"share_on_mastodon":{"url":"https:\/\/pubeurope.com\/@fr\/114339800894806758","error":""},"_links":{"self":[{"href":"https:\/\/www.europesays.com\/fr\/wp-json\/wp\/v2\/posts\/25766","targetHints":{"allow":["GET"]}}],"collection":[{"href":"https:\/\/www.europesays.com\/fr\/wp-json\/wp\/v2\/posts"}],"about":[{"href":"https:\/\/www.europesays.com\/fr\/wp-json\/wp\/v2\/types\/post"}],"author":[{"embeddable":true,"href":"https:\/\/www.europesays.com\/fr\/wp-json\/wp\/v2\/users\/2"}],"replies":[{"embeddable":true,"href":"https:\/\/www.europesays.com\/fr\/wp-json\/wp\/v2\/comments?post=25766"}],"version-history":[{"count":0,"href":"https:\/\/www.europesays.com\/fr\/wp-json\/wp\/v2\/posts\/25766\/revisions"}],"wp:featuredmedia":[{"embeddable":true,"href":"https:\/\/www.europesays.com\/fr\/wp-json\/wp\/v2\/media\/25767"}],"wp:attachment":[{"href":"https:\/\/www.europesays.com\/fr\/wp-json\/wp\/v2\/media?parent=25766"}],"wp:term":[{"taxonomy":"category","embeddable":true,"href":"https:\/\/www.europesays.com\/fr\/wp-json\/wp\/v2\/categories?post=25766"},{"taxonomy":"post_tag","embeddable":true,"href":"https:\/\/www.europesays.com\/fr\/wp-json\/wp\/v2\/tags?post=25766"}],"curies":[{"name":"wp","href":"https:\/\/api.w.org\/{rel}","templated":true}]}}