{"id":257661,"date":"2025-07-19T00:59:13","date_gmt":"2025-07-19T00:59:13","guid":{"rendered":"https:\/\/www.europesays.com\/fr\/257661\/"},"modified":"2025-07-19T00:59:13","modified_gmt":"2025-07-19T00:59:13","slug":"sa-famille-lance-un-appel-a-temoins","status":"publish","type":"post","link":"https:\/\/www.europesays.com\/fr\/257661\/","title":{"rendered":"sa famille lance un appel \u00e0 t\u00e9moins"},"content":{"rendered":"<p>Un enfant qui d\u00e9ambule sans surveillance dans le service et entre dans la chambre de b\u00e9b\u00e9s tr\u00e8s fragiles, un service insuffisamment s\u00e9curis\u00e9, une surveillance trop distante&#8230; La famille de la petite fille, qui avait cinq jours lors des faits, dit avoir constat\u00e9 des anomalies \u00ab\u00a0concernant la s\u00e9curit\u00e9 de l&rsquo;h\u00f4pital Jeanne de Flandre\u00a0\u00bb, la maternit\u00e9 du CHU.<\/p>\n<p>Elle appelle donc toute famille ayant constat\u00e9 des \u00e9l\u00e9ments similaires \u00e0 t\u00e9moigner, a expliqu\u00e9 \u00e0 l&rsquo;AFP Karima Farhi, cousine du p\u00e8re, devenue la porte-parole de la famille qui habite Tourcoing.<\/p>\n<p>Les personnes souhaitant t\u00e9moigner sont invit\u00e9es \u00e0 contacter le parquet de Lille.<\/p>\n<p>Vendredi, une semaine apr\u00e8s la d\u00e9couverte du b\u00e9b\u00e9 au sol, la procureure Carole \u00c9tienne a indiqu\u00e9 qu&rsquo;elle \u00e9tait morte d&rsquo;un traumatisme \u00ab\u00a0compatible avec une chute\u00a0\u00bb et confirm\u00e9 qu&rsquo;un enfant avait \u00e9t\u00e9 vu pr\u00e8s du berceau au moment des faits.<\/p>\n<p>Les faits se sont d\u00e9roul\u00e9s le 11 juillet, en fin de matin\u00e9e, au sein du service de n\u00e9onatologie de l&rsquo;h\u00f4pital Jeanne de Flandre, l&rsquo;une des principales maternit\u00e9s de la r\u00e9gion. La petite fille, n\u00e9e \u00e0 7 mois en demi de grossesse, est d\u00e9c\u00e9d\u00e9e mardi.<\/p>\n<p>La procureure a confirm\u00e9 les d\u00e9clarations de la famille du nourrisson, qui a point\u00e9 le comportement perturbateur du fr\u00e8re d&rsquo;un autre b\u00e9b\u00e9 hospitalis\u00e9 dans le service, et indiqu\u00e9 qu&rsquo;un \u00ab\u00a0enfant de six ans, membre d&rsquo;une autre famille, a effectivement \u00e9t\u00e9 vu \u00e0 proximit\u00e9 du berceau et de l&rsquo;enfant au sol\u00a0\u00bb.<\/p>\n<p>L&rsquo;enqu\u00eate ouverte pour \u00ab\u00a0recherche des causes de la mort\u00a0\u00bb se poursuit.<\/p>\n<p>Les jours pr\u00e9c\u00e9dents, \u00ab\u00a0le grand-p\u00e8re maternel (de Zayneb) est all\u00e9 voir la maman du petit gar\u00e7on \u00e0 deux reprises pour lui indiquer qu&rsquo;il fallait qu&rsquo;elle surveille son enfant\u00a0\u00bb, rapporte Mme Farhi.<\/p>\n<p>La veille du drame, la m\u00e8re de Zayneb l&rsquo;avait retrouv\u00e9e sans sa couche ni son mat\u00e9riel m\u00e9dical, mais le personnel avait r\u00e9pondu \u00e0 ses interrogations qu&rsquo;elle avait d\u00fb les enlever toute seule, ajoute-t-elle.<\/p>\n<p>&#8211; \u00ab\u00a0Plus jamais\u00a0\u00bb &#8211;<\/p>\n<p>Elle souligne que \u00ab\u00a0le personnel m\u00e9dical avait \u00e9t\u00e9 pr\u00e9venu\u00a0\u00bb du \u00ab\u00a0comportement anormal depuis plusieurs jours\u00a0\u00bb du gar\u00e7onnet, d\u00e9j\u00e0 vu \u00e0 proximit\u00e9 de la petite Zayneb, \u00ab\u00a0qu&rsquo;il appelait +ma poup\u00e9e+\u00a0\u00bb.<\/p>\n<p>\u00ab\u00a0Ce que ne veut pas la maman\u00a0\u00bb, une jeune femme de 23 ans dont Zayneb \u00e9tait le premier enfant, \u00ab\u00a0c&rsquo;est qu&rsquo;on pense qu&rsquo;elle a laiss\u00e9 son enfant sans surveillance\u00a0\u00bb alors qu'\u00a0\u00bbelle l&rsquo;a confi\u00e9 au personnel hospitalier\u00a0\u00bb pendant qu&rsquo;elle r\u00e9alisait les formalit\u00e9s pour sa propre sortie de l&rsquo;h\u00f4pital, dans un autre service, insiste la cousine.<\/p>\n<p>Le centre hospitalier, \u00e9voquant dans un communiqu\u00e9 de presse mercredi \u00ab\u00a0un \u00e9v\u00e9nement exceptionnel particuli\u00e8rement grave et bouleversant\u00a0\u00bb, a strictement limit\u00e9 les visites en n\u00e9onatologie.<\/p>\n<p>D\u00e9sormais, seuls les parents peuvent rendre visite aux b\u00e9b\u00e9s qui y sont hospitalis\u00e9s, des mesures \u00ab\u00a0maintenues tant que n\u00e9cessaire\u00a0\u00bb a pr\u00e9cis\u00e9 l&rsquo;h\u00f4pital \u00e0 l&rsquo;AFP vendredi. Une enqu\u00eate administrative interne est \u00e9galement en cours, qui devrait aboutir d&rsquo;ici deux semaines.<\/p>\n<p>La famille du nourrisson, qui ne sait pas encore si elle portera plainte, a appel\u00e9 l&rsquo;h\u00f4pital \u00e0 \u00ab\u00a0assumer sa responsabilit\u00e9\u00a0\u00bb pour que \u00ab\u00a0cela n&rsquo;arrive plus jamais\u00a0\u00bb.<\/p>\n<p>Le livret d&rsquo;accueil du CHU stipule que dans l&rsquo;unit\u00e9 de n\u00e9onatalogie, \u00ab\u00a0les fr\u00e8res et s\u0153urs sont admis mais doivent \u00eatre accompagn\u00e9s et surveill\u00e9s\u00a0\u00bb.<\/p>\n<p>\u00ab\u00a0On ne peut pas accepter que (&#8230;) \u00e7a devienne un enfant livr\u00e9 \u00e0 lui-m\u00eame et que ni le personnel soignant ni l&rsquo;h\u00f4pital n&rsquo;est responsable\u00a0\u00bb, estime Mme Farhi, \u00e9voquant la possibilit\u00e9 d&rsquo;un syst\u00e8me de garde.<\/p>\n<p>La famille a, selon elle, \u00e9galement \u00e9t\u00e9 choqu\u00e9e qu&rsquo;un membre de la direction r\u00e9ponde \u00e0 ses questions sur l&rsquo;\u00e9tat de v\u00e9tust\u00e9 du service en indiquant que des travaux auraient lieu en 2030.<\/p>\n<p>Des d\u00e9l\u00e9gu\u00e9s syndicaux ont r\u00e9clam\u00e9 une r\u00e9union extraordinaire de la commission sant\u00e9, s\u00e9curit\u00e9 et conditions de travail (CSSCT) de l&rsquo;h\u00f4pital \u00ab\u00a0pour parler du contexte du service \u00e0 ce moment-l\u00e0 et pendant les semaines qui pr\u00e9c\u00e9daient\u00a0\u00bb, a indiqu\u00e9 une source syndicale, ajoutant: \u00ab\u00a0on attend toujours\u00a0\u00bb.<\/p>\n<p>lg-cnp-bj\/cnp\/jco<\/p>\n","protected":false},"excerpt":{"rendered":"Un enfant qui d\u00e9ambule sans surveillance dans le service et entre dans la chambre de b\u00e9b\u00e9s tr\u00e8s fragiles,&hellip;\n","protected":false},"author":2,"featured_media":257662,"comment_status":"","ping_status":"","sticky":false,"template":"","format":"standard","meta":{"footnotes":""},"categories":[2815],"tags":[1111,11,847,1777,674,1011,27,811,7419,13355,1307,12,25],"class_list":{"0":"post-257661","1":"post","2":"type-post","3":"status-publish","4":"format-standard","5":"has-post-thumbnail","7":"category-lille","8":"tag-actu","9":"tag-actualites","10":"tag-enfant","11":"tag-eu","12":"tag-europe","13":"tag-fr","14":"tag-france","15":"tag-hauts-de-france","16":"tag-lhopital","17":"tag-la-famille","18":"tag-lille","19":"tag-news","20":"tag-republique-francaise"},"share_on_mastodon":{"url":"https:\/\/pubeurope.com\/@fr\/114877193540426418","error":""},"_links":{"self":[{"href":"https:\/\/www.europesays.com\/fr\/wp-json\/wp\/v2\/posts\/257661","targetHints":{"allow":["GET"]}}],"collection":[{"href":"https:\/\/www.europesays.com\/fr\/wp-json\/wp\/v2\/posts"}],"about":[{"href":"https:\/\/www.europesays.com\/fr\/wp-json\/wp\/v2\/types\/post"}],"author":[{"embeddable":true,"href":"https:\/\/www.europesays.com\/fr\/wp-json\/wp\/v2\/users\/2"}],"replies":[{"embeddable":true,"href":"https:\/\/www.europesays.com\/fr\/wp-json\/wp\/v2\/comments?post=257661"}],"version-history":[{"count":0,"href":"https:\/\/www.europesays.com\/fr\/wp-json\/wp\/v2\/posts\/257661\/revisions"}],"wp:featuredmedia":[{"embeddable":true,"href":"https:\/\/www.europesays.com\/fr\/wp-json\/wp\/v2\/media\/257662"}],"wp:attachment":[{"href":"https:\/\/www.europesays.com\/fr\/wp-json\/wp\/v2\/media?parent=257661"}],"wp:term":[{"taxonomy":"category","embeddable":true,"href":"https:\/\/www.europesays.com\/fr\/wp-json\/wp\/v2\/categories?post=257661"},{"taxonomy":"post_tag","embeddable":true,"href":"https:\/\/www.europesays.com\/fr\/wp-json\/wp\/v2\/tags?post=257661"}],"curies":[{"name":"wp","href":"https:\/\/api.w.org\/{rel}","templated":true}]}}