{"id":257663,"date":"2025-07-19T01:00:18","date_gmt":"2025-07-19T01:00:18","guid":{"rendered":"https:\/\/www.europesays.com\/fr\/257663\/"},"modified":"2025-07-19T01:00:18","modified_gmt":"2025-07-19T01:00:18","slug":"40-ans-de-hip-hop-marseillais-et-un-nouvel-album-en-mode-punk","status":"publish","type":"post","link":"https:\/\/www.europesays.com\/fr\/257663\/","title":{"rendered":"40 ans de hip-hop marseillais et un nouvel album en mode punk"},"content":{"rendered":"\n<p><b>La Marseillaise<\/b><b>\u00a0<\/b><b>: <\/b><b>Qu\u2019est-ce que le quartier de la Plaine symbolise dans votre parcours ?<\/b><\/p>\n<p><b>Freeman<\/b><b>\u00a0<\/b><b>:<\/b> D\u00e9j\u00e0, au niveau sentimental et en dehors de la musique, j\u2019ai plein de souvenirs. J\u2019ai grandi \u00e0 Noailles et Belsunce. Et en fait, la Plaine, les gens ont oubli\u00e9, mais \u00e0 l\u2019\u00e9poque il y avait des petits chevaux, des v\u00e9los. Quand on montait l\u00e0-haut, c\u2019\u00e9tait la bombe dans les ann\u00e9es 1980. Et apr\u00e8s au niveau de la musique, le premier clip qu\u2019on a tourn\u00e9 en tant qu\u2019IAM, c\u2019\u00e9tait \u00e0 la Plaine\u00a0: Imperial Asiatic Man. Nos premiers concerts n\u2019\u00e9taient aussi pas loin, \u00e0 la Maison hant\u00e9e. Cette relation, je l\u2019ai jusqu\u2019\u00e0 aujourd\u2019hui\u00a0: j\u2019ai 53\u00a0ans et je me frappe encore le march\u00e9 de la Plaine le mardi. Et \u00e7a a encore plus de sens de faire ce concert avec La Marseillaise. Le journal nous avait fait nos premi\u00e8res photos. Apr\u00e8s, peu de gens le savent mais, m\u00eame si j\u2019ai fait il y a pas longtemps quelques petits trucs \u00e0 Marseille, un vrai concert comme \u00e7a, dehors, \u00e7a fait plus de 20\u00a0ans que j\u2019en ai pas fait. C\u2019est comme si je revenais \u00e0 la maison alors que j\u2019ai toujours \u00e9t\u00e9 l\u00e0. Et de faire cette petite date sympa avec Djel ou Faf Larage, c\u2019est la cerise sur le g\u00e2teau. Ce sont mes fr\u00e9rots. Faf, c\u2019est un mec qui m\u2019a \u00e9crit mon premier texte.<\/p>\n<p><b>Vous \u00eates entr\u00e9 dans le hip-hop \u00e0 Marseille il y a 40 ans, \u00e0 l\u2019\u00e9poque o\u00f9 c\u2019\u00e9tait une culture d\u00e9di\u00e9e \u00e0 l\u2019\u00e9mancipation. Aujourd\u2019hui, diriez-vous que le rap s\u2019est fait voler son \u00e2me par l\u2019industrie ?<\/b><\/p>\n<p><b>Freeman<\/b><b>\u00a0<\/b><b>: <\/b>Bizarrement, peut-\u00eatre que je prendrais le truc \u00e0 l\u2019envers. Notre musique, elle a tellement \u00e9t\u00e9 bonne que \u00e7a les a interpell\u00e9s. Maintenant, ils s\u2019en servent \u00e0 leur mani\u00e8re. Ils ne me volent pas car ils ne font pas ma musique. Moi par exemple, je travaille sur mon nouvel album. Je reste toujours musical, avec des th\u00e8mes&#8230; Comme on a toujours dit depuis le d\u00e9part, notre musique \u00e0 la base, c\u2019est le sample [le fait d\u2019\u00e9chantillonner une boucle d\u2019un son qui existait avant pour la r\u00e9utiliser sur un autre morceau, Ndlr] et \u00e7a peut venir du monde entier. Je continue \u00e0 faire de la vraie musique dans ma lanc\u00e9e de fa\u00e7on \u00e0 ce que, si je me retrouve avec un vrai pianiste ou bassiste, je n\u2019ai pas honte de me pr\u00e9senter devant lui. On a tellement combattu pour que notre musique soit reconnue que, bizarrement, lorsqu\u2019elle l\u2019a \u00e9t\u00e9, elle s\u2019est mise \u00e0 changer. Maintenant, mon combat, c\u2019est de faire perdurer ce qu\u2019on a amen\u00e9 et de le bonifier. Par exemple, pour le dernier album que j\u2019ai fait (Plafond de verre, avec l\u20191dzirable), on s\u2019est permis d\u2019inviter les Gipsy kings, MOP, ou Gilbert Montagn\u00e9.<\/p>\n<p><b>Vous \u00eates aussi actuellement en studio pour votre nouvel album. Quel est le th\u00e8me ?<\/b><\/p>\n<p><b>Freeman<\/b><b>\u00a0<\/b><b>: <\/b>Je me suis fait un peu plaisir. Depuis une vingtaine d\u2019ann\u00e9es, je fais un solo, puis un album avec des participations, avec une personne en particulier ou un crew. J\u2019alterne. Et l\u00e0, je suis revenu sur mon album solo. J\u2019ai quelques id\u00e9es pour des featurings. Je pense encore que \u00e7a va \u00e9tonner beaucoup de gens. Et puis, je fais un peu des tests. C\u2019est bien parti. Je travaille avec quatre producteurs musicaux pour le moment, \u00e7a va \u00eatre tr\u00e8s \u00e9clectique, mais toujours avec la frappe. On me disait que j\u2019\u00e9tais le punk du groupe. Et bien l\u00e0, je reviens en mode punk.<\/p>\n<p><b>Et \u00e0 la Plaine, vous venez avec quel r\u00e9pertoire ?<\/b><\/p>\n<p><b>Freeman<\/b><b>\u00a0<\/b><b>: <\/b>Je le change en fonction du type de concert. \u00c7a va \u00eatre un petit m\u00e9lange entre nouveaux et anciens morceaux. Je vais me faire un truc sp\u00e9cial. Et puis, de toute fa\u00e7on, si je joue pas certains titres, on m\u2019insulte.<\/p>\n<p><b>Par ailleurs, vous \u00eates aussi beaucoup engag\u00e9 dans le monde associatif. Ces derni\u00e8res ann\u00e9es, notamment \u00e0 l\u2019Apr\u00e8s M de Sainte-Marthe&#8230;<\/b><\/p>\n<p><b>Freeman<\/b><b>\u00a0<\/b><b>: <\/b>Justement, je continue, je reste un b\u00e9n\u00e9vole avec les fr\u00e8res et s\u0153urs de l\u2019Apr\u00e8s M. On est en train de pr\u00e9parer la troisi\u00e8me \u00e9dition du festival de l\u2019Apr\u00e8s M. Cette ann\u00e9e, on va faire venir des nouvelles t\u00eates.<\/p>\n<p><b>Propos recueillis par Philippe Amsellem<\/b><\/p>\n","protected":false},"excerpt":{"rendered":"La Marseillaise\u00a0: Qu\u2019est-ce que le quartier de la Plaine symbolise dans votre parcours ? Freeman\u00a0: D\u00e9j\u00e0, au niveau&hellip;\n","protected":false},"author":2,"featured_media":257664,"comment_status":"","ping_status":"","sticky":false,"template":"","format":"standard","meta":{"footnotes":""},"categories":[2814],"tags":[1111,11,1777,674,1011,27,884,12,882,25,4064],"class_list":{"0":"post-257663","1":"post","2":"type-post","3":"status-publish","4":"format-standard","5":"has-post-thumbnail","7":"category-marseille","8":"tag-actu","9":"tag-actualites","10":"tag-eu","11":"tag-europe","12":"tag-fr","13":"tag-france","14":"tag-marseille","15":"tag-news","16":"tag-provence-alpes-cote-dazur","17":"tag-republique-francaise","18":"tag-week-end"},"share_on_mastodon":{"url":"https:\/\/pubeurope.com\/@fr\/114877197378807310","error":""},"_links":{"self":[{"href":"https:\/\/www.europesays.com\/fr\/wp-json\/wp\/v2\/posts\/257663","targetHints":{"allow":["GET"]}}],"collection":[{"href":"https:\/\/www.europesays.com\/fr\/wp-json\/wp\/v2\/posts"}],"about":[{"href":"https:\/\/www.europesays.com\/fr\/wp-json\/wp\/v2\/types\/post"}],"author":[{"embeddable":true,"href":"https:\/\/www.europesays.com\/fr\/wp-json\/wp\/v2\/users\/2"}],"replies":[{"embeddable":true,"href":"https:\/\/www.europesays.com\/fr\/wp-json\/wp\/v2\/comments?post=257663"}],"version-history":[{"count":0,"href":"https:\/\/www.europesays.com\/fr\/wp-json\/wp\/v2\/posts\/257663\/revisions"}],"wp:featuredmedia":[{"embeddable":true,"href":"https:\/\/www.europesays.com\/fr\/wp-json\/wp\/v2\/media\/257664"}],"wp:attachment":[{"href":"https:\/\/www.europesays.com\/fr\/wp-json\/wp\/v2\/media?parent=257663"}],"wp:term":[{"taxonomy":"category","embeddable":true,"href":"https:\/\/www.europesays.com\/fr\/wp-json\/wp\/v2\/categories?post=257663"},{"taxonomy":"post_tag","embeddable":true,"href":"https:\/\/www.europesays.com\/fr\/wp-json\/wp\/v2\/tags?post=257663"}],"curies":[{"name":"wp","href":"https:\/\/api.w.org\/{rel}","templated":true}]}}