{"id":257667,"date":"2025-07-19T01:02:12","date_gmt":"2025-07-19T01:02:12","guid":{"rendered":"https:\/\/www.europesays.com\/fr\/257667\/"},"modified":"2025-07-19T01:02:12","modified_gmt":"2025-07-19T01:02:12","slug":"lyon-recherche-par-la-justice-il-se-fait-interpeller-a-cause-de-pizzas","status":"publish","type":"post","link":"https:\/\/www.europesays.com\/fr\/257667\/","title":{"rendered":"Lyon : recherch\u00e9 par la justice, il se fait interpeller \u00e0 cause de pizzas"},"content":{"rendered":"<p>En cavale apr\u00e8s avoir \u00e9t\u00e9 condamn\u00e9 \u00e0 de la prison au d\u00e9but du mois de juillet, un homme a \u00e9t\u00e9 interpell\u00e9 \u00e0 Lyon ce vendredi 18 juillet. C&rsquo;est sa consommation de pizzas qui a permis aux policiers de le retrouver.<\/p>\n<p>Il \u00e9tait vis\u00e9 par <b>un mandat d&rsquo;arr\u00eat<\/b> de la Cour d&rsquo;appel de Lyon depuis le 2 juillet. Un homme a \u00e9t\u00e9 arr\u00eat\u00e9 par la police dans <b>le quartier de la Duch\u00e8re<\/b>, \u00e0 Lyon, ce vendredi 18 juillet vers 6h du matin.<\/p>\n<p>Retrouv\u00e9 \u00e0 Lyon \u00e0 cause de sa consommation de pizzas<\/p>\n<p><b>Condamn\u00e9 \u00e0 8 ans de prison<\/b> apr\u00e8s un accident mortel, le fuyard se cachait dans un appartement du 9e arrondissement lyonnais.<\/p>\n<p>Ce dernier a finalement \u00e9t\u00e9 retrouv\u00e9 \u00e0 cause\u2026 de <b>sa consommation de pizza<\/b>. Selon <a class=\"url\" href=\"https:\/\/www.leprogres.fr\/faits-divers-justice\/2025\/07\/18\/l-auteur-d-un-accident-mortel-en-fuite-depuis-sa-condamnation-arrete-grace-a-son-gout-pour-les-pizzas\" target=\"_blank\" rel=\"noopener\">Le Progr\u00e8s<\/a>, les enqu\u00eateurs du GRIF (groupe de recherche des individus en fuite) ont trouv\u00e9 son appartement en surveillant des livraisons de pizza.<\/p>\n<p>Il a ensuite \u00e9t\u00e9 pr\u00e9sent\u00e9 \u00e0 la cour d&rsquo;appel.<\/p>\n<p>Il avait fauch\u00e9 mortellement un pi\u00e9ton \u00e0 Villeurbanne<\/p>\n<p>Il avait \u00e9t\u00e9 condamn\u00e9 apr\u00e8s un accident mortel survenu <b>le 21 septembre 2018<\/b>, sur la commune de <b>Villeurbanne<\/b>.<\/p>\n<p>Au volant d&rsquo;une voiture emprunt\u00e9 et alcoolis\u00e9, l&rsquo;homme avait \u00e9t\u00e9 pourchass\u00e9 par la police.<\/p>\n<p>Lors de cette course-poursuite, il avait alors fauch\u00e9 deux pi\u00e9tons sur un trottoir, tuant un homme de 64 ans avant de reprendre la fuite.<\/p>\n<p><img loading=\"lazy\" decoding=\"async\" src=\"https:\/\/www.europesays.com\/fr\/wp-content\/uploads\/2025\/07\/1752886932_80_img\" width=\"350\" height=\"200\" border=\"0\" title=\"Une voiture de la police nationale\"\/><\/p>\n<p>\u25baPolice &#8211; Justice<\/p>\n<p style=\"font-size: 22px;\"><b>Drame de Couzon-au-Mont-d&rsquo;Or : le suspect mis en examen pour assassinat<\/b><\/p>\n<p>Apr\u00e8s deux jours de garde \u00e0 vue, l&rsquo;homme suspect\u00e9&#8230;<\/p>\n<p><\/p>\n","protected":false},"excerpt":{"rendered":"En cavale apr\u00e8s avoir \u00e9t\u00e9 condamn\u00e9 \u00e0 de la prison au d\u00e9but du mois de juillet, un homme&hellip;\n","protected":false},"author":2,"featured_media":257668,"comment_status":"","ping_status":"","sticky":false,"template":"","format":"standard","meta":{"footnotes":""},"categories":[1889],"tags":[39770,1111,11,2430,1777,674,1011,27,2428,12,21444,1072,25,6345],"class_list":{"0":"post-257667","1":"post","2":"type-post","3":"status-publish","4":"format-standard","5":"has-post-thumbnail","7":"category-lyon","8":"tag-accident-mortel","9":"tag-actu","10":"tag-actualites","11":"tag-auvergne-rhone-alpes","12":"tag-eu","13":"tag-europe","14":"tag-fr","15":"tag-france","16":"tag-lyon","17":"tag-news","18":"tag-pizzas","19":"tag-police","20":"tag-republique-francaise","21":"tag-villeurbanne"},"share_on_mastodon":{"url":"https:\/\/pubeurope.com\/@fr\/114877205308545216","error":""},"_links":{"self":[{"href":"https:\/\/www.europesays.com\/fr\/wp-json\/wp\/v2\/posts\/257667","targetHints":{"allow":["GET"]}}],"collection":[{"href":"https:\/\/www.europesays.com\/fr\/wp-json\/wp\/v2\/posts"}],"about":[{"href":"https:\/\/www.europesays.com\/fr\/wp-json\/wp\/v2\/types\/post"}],"author":[{"embeddable":true,"href":"https:\/\/www.europesays.com\/fr\/wp-json\/wp\/v2\/users\/2"}],"replies":[{"embeddable":true,"href":"https:\/\/www.europesays.com\/fr\/wp-json\/wp\/v2\/comments?post=257667"}],"version-history":[{"count":0,"href":"https:\/\/www.europesays.com\/fr\/wp-json\/wp\/v2\/posts\/257667\/revisions"}],"wp:featuredmedia":[{"embeddable":true,"href":"https:\/\/www.europesays.com\/fr\/wp-json\/wp\/v2\/media\/257668"}],"wp:attachment":[{"href":"https:\/\/www.europesays.com\/fr\/wp-json\/wp\/v2\/media?parent=257667"}],"wp:term":[{"taxonomy":"category","embeddable":true,"href":"https:\/\/www.europesays.com\/fr\/wp-json\/wp\/v2\/categories?post=257667"},{"taxonomy":"post_tag","embeddable":true,"href":"https:\/\/www.europesays.com\/fr\/wp-json\/wp\/v2\/tags?post=257667"}],"curies":[{"name":"wp","href":"https:\/\/api.w.org\/{rel}","templated":true}]}}