{"id":257679,"date":"2025-07-19T01:10:25","date_gmt":"2025-07-19T01:10:25","guid":{"rendered":"https:\/\/www.europesays.com\/fr\/257679\/"},"modified":"2025-07-19T01:10:25","modified_gmt":"2025-07-19T01:10:25","slug":"parti-vivre-en-famille-des-aventures-passionnantes-en-russie-un-americain-se-retrouve-sur-le-front-ukrainien","status":"publish","type":"post","link":"https:\/\/www.europesays.com\/fr\/257679\/","title":{"rendered":"Parti vivre en famille des \u00ab\u00a0aventures passionnantes\u00a0\u00bb en Russie, un Am\u00e9ricain se retrouve sur le front ukrainien"},"content":{"rendered":"<ul class=\"jsx-862013697 ArticleChapo__List\">\n<li class=\"jsx-862013697 ArticleChapo__List_Item flex\">Un citoyen am\u00e9ricain russophile est parti vivre pr\u00e8s de Moscou avec sa famille, avec l&rsquo;id\u00e9e de partager son exp\u00e9rience sur les r\u00e9seaux sociaux.<\/li>\n<li class=\"jsx-862013697 ArticleChapo__List_Item flex\">Pour acqu\u00e9rir plus vite la nationalit\u00e9 russe, il s&rsquo;est engag\u00e9 dans l&rsquo;arm\u00e9e.<\/li>\n<li class=\"jsx-862013697 ArticleChapo__List_Item flex\">Il a depuis \u00e9t\u00e9 envoy\u00e9 en premi\u00e8re ligne sur le front ukrainien et son \u00e9pouse lance sur son sort.<\/li>\n<\/ul>\n<p><a href=\"https:\/\/www.tf1info.fr\/actualite\/guerre-en-ukraine-une-treve-en-negociation-13895\/\" rel=\"noopener\" class=\"jsx-484472199 Link jsx-1428418400 jsx-554215408\" target=\"_blank\"><\/p>\n<p style=\"font-weight:400\" class=\"jsx-1837267516\">Suivez la couverture compl\u00e8te<\/p>\n<p style=\"font-weight:800\" class=\"jsx-1837267516\">Guerre en Ukraine : une tr\u00eave sera-t-elle possible ? <\/p>\n<p><\/a><\/p>\n<p data-module=\"article-paragraph\" class=\"jsx-3046738180 Paragraph Paragraph__End\">Derek Huffman risque de regretter am\u00e8rement son choix. R\u00e9cemment expatri\u00e9 en Russie avec femme et enfants, cet Am\u00e9ricain, russophile assum\u00e9, avait choisi de partir vivre \u00e0 Istra, dans l&rsquo;oblast de Moscou. Il a fini par se retrouver engag\u00e9 en premi\u00e8re ligne dans la guerre que m\u00e8ne Moscou <a href=\"https:\/\/www.tf1info.fr\/actualite\/invasion-de-l-ukraine-par-la-russie-une-guerre-qui-dure-12951\/\" target=\"_blank\" rel=\"noopener\">contre l&rsquo;Ukraine (nouvelle fen\u00eatre)<\/a>.\u00a0<\/p>\n<p>L&rsquo;arm\u00e9e en \u00e9change de la nationalit\u00e9 russe<\/p>\n<p data-module=\"article-paragraph\" class=\"jsx-3046738180 Paragraph\">Tout avait plut\u00f4t bien commenc\u00e9. D\u00e8s son d\u00e9m\u00e9nagement en Russie, la famille Huffman enjoint sa communaut\u00e9 \u00e0 suivre ses \u00ab\u00a0aventures passionnantes \u00e0 Istra, en Russie, et dans ses environs\u00a0\u00bb sur son <a href=\"https:\/\/www.youtube.com\/@HuffmanTime\" target=\"_blank\" rel=\"noopener\">compte YouTube (nouvelle fen\u00eatre)<\/a>. Elle promet : \u00ab\u00a0Que vous envisagiez de d\u00e9m\u00e9nager en Russie, que vous pr\u00e9voyiez de visiter ce pays ou que vous soyez simplement curieux de d\u00e9couvrir la vie dans ce pays fascinant, notre cha\u00eene divertissante et amusante est faite pour vous.\u00a0\u00bb<\/p>\n<p data-module=\"article-paragraph\" class=\"jsx-3046738180 Paragraph Paragraph__End\">Depuis cette pr\u00e9sentation en forme de carte postale, la situation a pourtant bien chang\u00e9 pour le couple et ses trois enfants. Le 26 mars, Derek Huffman annonce dans <a href=\"https:\/\/www.youtube.com\/watch?v=E_DFfub7wx8\" target=\"_blank\" rel=\"noopener\">une vid\u00e9o (nouvelle fen\u00eatre)<\/a> avoir rejoint l&rsquo;arm\u00e9e et partir d\u00e8s le jour m\u00eame \u00ab\u00a0pour l&rsquo;op\u00e9ration sp\u00e9ciale\u00a0\u00bb, terme toujours utilis\u00e9 par la propagande russe pour d\u00e9signer la guerre en Ukraine. Selon lui, cet enr\u00f4lement, cens\u00e9 durer un an, vise \u00e0 acqu\u00e9rir plus rapidement la nationalit\u00e9 russe. L&rsquo;Am\u00e9ricain a donc rejoint l&rsquo;arm\u00e9e, qui lui a propos\u00e9 officiellement un poste de correspondant de guerre, puis de m\u00e9canicien en raison de son exp\u00e9rience de soudeur. Mais il s&rsquo;est rapidement retrouv\u00e9 en premi\u00e8re ligne, en d\u00e9pit de son absence de comp\u00e9tences militaires, selon sa femme DeAnna. \u00a0<\/p>\n<p><a href=\"https:\/\/www.tf1info.fr\/international\/video-lci-russie-des-images-satellites-revelent-de-nouvelles-installations-nucleaires-secretes-2383511.html\" rel=\"noopener\" class=\"jsx-3308031228 Link flex\" target=\"_blank\"><img decoding=\"async\" src=\"https:\/\/www.europesays.com\/fr\/wp-content\/uploads\/2025\/07\/centrale-nucleaire-de-kourtchatov-le-27-aout-2024-f84d63-1@1x.jpeg\" alt=\"TATYANA MAKEYEVA \/ AFP\" loading=\"lazy\" importance=\"low\" fetchpriority=\"low\" class=\"\" aria-hidden=\"true\"\/><\/p>\n<p class=\"jsx-3657663356 ReadMoreArticle__Title\">Lire aussi<\/p>\n<p class=\"jsx-3657663356\">Russie : des images satellites r\u00e9v\u00e8lent de nouvelles installations nucl\u00e9aires secr\u00e8tes<\/p>\n<p><\/a><\/p>\n<p data-module=\"article-paragraph\" class=\"jsx-3046738180 Paragraph Paragraph__End\">Depuis, l&rsquo;Am\u00e9ricaine tente d&rsquo;alerter sur le sort r\u00e9serv\u00e9 \u00e0 son \u00e9poux, via une p\u00e9tition ou l&rsquo;interpellation de personnalit\u00e9s publiques. Dans une vid\u00e9o du 15 juillet, DeAnna assure avoir eu des nouvelles de son mari, qui \u00ab\u00a0va bien\u00a0\u00bb. Elle rapporte n&rsquo;avoir re\u00e7u aucune prime, ni salaire li\u00e9 \u00e0 l&rsquo;engagement de Derek Huffman.\u00a0<\/p>\n<p>C.Q <\/p>\n","protected":false},"excerpt":{"rendered":"Un citoyen am\u00e9ricain russophile est parti vivre pr\u00e8s de Moscou avec sa famille, avec l&rsquo;id\u00e9e de partager son&hellip;\n","protected":false},"author":2,"featured_media":257680,"comment_status":"","ping_status":"","sticky":false,"template":"","format":"standard","meta":{"footnotes":""},"categories":[1591],"tags":[1111,11,1921,75,73,1887,5582,28083,1922,1916,12,1885,1886,132,220,133,1920,135],"class_list":{"0":"post-257679","1":"post","2":"type-post","3":"status-publish","4":"format-standard","5":"has-post-thumbnail","7":"category-russie","8":"tag-actu","9":"tag-actualites","10":"tag-article-video","11":"tag-donald-trump","12":"tag-etats-unis","13":"tag-federation-de-russie","14":"tag-forces-de-lordre-armee-pompiers","15":"tag-guerre-en-ukraine-une-treve-sera-t-elle-possible","16":"tag-info","17":"tag-moscou","18":"tag-news","19":"tag-russia","20":"tag-russian-federation","21":"tag-russie","22":"tag-ukraine","23":"tag-video","24":"tag-video-international","25":"tag-vladimir-poutine"},"share_on_mastodon":{"url":"https:\/\/pubeurope.com\/@fr\/114877236750281737","error":""},"_links":{"self":[{"href":"https:\/\/www.europesays.com\/fr\/wp-json\/wp\/v2\/posts\/257679","targetHints":{"allow":["GET"]}}],"collection":[{"href":"https:\/\/www.europesays.com\/fr\/wp-json\/wp\/v2\/posts"}],"about":[{"href":"https:\/\/www.europesays.com\/fr\/wp-json\/wp\/v2\/types\/post"}],"author":[{"embeddable":true,"href":"https:\/\/www.europesays.com\/fr\/wp-json\/wp\/v2\/users\/2"}],"replies":[{"embeddable":true,"href":"https:\/\/www.europesays.com\/fr\/wp-json\/wp\/v2\/comments?post=257679"}],"version-history":[{"count":0,"href":"https:\/\/www.europesays.com\/fr\/wp-json\/wp\/v2\/posts\/257679\/revisions"}],"wp:featuredmedia":[{"embeddable":true,"href":"https:\/\/www.europesays.com\/fr\/wp-json\/wp\/v2\/media\/257680"}],"wp:attachment":[{"href":"https:\/\/www.europesays.com\/fr\/wp-json\/wp\/v2\/media?parent=257679"}],"wp:term":[{"taxonomy":"category","embeddable":true,"href":"https:\/\/www.europesays.com\/fr\/wp-json\/wp\/v2\/categories?post=257679"},{"taxonomy":"post_tag","embeddable":true,"href":"https:\/\/www.europesays.com\/fr\/wp-json\/wp\/v2\/tags?post=257679"}],"curies":[{"name":"wp","href":"https:\/\/api.w.org\/{rel}","templated":true}]}}