{"id":257685,"date":"2025-07-19T01:13:13","date_gmt":"2025-07-19T01:13:13","guid":{"rendered":"https:\/\/www.europesays.com\/fr\/257685\/"},"modified":"2025-07-19T01:13:13","modified_gmt":"2025-07-19T01:13:13","slug":"est-il-vrai-que-1-400-foyers-ont-fui-le-royaume-uni-apres-un-impot-sur-les-riches-comme-laffirme-amelie-de-montchalin-liberation","status":"publish","type":"post","link":"https:\/\/www.europesays.com\/fr\/257685\/","title":{"rendered":"est-il vrai que 1\u00a0400 foyers ont fui le Royaume-Uni apr\u00e8s un imp\u00f4t sur les riches, comme l\u2019affirme Am\u00e9lie de\u00a0Montchalin\u00a0? \u2013 Lib\u00e9ration"},"content":{"rendered":"<p class=\"sc-ksZaOG ehjQrN text-element\">Craignant un exil fiscal des plus riches, le gouvernement a redit son opposition \u00e0 l\u2019id\u00e9e d\u2019une \u00abtaxe Zucman\u00bb \u2013 une mesure adopt\u00e9e par l\u2019Assembl\u00e9e nationale en f\u00e9vrier, puis retoqu\u00e9e par le S\u00e9nat en juin. Cette proposition visait \u00e0 instaurer un nouvel imp\u00f4t d\u2019au moins 2 % sur les patrimoines des pr\u00e8s de 1 800 foyers fiscaux fran\u00e7ais, qui poss\u00e8dent un patrimoine sup\u00e9rieur \u00e0 100 millions d\u2019euros.<\/p>\n<p class=\"sc-ksZaOG ehjQrN text-element\">A l\u2019issue du Conseil des ministres, mercredi 16 juillet, la ministre charg\u00e9e des Comptes public, Am\u00e9lie de Montchalin, a justifi\u00e9 ce rejet en donnant l\u2019exemple du Royaume-Uni, o\u00f9 \u00absur une proposition beaucoup plus mod\u00e9r\u00e9e mais qui a quelques ressemblances, en quelques mois ce sont 1 400 foyers qui sont partis et qui ont sorti du pays 110 milliards de livres d\u2019investissement\u00bb.<\/p>\n<p class=\"sc-ksZaOG ehjQrN text-element\">Sur le r\u00e9seau social X, l\u2019\u00e9conomiste fran\u00e7ais Gabriel Zucman, principal concepteur de cette taxe, <a href=\"https:\/\/x.com\/gabriel_zucman\/status\/1945496756990640215\" target=\"_blank\" rel=\"\" title=\"https:\/\/x.com\/gabriel_zucman\/status\/1945496756990640215\">a vivement r\u00e9agi aux propos de la ministre<\/a>. Il explique qu\u2019aucune mesure comparable \u00e0 sa proposition n\u2019a \u00e9t\u00e9 mise en place au Royaume-Uni. Et d\u00e9taille qu\u2019en r\u00e9alit\u00e9, les chiffres avanc\u00e9s par la ministre font r\u00e9f\u00e9rence \u00e0 la suppression du r\u00e9gime des \u00abnon-domiciled residents\u00bb (non-doms), mise en application depuis avril. Ce changement, initi\u00e9 par le pr\u00e9c\u00e9dent gouvernement conservateur et poursuivi par les travaillistes, met fin \u00e0 un statut fiscal qui permettai<\/p>\n","protected":false},"excerpt":{"rendered":"Craignant un exil fiscal des plus riches, le gouvernement a redit son opposition \u00e0 l\u2019id\u00e9e d\u2019une \u00abtaxe Zucman\u00bb&hellip;\n","protected":false},"author":2,"featured_media":257686,"comment_status":"","ping_status":"","sticky":false,"template":"","format":"standard","meta":{"footnotes":""},"categories":[1588],"tags":[11,13850,1777,674,342,12,473,1853,1851,1850,1852],"class_list":{"0":"post-257685","1":"post","2":"type-post","3":"status-publish","4":"format-standard","5":"has-post-thumbnail","7":"category-royaume-uni","8":"tag-actualites","9":"tag-amelie-de-montchalin","10":"tag-eu","11":"tag-europe","12":"tag-impots","13":"tag-news","14":"tag-royaume-uni","15":"tag-royaume-uni-de-grande-bretagne-et-dirlande-du-nord","16":"tag-uk","17":"tag-united-kingdom","18":"tag-united-kingdom-of-great-britain-and-northern-ireland"},"share_on_mastodon":{"url":"https:\/\/pubeurope.com\/@fr\/114877248538517984","error":""},"_links":{"self":[{"href":"https:\/\/www.europesays.com\/fr\/wp-json\/wp\/v2\/posts\/257685","targetHints":{"allow":["GET"]}}],"collection":[{"href":"https:\/\/www.europesays.com\/fr\/wp-json\/wp\/v2\/posts"}],"about":[{"href":"https:\/\/www.europesays.com\/fr\/wp-json\/wp\/v2\/types\/post"}],"author":[{"embeddable":true,"href":"https:\/\/www.europesays.com\/fr\/wp-json\/wp\/v2\/users\/2"}],"replies":[{"embeddable":true,"href":"https:\/\/www.europesays.com\/fr\/wp-json\/wp\/v2\/comments?post=257685"}],"version-history":[{"count":0,"href":"https:\/\/www.europesays.com\/fr\/wp-json\/wp\/v2\/posts\/257685\/revisions"}],"wp:featuredmedia":[{"embeddable":true,"href":"https:\/\/www.europesays.com\/fr\/wp-json\/wp\/v2\/media\/257686"}],"wp:attachment":[{"href":"https:\/\/www.europesays.com\/fr\/wp-json\/wp\/v2\/media?parent=257685"}],"wp:term":[{"taxonomy":"category","embeddable":true,"href":"https:\/\/www.europesays.com\/fr\/wp-json\/wp\/v2\/categories?post=257685"},{"taxonomy":"post_tag","embeddable":true,"href":"https:\/\/www.europesays.com\/fr\/wp-json\/wp\/v2\/tags?post=257685"}],"curies":[{"name":"wp","href":"https:\/\/api.w.org\/{rel}","templated":true}]}}