{"id":257687,"date":"2025-07-19T01:14:14","date_gmt":"2025-07-19T01:14:14","guid":{"rendered":"https:\/\/www.europesays.com\/fr\/257687\/"},"modified":"2025-07-19T01:14:14","modified_gmt":"2025-07-19T01:14:14","slug":"euro-2025-france-allemagne-un-enorme-choc-pour-les-bleues-direct-video-20h55","status":"publish","type":"post","link":"https:\/\/www.europesays.com\/fr\/257687\/","title":{"rendered":"Euro 2025\u00a0: France \u2013 Allemagne, un \u00e9norme choc pour les Bleues (Direct vid\u00e9o 20h55)"},"content":{"rendered":"<p>La France, 10e nation mondiale, face \u00e0 l\u2019Allemagne, 3e\u00a0: le dernier quart de finale de l\u2019Euro f\u00e9minin 2025 met aux prises deux des cinq meilleures nations europ\u00e9ennes ce samedi. Au classement FIFA, avantage \u00e0 l\u2019Allemagne, mais c\u2019est la France qui entamera cette rencontre avec le moral au beau fixe.<\/p>\n<p>Plac\u00e9es dans une poule D ultrarelev\u00e9e (Angleterre, Pays-Bas, pays de Galles), les Bleues ont empil\u00e9 trois victoires pour terminer en t\u00eate. Les d\u00e9buts de l\u2019Allemagne dans la poule C\u00a0avaient \u00e9galement \u00e9t\u00e9 impeccables\u00a0avec des succ\u00e8s face \u00e0 la Pologne (2-0) et au Danemark (2-1). <a href=\"https:\/\/www.rtbf.be\/article\/euro-2025-pluie-de-buts-dans-la-poule-c-la-suede-malmene-10-allemandes-et-termine-en-tete-la-pologne-surprend-le-danemark-11575527\" rel=\"nofollow noopener\" target=\"_blank\">Mais le troisi\u00e8me match s\u2019est sold\u00e9 par une d\u00e9faite 1-4 face \u00e0 la Su\u00e8de<\/a>, apr\u00e8s l\u2019exclusion de <strong>Carlotta Wamser<\/strong> d\u00e8s la 31e minute. <strong>Lea Sch\u00fcller<\/strong> et ses co\u00e9quipi\u00e8res devront donc r\u00e9agir ce samedi.<\/p>\n<p>Rendez-vous d\u00e8s 20h55 pour suivre cette rencontre en direct vid\u00e9o sur Tipik, Auvio et en t\u00eate de cet article avec\u00a0la RTBF.<\/p>\n","protected":false},"excerpt":{"rendered":"La France, 10e nation mondiale, face \u00e0 l\u2019Allemagne, 3e\u00a0: le dernier quart de finale de l\u2019Euro f\u00e9minin 2025&hellip;\n","protected":false},"author":2,"featured_media":257688,"comment_status":"","ping_status":"","sticky":false,"template":"","format":"standard","meta":{"footnotes":""},"categories":[1587],"tags":[11,672,1804,1805,1803,1777,674,1801,12,1802],"class_list":{"0":"post-257687","1":"post","2":"type-post","3":"status-publish","4":"format-standard","5":"has-post-thumbnail","7":"category-allemagne","8":"tag-actualites","9":"tag-allemagne","10":"tag-bundesrepublik-deutschland","11":"tag-de","12":"tag-deutschland","13":"tag-eu","14":"tag-europe","15":"tag-germany","16":"tag-news","17":"tag-republique-federale-dallemagne"},"share_on_mastodon":{"url":"https:\/\/pubeurope.com\/@fr\/114877252488638461","error":""},"_links":{"self":[{"href":"https:\/\/www.europesays.com\/fr\/wp-json\/wp\/v2\/posts\/257687","targetHints":{"allow":["GET"]}}],"collection":[{"href":"https:\/\/www.europesays.com\/fr\/wp-json\/wp\/v2\/posts"}],"about":[{"href":"https:\/\/www.europesays.com\/fr\/wp-json\/wp\/v2\/types\/post"}],"author":[{"embeddable":true,"href":"https:\/\/www.europesays.com\/fr\/wp-json\/wp\/v2\/users\/2"}],"replies":[{"embeddable":true,"href":"https:\/\/www.europesays.com\/fr\/wp-json\/wp\/v2\/comments?post=257687"}],"version-history":[{"count":0,"href":"https:\/\/www.europesays.com\/fr\/wp-json\/wp\/v2\/posts\/257687\/revisions"}],"wp:featuredmedia":[{"embeddable":true,"href":"https:\/\/www.europesays.com\/fr\/wp-json\/wp\/v2\/media\/257688"}],"wp:attachment":[{"href":"https:\/\/www.europesays.com\/fr\/wp-json\/wp\/v2\/media?parent=257687"}],"wp:term":[{"taxonomy":"category","embeddable":true,"href":"https:\/\/www.europesays.com\/fr\/wp-json\/wp\/v2\/categories?post=257687"},{"taxonomy":"post_tag","embeddable":true,"href":"https:\/\/www.europesays.com\/fr\/wp-json\/wp\/v2\/tags?post=257687"}],"curies":[{"name":"wp","href":"https:\/\/api.w.org\/{rel}","templated":true}]}}