{"id":257689,"date":"2025-07-19T01:15:22","date_gmt":"2025-07-19T01:15:22","guid":{"rendered":"https:\/\/www.europesays.com\/fr\/257689\/"},"modified":"2025-07-19T01:15:22","modified_gmt":"2025-07-19T01:15:22","slug":"la-jocondienne-lou-anne-bocquet-championne-deurope-en-double-mixte-cadets","status":"publish","type":"post","link":"https:\/\/www.europesays.com\/fr\/257689\/","title":{"rendered":"la Jocondienne Lou-Anne Bocquet championne d\u2019Europe en double mixte cadets"},"content":{"rendered":"<p>Encore une performance majuscule pour Lou-Anne Bocquet aux championnats d\u2019Europe jeunes de tennis de table qui se tiennent actuellement \u00e0 Ostrava, en R\u00e9publique tch\u00e8que\u00a0!<\/p>\n<p>Trois jours apr\u00e8s avoir \u00e9t\u00e9 sacr\u00e9e <a target=\"_self\" href=\"https:\/\/www.lanouvellerepublique.fr\/indre-et-loire\/commune\/joue-les-tours\/tennis-de-table-leana-hochart-championne-d-europe-par-equipes-lou-anne-bocquet-et-clement-laine-campino-en-argent-1752606193\" rel=\"noopener\">vice-championne d\u2019Europe par \u00e9quipes<\/a> avec les cadettes tricolores, la talentueuse gauch\u00e8re du TT\u00a0Jou\u00e9 est de nouveau mont\u00e9e sur le podium, ce vendredi 18\u00a0juillet 2025, cette fois-ci sur la plus haute marche en double mixte cadets\u00a0! Un titre europ\u00e9en d\u00e9croch\u00e9 au terme d\u2019un parcours sans-faute et de haute vol\u00e9e en compagnie de Noah Tessier (Nantes Saint-Joseph), vice-champion de France cadet en titre.<\/p>\n<p>Une finale de haute vol\u00e9e<\/p>\n<p>Oppos\u00e9s en finale ce vendredi \u00e0 la paire allemande Lukas Wang\u00a0&#8211; Koharu Itagaki, les deux Fran\u00e7ais ont sorti un match tr\u00e8s solide, remportant notamment le premier set sur le fil, au terme d\u2019un long et superbe \u00e9change (12-10). S&rsquo;ils ont davantage subi le rythme de leurs rivaux allemands dans la deuxi\u00e8me manche (7-11), Lou-Anne Bocquet et son partenaire de double ont repris leur marche en avant pour mener deux sets \u00e0 un (11-7). La quatri\u00e8me manche fut encore plus ind\u00e9cise (9-9), jusqu&rsquo;aux deux derniers services de la Jocondienne sur lesquels la paire tricolore a fait la diff\u00e9rence pour s\u2019imposer (11-9 et donc 3 sets \u00e0 1).<\/p>\n<p>Les deux jeunes Fran\u00e7ais pouvaient alors lever les mains et laisser exploser leur joie\u00a0: ils sont bel et bien les nouveaux champions d\u2019Europe du double mixte cadets\u00a0! \u00c0 noter que Lou-Anne Bocquet demeure encore en lice dans deux autres tableaux\u00a0: le double cadettes (en quart de finale avec Alexia Nodin ce samedi \u00e0 16\u00a0h) et en simple (en 16e\u00a0de finale ce samedi \u00e0 9\u00a0h\u00a045).<\/p>\n","protected":false},"excerpt":{"rendered":"Encore une performance majuscule pour Lou-Anne Bocquet aux championnats d\u2019Europe jeunes de tennis de table qui se tiennent&hellip;\n","protected":false},"author":2,"featured_media":257690,"comment_status":"","ping_status":"","sticky":false,"template":"","format":"standard","meta":{"footnotes":""},"categories":[1586],"tags":[1392,11,1777,674,1011,27,1387,3222,12,25,60,16149],"class_list":{"0":"post-257689","1":"post","2":"type-post","3":"status-publish","4":"format-standard","5":"has-post-thumbnail","7":"category-europe","8":"tag-a-la-une-local","9":"tag-actualites","10":"tag-eu","11":"tag-europe","12":"tag-fr","13":"tag-france","14":"tag-indre-et-loire","15":"tag-joue-les-tours","16":"tag-news","17":"tag-republique-francaise","18":"tag-sports","19":"tag-tennis-de-table"},"share_on_mastodon":{"url":"https:\/\/pubeurope.com\/@fr\/114877256342527052","error":""},"_links":{"self":[{"href":"https:\/\/www.europesays.com\/fr\/wp-json\/wp\/v2\/posts\/257689","targetHints":{"allow":["GET"]}}],"collection":[{"href":"https:\/\/www.europesays.com\/fr\/wp-json\/wp\/v2\/posts"}],"about":[{"href":"https:\/\/www.europesays.com\/fr\/wp-json\/wp\/v2\/types\/post"}],"author":[{"embeddable":true,"href":"https:\/\/www.europesays.com\/fr\/wp-json\/wp\/v2\/users\/2"}],"replies":[{"embeddable":true,"href":"https:\/\/www.europesays.com\/fr\/wp-json\/wp\/v2\/comments?post=257689"}],"version-history":[{"count":0,"href":"https:\/\/www.europesays.com\/fr\/wp-json\/wp\/v2\/posts\/257689\/revisions"}],"wp:featuredmedia":[{"embeddable":true,"href":"https:\/\/www.europesays.com\/fr\/wp-json\/wp\/v2\/media\/257690"}],"wp:attachment":[{"href":"https:\/\/www.europesays.com\/fr\/wp-json\/wp\/v2\/media?parent=257689"}],"wp:term":[{"taxonomy":"category","embeddable":true,"href":"https:\/\/www.europesays.com\/fr\/wp-json\/wp\/v2\/categories?post=257689"},{"taxonomy":"post_tag","embeddable":true,"href":"https:\/\/www.europesays.com\/fr\/wp-json\/wp\/v2\/tags?post=257689"}],"curies":[{"name":"wp","href":"https:\/\/api.w.org\/{rel}","templated":true}]}}