{"id":257693,"date":"2025-07-19T01:17:20","date_gmt":"2025-07-19T01:17:20","guid":{"rendered":"https:\/\/www.europesays.com\/fr\/257693\/"},"modified":"2025-07-19T01:17:20","modified_gmt":"2025-07-19T01:17:20","slug":"all-blacks-xv-de-france-sur-quelle-chaine-et-a-quelle-heure-voir-le-test-match-des-bleus","status":"publish","type":"post","link":"https:\/\/www.europesays.com\/fr\/257693\/","title":{"rendered":"All Blacks &#8211; XV de France\u00a0: Sur quelle cha\u00eene et \u00e0 quelle heure voir le test match des Bleus\u00a0?"},"content":{"rendered":"<p>Mettre fin \u00e0 la s\u00e9rie noire face aux All Blacks. C\u2019est l\u2019objectif du XV de France, samedi matin, \u00e0 Hamilton, en Nouvelle-Z\u00e9lande, lors du dernier test-match de la tourn\u00e9e estivale des Bleus.<\/p>\n<p class=\"mb-xxl@xs color-ultramarine font-weight-semi-bold@xs font-source-serif-pro heading-s@xs\">L\u2019acc\u00e8s \u00e0 ce contenu a \u00e9t\u00e9 bloqu\u00e9 afin de respecter votre choix de consentement<\/p>\n<p class=\"mb-m@xs text-l@xs\">En cliquant sur\u00ab J\u2019accepte \u00bb, vous acceptez le d\u00e9p\u00f4t de cookies par des services externes et aurez ainsi acc\u00e8s aux contenus de nos partenaires.<\/p>\n<p class=\"mb-xl@xs text-s@xs\">Plus d\u2019informations sur la page<a href=\"https:\/\/www.20minutes.fr\/gestion-cookies\" class=\"mx-xxs@xs color-ultramarine\" target=\"_blank\" rel=\"noopener\">Politique de gestion des cookies<\/a><\/p>\n<p>J\u2019accepte\u00c0 quelle heure et sur quelle cha\u00eene voir le test-match Nouvelle-Z\u00e9lande &#8211; France<\/p>\n<p>Le troisi\u00e8me test-match des Bleus sera diffus\u00e9 sur Canal +, en direct pour les abonn\u00e9s, le samedi 19\u00a0juillet 2025, \u00e0 9h05 du matin, heure de Paris.<\/p>\n<p>Continuer le travail<\/p>\n<p>Au-del\u00e0 du r\u00e9sultat, l\u2019important r\u00e9side dans la recherche de nouveaux talents et dans la capacit\u00e9 \u00e0 progresser. En terres hostiles, les <a href=\"https:\/\/www.20minutes.fr\/sport\/bleus\/\" class=\"color-ultramarine c-link\" target=\"_blank\" rel=\"noopener\">Bleus<\/a> se sont inclin\u00e9s par deux fois lors des premiers test-matches. D\u2019abord \u00e0 Dunedin (31-27) puis la semaine d\u2019apr\u00e8s \u00e0 Wellington (43-17). Le XV de France esp\u00e8re un autre r\u00e9sultat \u00e0 Hamilton samedi matin m\u00eame s\u2019ils n\u2019ont plus gagn\u00e9 en <a href=\"https:\/\/www.20minutes.fr\/dossier\/nouvelle-zelande\" class=\"color-ultramarine c-link\" target=\"_blank\" rel=\"noopener\">Nouvelle-Z\u00e9lande<\/a> depuis\u00a02009. La bande de Fickou devra se montrer vaillante et efficace pour surprendre les stars n\u00e9o-z\u00e9landaises.<\/p>\n<p>Les All Blacks en favoris<\/p>\n<p>Face \u00e0 un groupe tricolore remani\u00e9, les N\u00e9o-z\u00e9landais, port\u00e9s par leurs supporteurs, ont \u00e9videmment les faveurs des pronostics. Mais les hommes de <a href=\"https:\/\/www.20minutes.fr\/dossier\/fabien_galthie\" class=\"color-ultramarine c-link\" target=\"_blank\" rel=\"noopener\">Fabien Galthi\u00e9<\/a> ont montr\u00e9 qu\u2019ils avaient du r\u00e9pondant. Lors du dernier match, les All Black avaient fait la diff\u00e9rence dans la conqu\u00eate et l\u2019impact physique pour s\u2019imposer largement.<\/p>\n<p>Les compos des \u00e9quipes pour Nouvelle-Z\u00e9lande &#8211; France<\/p>\n<ul>\n<li>Nouvelle-Z\u00e9lande : Love, Reece, Lienert-Brown, Tupaea, Ioane, McKenzie, Ratima, Savea (cap), Jacobson, Finau, Holland, Tuipulotu,  Lomax, Taukei\u2019aho, de Groot<\/li>\n<li>France : Barr\u00e9 &#8211; Attissogbe, Depoort\u00e8re, Fickou (cap.), Villi\u00e8re &#8211; Hastoy (o), Le Garrec (m) &#8211; Brennan, Guillard, Fischer &#8211; Halagahu, Auradou &#8211; Slimani, Bourgarit, Erdocio.<\/li>\n<\/ul>\n","protected":false},"excerpt":{"rendered":"Mettre fin \u00e0 la s\u00e9rie noire face aux All Blacks. C\u2019est l\u2019objectif du XV de France, samedi matin,&hellip;\n","protected":false},"author":2,"featured_media":257694,"comment_status":"","ping_status":"","sticky":false,"template":"","format":"standard","meta":{"footnotes":""},"categories":[2],"tags":[11,2305,515,1011,27,12,25,479,517,513],"class_list":{"0":"post-257693","1":"post","2":"type-post","3":"status-publish","4":"format-standard","5":"has-post-thumbnail","7":"category-actualites","8":"tag-actualites","9":"tag-all-blacks","10":"tag-fabien-galthie","11":"tag-fr","12":"tag-france","13":"tag-news","14":"tag-republique-francaise","15":"tag-rugby","16":"tag-sport","17":"tag-xv-de-france"},"share_on_mastodon":{"url":"https:\/\/pubeurope.com\/@fr\/114877264410369760","error":""},"_links":{"self":[{"href":"https:\/\/www.europesays.com\/fr\/wp-json\/wp\/v2\/posts\/257693","targetHints":{"allow":["GET"]}}],"collection":[{"href":"https:\/\/www.europesays.com\/fr\/wp-json\/wp\/v2\/posts"}],"about":[{"href":"https:\/\/www.europesays.com\/fr\/wp-json\/wp\/v2\/types\/post"}],"author":[{"embeddable":true,"href":"https:\/\/www.europesays.com\/fr\/wp-json\/wp\/v2\/users\/2"}],"replies":[{"embeddable":true,"href":"https:\/\/www.europesays.com\/fr\/wp-json\/wp\/v2\/comments?post=257693"}],"version-history":[{"count":0,"href":"https:\/\/www.europesays.com\/fr\/wp-json\/wp\/v2\/posts\/257693\/revisions"}],"wp:featuredmedia":[{"embeddable":true,"href":"https:\/\/www.europesays.com\/fr\/wp-json\/wp\/v2\/media\/257694"}],"wp:attachment":[{"href":"https:\/\/www.europesays.com\/fr\/wp-json\/wp\/v2\/media?parent=257693"}],"wp:term":[{"taxonomy":"category","embeddable":true,"href":"https:\/\/www.europesays.com\/fr\/wp-json\/wp\/v2\/categories?post=257693"},{"taxonomy":"post_tag","embeddable":true,"href":"https:\/\/www.europesays.com\/fr\/wp-json\/wp\/v2\/tags?post=257693"}],"curies":[{"name":"wp","href":"https:\/\/api.w.org\/{rel}","templated":true}]}}