{"id":257695,"date":"2025-07-19T01:18:46","date_gmt":"2025-07-19T01:18:46","guid":{"rendered":"https:\/\/www.europesays.com\/fr\/257695\/"},"modified":"2025-07-19T01:18:46","modified_gmt":"2025-07-19T01:18:46","slug":"lex-miss-france-rachel-legrain-trapani-victime-dagression-sexuelle-un-suspect-interpelle","status":"publish","type":"post","link":"https:\/\/www.europesays.com\/fr\/257695\/","title":{"rendered":"L\u2019ex-Miss France Rachel Legrain-Trapani victime d\u2019agression sexuelle, un suspect interpell\u00e9"},"content":{"rendered":"<p>Voil\u00e0 son <a href=\"https:\/\/www.20minutes.fr\/dossier\/festival_d_avignon\" class=\"color-ultramarine c-link\" rel=\"nofollow noopener\" target=\"_blank\">Festival d\u2019Avignon<\/a> g\u00e2ch\u00e9. Alors qu\u2019elle y joue actuellement son propre <a href=\"https:\/\/www.20minutes.fr\/arts-stars\/culture\/4162354-20250707-envie-casser-image-miss-france-one-woman-show-explique-rachel-legrain-trapani\" class=\"color-ultramarine c-link\" rel=\"nofollow noopener\" target=\"_blank\">spectacle, intitul\u00e9 \u00ab\u00a0Pas si Miss que \u00e7a\u00a0\u00bb, Rachel Legrain-Trapani<\/a> a \u00e9t\u00e9 victime d\u2019une <a href=\"https:\/\/www.20minutes.fr\/dossier\/agression_sexuelle\" class=\"color-ultramarine c-link\" rel=\"nofollow noopener\" target=\"_blank\">agression sexuelle<\/a> dans les rues de la ville, raconte l\u2019ex-<a href=\"https:\/\/www.20minutes.fr\/arts-stars\/television\/miss_france\/\" class=\"color-ultramarine c-link\" rel=\"nofollow noopener\" target=\"_blank\">Miss France<\/a> 2007, originaire de <a href=\"https:\/\/www.20minutes.fr\/dossier\/picardie\" class=\"color-ultramarine c-link\" rel=\"nofollow noopener\" target=\"_blank\">Picardie<\/a>, sur son <a href=\"https:\/\/www.instagram.com\/racheltrapani\/?hl=fr\" rel=\"nofollow noopener\" target=\"_blank\" class=\"color-ultramarine c-link\">Instagram<\/a> dans un post rep\u00e9r\u00e9 notamment par<a href=\"https:\/\/www.francebleu.fr\/infos\/faits-divers-justice\/festival-d-avignon-l-ancienne-miss-france-rachel-legrain-trapan-depose-plainte-pour-agression-sexuelle-4161467\" rel=\"nofollow noopener\" target=\"_blank\" class=\"color-ultramarine c-link\"> ICI Vaucluse<\/a>.<\/p>\n<p>Sur son r\u00e9seau social, elle raconte avoir \u00e9t\u00e9 abord\u00e9e par plusieurs jeunes qui l\u2019avaient reconnue et lui demandaient des photos. Mais un individu a profit\u00e9 de l\u2019agitation pour s\u2019approcher. \u00ab\u00a0Il y avait un mec qui r\u00f4dait d\u00e9j\u00e0 depuis un moment autour\u00a0\u00bb, confie-t-elle. Elle accepte alors de prendre une photo avec lui. \u00ab\u00a0Il a commenc\u00e9 \u00e0 me toucher\u00a0\u00bb, d\u00e9clare-t-elle dans sa story.<\/p>\n<\/p>\n<p>Les faits se sont produits en pleine rue, selon ses dires. Alert\u00e9e, la police a interpell\u00e9 l\u2019homme mis en cause, un individu n\u00e9 en\u00a01996, pr\u00e9cise la radio publique.<\/p>\n<p><script async src=\"\/\/www.instagram.com\/embed.js\"><\/script><\/p>\n","protected":false},"excerpt":{"rendered":"Voil\u00e0 son Festival d\u2019Avignon g\u00e2ch\u00e9. Alors qu\u2019elle y joue actuellement son propre spectacle, intitul\u00e9 \u00ab\u00a0Pas si Miss que&hellip;\n","protected":false},"author":2,"featured_media":257696,"comment_status":"","ping_status":"","sticky":false,"template":"","format":"standard","meta":{"footnotes":""},"categories":[2],"tags":[47,11,1267,6184,118,16572,1011,27,2440,27472,3034,12,883,812,882,25,1347,4520,797],"class_list":{"0":"post-257695","1":"post","2":"type-post","3":"status-publish","4":"format-standard","5":"has-post-thumbnail","7":"category-actualites","8":"tag-actualite","9":"tag-actualites","10":"tag-agression-sexuelle","11":"tag-avignon","12":"tag-faits-divers","13":"tag-festival-davignon","14":"tag-fr","15":"tag-france","16":"tag-instagram","17":"tag-miss","18":"tag-miss-france","19":"tag-news","20":"tag-paca","21":"tag-picardie","22":"tag-provence-alpes-cote-dazur","23":"tag-republique-francaise","24":"tag-theatre","25":"tag-vaucluse","26":"tag-violences-faites-aux-femmes"},"share_on_mastodon":{"url":"https:\/\/pubeurope.com\/@fr\/114877272119219340","error":""},"_links":{"self":[{"href":"https:\/\/www.europesays.com\/fr\/wp-json\/wp\/v2\/posts\/257695","targetHints":{"allow":["GET"]}}],"collection":[{"href":"https:\/\/www.europesays.com\/fr\/wp-json\/wp\/v2\/posts"}],"about":[{"href":"https:\/\/www.europesays.com\/fr\/wp-json\/wp\/v2\/types\/post"}],"author":[{"embeddable":true,"href":"https:\/\/www.europesays.com\/fr\/wp-json\/wp\/v2\/users\/2"}],"replies":[{"embeddable":true,"href":"https:\/\/www.europesays.com\/fr\/wp-json\/wp\/v2\/comments?post=257695"}],"version-history":[{"count":0,"href":"https:\/\/www.europesays.com\/fr\/wp-json\/wp\/v2\/posts\/257695\/revisions"}],"wp:featuredmedia":[{"embeddable":true,"href":"https:\/\/www.europesays.com\/fr\/wp-json\/wp\/v2\/media\/257696"}],"wp:attachment":[{"href":"https:\/\/www.europesays.com\/fr\/wp-json\/wp\/v2\/media?parent=257695"}],"wp:term":[{"taxonomy":"category","embeddable":true,"href":"https:\/\/www.europesays.com\/fr\/wp-json\/wp\/v2\/categories?post=257695"},{"taxonomy":"post_tag","embeddable":true,"href":"https:\/\/www.europesays.com\/fr\/wp-json\/wp\/v2\/tags?post=257695"}],"curies":[{"name":"wp","href":"https:\/\/api.w.org\/{rel}","templated":true}]}}