{"id":257701,"date":"2025-07-19T01:21:10","date_gmt":"2025-07-19T01:21:10","guid":{"rendered":"https:\/\/www.europesays.com\/fr\/257701\/"},"modified":"2025-07-19T01:21:10","modified_gmt":"2025-07-19T01:21:10","slug":"un-nombre-record-de-volleyeurs-super-heros-sont-attendus-sur-la-plage-de-moisie","status":"publish","type":"post","link":"https:\/\/www.europesays.com\/fr\/257701\/","title":{"rendered":"Un nombre record de volleyeurs \u00ab Super-h\u00e9ros \u00bb sont attendus sur la plage de Moisie"},"content":{"rendered":"<p> <img decoding=\"async\" class=\"lazyload\" src=\"https:\/\/www.europesays.com\/fr\/wp-content\/uploads\/2025\/07\/Comite-Volley-Soleil-2025-678x381.jpg\" alt=\"\" title=\"Comit\u00e9 Volley-Soleil 2025\"\/>Le comit\u00e9 Volley-Soleil 2025 s\u2019implique pour le plaisir du sport et aider les athl\u00e8tes de la rel\u00e8ve du Club Les Macareux et des Jeux du Qu\u00e9bec. (Photo Facebook)<\/p>\n<p><strong>Quelque 265 \u00e9quipes de quatre joueurs fouleront les terrains de volley de plage \u00e0 la rivi\u00e8re Moisie ce week-end. C\u2019est 40 de plus que le record de l\u2019an dernier. Le Volley-Soleil propose aussi deux soir\u00e9es festives avec orchestres. Le tournoi se d\u00e9roule cette ann\u00e9e sous le th\u00e8me des Superh\u00e9ros.<\/strong><\/p>\n<p>Les installations en partie rest\u00e9 en place lors du premier tournoi de la saison, l\u2019Omnium dans l\u2019vent, ont tenu le coup lors des pluies et des vents d\u2019hier. Ce vendredi les jeunes athl\u00e8tes qui repr\u00e9senteront la C\u00f4te-Nord aux Jeux du Qu\u00e9bec de Trois-Rivi\u00e8res et quelques b\u00e9n\u00e9voles du comit\u00e9 Volley-Soleil compl\u00e8tent l\u2019am\u00e9nagement du site avec une quarantaine de terrains de beach-volley.<\/p>\n<p>Un peu comme le tournoi Orange en mai, l\u2019\u00e9v\u00e9nement estival re\u00e7oit des sportifs de partout au Qu\u00e9bec. Les d\u00e9guisements seront de mise pour le Volley-Soleil des Superh\u00e9ros, surtout lors des deux soir\u00e9es en plein air avec orchestres.<\/p>\n<p>Le comit\u00e9 a retenu les services du groupe La Patente pour ce soir (vendredi 18 juillet) et de Ska Sound Sound System samedi soir. \u00ab\u00a0Sous le th\u00e8me des Superh\u00e9ros, on s\u2019attend \u00e0 une ambiance de feu garantie!\u00a0\u00bb<\/p>\n<p><img loading=\"lazy\" decoding=\"async\" width=\"526\" height=\"625\" src=\"https:\/\/www.europesays.com\/fr\/wp-content\/uploads\/2025\/07\/514254719_1124239826395324_3059338652431503125_n.jpg\" alt=\"\" class=\"lazyload wp-image-72285\"  data-\/><strong>Le Volley-Soleil se d\u00e9roule cette ann\u00e9e sous le th\u00e8me des Superh\u00e9ros.<\/strong><\/p>\n<p>Depuis longtemps, les deux tournois de beach-volley \u00e0 Moisie proposent des formules diff\u00e9rentes avec des comp\u00e9titions en \u00e9quipe de deux joueurs hommes et femmes le samedi, puis en couple (mixtes) le dimanche pour l\u2019Omnium dans l\u2019vent. Ce tournoi a aussi fracass\u00e9 un record de participation il y a deux semaines.<\/p>\n<p>Le Volley-Soleil lui, se jouent en mixte avec les m\u00eames \u00e9quipes sur deux jours. Avec un record de 265 \u00e9quipes mixtes de quatre joueurs sur le terrain, l\u2019\u00e9v\u00e9nement accueille des centaines de familles, d\u2019athl\u00e8tes et de visiteurs. Le comit\u00e9 organisateur profite d\u2019une bonne entente avec l\u2019Association de protection de la rivi\u00e8re Moisie permettant aux joueurs de camper sur la plage ce soir et demain.<\/p>\n<p>Le Volley-Soleil invite les participants \u00e0 favoriser le covoiturage entre Sept-\u00celes et la rivi\u00e8re Moisie. Les stationnements se feront rares dans le secteur du Camping de l\u2019APRM. Il faut aussi pr\u00e9voit plus de temps pour se rendre sur place en raison de travaux sur la route 138.<\/p>\n","protected":false},"excerpt":{"rendered":"Le comit\u00e9 Volley-Soleil 2025 s\u2019implique pour le plaisir du sport et aider les athl\u00e8tes de la rel\u00e8ve du&hellip;\n","protected":false},"author":2,"featured_media":257702,"comment_status":"","ping_status":"","sticky":false,"template":"","format":"standard","meta":{"footnotes":""},"categories":[1417],"tags":[1011,27,60,1470,1469],"class_list":{"0":"post-257701","1":"post","2":"type-post","3":"status-publish","4":"format-standard","5":"has-post-thumbnail","7":"category-volley","8":"tag-fr","9":"tag-france","10":"tag-sports","11":"tag-volley","12":"tag-volleyball"},"share_on_mastodon":{"url":"https:\/\/pubeurope.com\/@fr\/114877280106756427","error":""},"_links":{"self":[{"href":"https:\/\/www.europesays.com\/fr\/wp-json\/wp\/v2\/posts\/257701","targetHints":{"allow":["GET"]}}],"collection":[{"href":"https:\/\/www.europesays.com\/fr\/wp-json\/wp\/v2\/posts"}],"about":[{"href":"https:\/\/www.europesays.com\/fr\/wp-json\/wp\/v2\/types\/post"}],"author":[{"embeddable":true,"href":"https:\/\/www.europesays.com\/fr\/wp-json\/wp\/v2\/users\/2"}],"replies":[{"embeddable":true,"href":"https:\/\/www.europesays.com\/fr\/wp-json\/wp\/v2\/comments?post=257701"}],"version-history":[{"count":0,"href":"https:\/\/www.europesays.com\/fr\/wp-json\/wp\/v2\/posts\/257701\/revisions"}],"wp:featuredmedia":[{"embeddable":true,"href":"https:\/\/www.europesays.com\/fr\/wp-json\/wp\/v2\/media\/257702"}],"wp:attachment":[{"href":"https:\/\/www.europesays.com\/fr\/wp-json\/wp\/v2\/media?parent=257701"}],"wp:term":[{"taxonomy":"category","embeddable":true,"href":"https:\/\/www.europesays.com\/fr\/wp-json\/wp\/v2\/categories?post=257701"},{"taxonomy":"post_tag","embeddable":true,"href":"https:\/\/www.europesays.com\/fr\/wp-json\/wp\/v2\/tags?post=257701"}],"curies":[{"name":"wp","href":"https:\/\/api.w.org\/{rel}","templated":true}]}}