{"id":257715,"date":"2025-07-19T01:29:10","date_gmt":"2025-07-19T01:29:10","guid":{"rendered":"https:\/\/www.europesays.com\/fr\/257715\/"},"modified":"2025-07-19T01:29:10","modified_gmt":"2025-07-19T01:29:10","slug":"thomas-pesquet-se-confie-sur-ses-difficultes-avec-sa-compagne-anne-mottet","status":"publish","type":"post","link":"https:\/\/www.europesays.com\/fr\/257715\/","title":{"rendered":"Thomas Pesquet se confie sur ses difficult\u00e9s avec sa compagne Anne Mottet"},"content":{"rendered":"<p>Thomas Pesquet est une v\u00e9ritable ic\u00f4ne. En effet, ce dernier a<br \/>\nsu captiver l\u2019imagination des Fran\u00e7ais et est devenu un exemple de<br \/>\nnombreuses personnes. En 2016, il a r\u00e9alis\u00e9 le r\u00eave de beaucoup en<br \/>\nse rendant dans l\u2019espace. Devenant le deuxi\u00e8me astronaute fran\u00e7ais<br \/>\n\u00e0 s\u2019aventurer au-del\u00e0 de notre atmosph\u00e8re. Un exploit inaugural qui<br \/>\nl\u2019a propuls\u00e9 au rang de figure embl\u00e9matique. Depuis cette premi\u00e8re<br \/>\nodyss\u00e9e, Thomas Pesquet a multipli\u00e9 les voyages spatiaux.<br \/>\nCependant, ce m\u00e9tier est loin d\u2019\u00eatre de tout repos. Heureusement,<br \/>\nl\u2019astronaute peut compter sur le soutien de sa compagne Anne<br \/>\nMottet.<\/p>\n<p>Un soutien indispensable<\/p>\n<p>Depuis plusieurs ann\u00e9es, Thomas Pesquet partage la vie de sa<br \/>\nch\u00e9rie Anne Mottet. Fou amoureux l\u2019un de l\u2019autre, ils font face aux<br \/>\ndifficult\u00e9s ensemble. Et il faut dire que ce n\u2019est pas \u00e7a qui<br \/>\nmanque. Mais le plus difficile est s\u00fbrement la distance. Toutefois,<br \/>\ncela n\u2019a pas l\u2019air de d\u00e9ranger les tourtereaux. D\u2019ailleurs, lors<br \/>\nd\u2019un entretien avec le journal Midi Olympique, <a href=\"https:\/\/www.melty.fr\/people\/thomas-pesquet-sans-filtre-sur-sa-vie-de-couple-on-a-decide-de-2188317.html\" target=\"_blank\" rel=\"noopener\"><br \/>\nThomas Pesquet s\u2019est confi\u00e9 sur son couple<\/a>.<\/p>\n<p>L\u2019occasion pour lui de mettre en lumi\u00e8re le soutien<br \/>\ninconditionnel de sa compagne Anne Mottet tout au long de son<br \/>\nparcours. \u201c<strong>C\u00a0\u00bbest une question d&rsquo;\u00e9quilibre<\/strong>,<br \/>\nbien s\u00fbr, mais il y a des id\u00e9es fausses que les gens se font<br \/>\nparfois. On imagine que c\u2019est la compagne ou le compagnon, selon<br \/>\nqu\u2019il s\u2019agisse d\u2019une sportive f\u00e9minine, qui <strong>prend en charge<br \/>\nles t\u00e2ches m\u00e9nag\u00e8res ou la gestion de la famille pour permettre \u00e0<br \/>\nl\u2019autre de r\u00e9ussir<\/strong>, mais ce n\u2019est pas du tout cela\u201d,<br \/>\navait-il confi\u00e9.<\/p>\n<p>Thomas Pesquet sans filtre sur sa relation avec sa<br \/>\ncompagne<\/p>\n<p>Thomas Pesquet et sa compagne Anne Mottet forment un couple<br \/>\nsolide. Ces derniers arrivent \u00e0 faire fonctionner leur couple<br \/>\nmalgr\u00e9 les difficult\u00e9s. D\u2019ailleurs, pour l\u2019astronaute, <strong>les<br \/>\nrelations solides et durables, contrairement \u00e0 ce que certains<br \/>\npensent, reposent sur des aspects importants<\/strong>. Selon ce<br \/>\ndernier, ce genre de couple fonctionne gr\u00e2ce \u00e0 des fondations bien<br \/>\nplus complexes et profondes que ce qui est apparent. Des histoires<br \/>\nd\u2019amour o\u00f9 le dialogue et le soutien mutuel dans des moments de<br \/>\nvuln\u00e9rabilit\u00e9 pr\u00f4nent.<\/p>\n<p>\u201cEn r\u00e9alit\u00e9, c\u2019est une question de dialogue, de soutien<br \/>\nmutuel, d\u2019une relation plus profonde qui se joue. <strong>Les<br \/>\nproches sont l\u00e0 quand il y a des blessures, des doutes, des<br \/>\ndiscussions\u2026<\/strong>\u201d, avait-il r\u00e9v\u00e9l\u00e9 lors de son entretien.<br \/>\nAvant d\u2019ajouter : \u201cCe n\u2019est pas quelque chose de simple ou de<br \/>\nbasique comme les gens peuvent parfois l\u2019imaginer \u00e0 tort. Et pour<br \/>\nma part, avec ma compagne, cela s\u2019est pass\u00e9 ainsi. <strong>C\u2019est<br \/>\nvrai que j\u2019ai voulu mettre cela en lumi\u00e8re, car ce sont des aspects<br \/>\ndont on parle rarement<\/strong>.\u201d<\/p>\n<p>\u201cJ\u2019ai voulu r\u00e9\u00e9quilibrer un peu les<br \/>\nchoses\u201d<\/p>\n<p>Thomas Pesquet a r\u00e9alis\u00e9 un exploit. En effet, ce n\u2019est pas \u00e0 la<br \/>\nport\u00e9e de tout le monde d\u2019aller dans l\u2019espace. Toutefois, les gens<br \/>\nn\u2019ont tendance qu\u2019\u00e0 voir la finalit\u00e9 et non le chemin parcouru. Et<br \/>\npour l\u2019astronaute, c\u2019est une route sem\u00e9e d\u2019emb\u00fbches qu\u2019il a<br \/>\nemprunt\u00e9e avant de pouvoir aller dans l\u2019espace. Des moments<br \/>\ndifficiles durant lesquels <a href=\"https:\/\/www.melty.fr\/people\/thomas-pesquet-il-ma-envoye-valser-cet-acteur-degomme-le-celebre-spationaute-2243700.html\" target=\"_blank\" rel=\"noopener\"><br \/>\ncelui qui s&rsquo;est fait d\u00e9gommer par un acteur<\/a> a pu compter sur le<br \/>\nsoutien de sa campagne Anne Mottet et de ses proches.<\/p>\n<p>\u201c<strong>Les dix ann\u00e9es avant la mission, avec toutes les<br \/>\nsouffrances, les entra\u00eenements et les difficult\u00e9s<\/strong>, passent<br \/>\nsouvent inaper\u00e7ues. Puis, une fois dans l\u2019espace, apr\u00e8s quelques<br \/>\nmois ou semaines, c\u2019est toute cette exp\u00e9rience qui se retrouve sous<br \/>\nles projecteurs. J\u2019ai voulu r\u00e9\u00e9quilibrer un peu les choses\u201d,<br \/>\navait-il expliqu\u00e9. Avant de poursuivre : \u201cDans mon livre,<br \/>\n<strong>j\u2019essaie justement de raconter cette p\u00e9riode-l\u00e0, qui a<br \/>\npeut-\u00eatre \u00e9t\u00e9 n\u00e9glig\u00e9e jusque-l\u00e0, en parlant des doutes<\/strong>,<br \/>\ndes difficult\u00e9s, des probl\u00e8mes, et de ce que cela demande aux<br \/>\nproches, \u00e0 ceux qui nous entourent. C\u2019\u00e9tait important pour moi de<br \/>\nle faire.\u201d<\/p>\n","protected":false},"excerpt":{"rendered":"Thomas Pesquet est une v\u00e9ritable ic\u00f4ne. En effet, ce dernier a su captiver l\u2019imagination des Fran\u00e7ais et est&hellip;\n","protected":false},"author":2,"featured_media":257716,"comment_status":"","ping_status":"","sticky":false,"template":"","format":"standard","meta":{"footnotes":""},"categories":[1359],"tags":[905,58,59,1011,27,973],"class_list":{"0":"post-257715","1":"post","2":"type-post","3":"status-publish","4":"format-standard","5":"has-post-thumbnail","7":"category-people","8":"tag-a-la-une-melty","9":"tag-divertissement","10":"tag-entertainment","11":"tag-fr","12":"tag-france","13":"tag-people"},"share_on_mastodon":{"url":"https:\/\/pubeurope.com\/@fr\/114877311394827719","error":""},"_links":{"self":[{"href":"https:\/\/www.europesays.com\/fr\/wp-json\/wp\/v2\/posts\/257715","targetHints":{"allow":["GET"]}}],"collection":[{"href":"https:\/\/www.europesays.com\/fr\/wp-json\/wp\/v2\/posts"}],"about":[{"href":"https:\/\/www.europesays.com\/fr\/wp-json\/wp\/v2\/types\/post"}],"author":[{"embeddable":true,"href":"https:\/\/www.europesays.com\/fr\/wp-json\/wp\/v2\/users\/2"}],"replies":[{"embeddable":true,"href":"https:\/\/www.europesays.com\/fr\/wp-json\/wp\/v2\/comments?post=257715"}],"version-history":[{"count":0,"href":"https:\/\/www.europesays.com\/fr\/wp-json\/wp\/v2\/posts\/257715\/revisions"}],"wp:featuredmedia":[{"embeddable":true,"href":"https:\/\/www.europesays.com\/fr\/wp-json\/wp\/v2\/media\/257716"}],"wp:attachment":[{"href":"https:\/\/www.europesays.com\/fr\/wp-json\/wp\/v2\/media?parent=257715"}],"wp:term":[{"taxonomy":"category","embeddable":true,"href":"https:\/\/www.europesays.com\/fr\/wp-json\/wp\/v2\/categories?post=257715"},{"taxonomy":"post_tag","embeddable":true,"href":"https:\/\/www.europesays.com\/fr\/wp-json\/wp\/v2\/tags?post=257715"}],"curies":[{"name":"wp","href":"https:\/\/api.w.org\/{rel}","templated":true}]}}