{"id":257723,"date":"2025-07-19T01:34:39","date_gmt":"2025-07-19T01:34:39","guid":{"rendered":"https:\/\/www.europesays.com\/fr\/257723\/"},"modified":"2025-07-19T01:34:39","modified_gmt":"2025-07-19T01:34:39","slug":"que-devient-enzo-tomasini-lenfant-que-garde-philippe-lacheau-dans-le-film","status":"publish","type":"post","link":"https:\/\/www.europesays.com\/fr\/257723\/","title":{"rendered":"Que devient Enzo Tomasini, l&rsquo;enfant que garde Philippe Lacheau dans le film ?"},"content":{"rendered":"<p>Ce vendredi 18 juillet 2025, le film Babysitting est rediffus\u00e9 sur M6, port\u00e9 par Philippe Lacheau et toute sa bande. C&rsquo;\u00e9tait aussi l&rsquo;occasion pour les cin\u00e9philes de d\u00e9couvrir un jeune acteur, Enzo Tomasini, \u00e2g\u00e9 de seulement 12 ans \u00e0 l&rsquo;\u00e9poque. Que devient celui qui a bien grandi ?<\/p>\n<p>En 2014 sortait le film <a href=\"https:\/\/www.programme-tv.net\/news\/cinema\/339710-babysitting-pourquoi-le-film-avec-philippe-lacheau-a-failli-ne-jamais-voir-le-jour\/\" data-api-deeplink=\"teleloisirs:\/\/news\/339710\" target=\"_blank\" rel=\"noopener\">Babysitting, \u00e9crit et cor\u00e9alis\u00e9 par Philippe Lacheau et Nicolas Benamou<\/a>. Un tr\u00e8s beau succ\u00e8s qui attirait 2,3 millions de spectateurs au cin\u00e9ma. C&rsquo;est sur le tournage de Paris \u00e0 tout prix, deux ans auparavant, que les deux hommes se sont rencontr\u00e9s, apr\u00e8s s&rsquo;\u00eatre crois\u00e9s \u00e0 l&rsquo;\u00e9poque du Morning Live, sur M6. Ils \u00e9taient donc destin\u00e9s \u00e0 collaborer ensemble, mais le projet de ce comique trip n&rsquo;allait pas \u00eatre de tout repos. <a href=\"https:\/\/www.programme-tv.net\/news\/cinema\/353117-j-envoie-20-a-30-mails-philippe-lacheau-revient-sur-la-creation-compliquee-du-film-babysitting-et-le-forcing-qu-il-a-du-faire\/\" data-api-deeplink=\"teleloisirs:\/\/news\/353117\" target=\"_blank\" rel=\"noopener\">\u00ab\u00a0J&rsquo;ai envoy\u00e9 20 \u00e0 30 mails\u00a0\u00bb<\/a>, avait confi\u00e9 le compagnon d&rsquo;\u00c9lodie Fontan : \u00ab\u00a0On part, avec les copains, sur l&rsquo;\u00e9criture d&rsquo;un sc\u00e9nario entier alors qu&rsquo;il n&rsquo;y a pas de contrat, personne ne nous attend, personne ne nous l&rsquo;a demand\u00e9\u00a0\u00bb. Dans le film, <a href=\"https:\/\/www.programme-tv.net\/news\/cinema\/338343-exclu-on-ne-travaille-pas-toujours-ensemble-tarek-boudali-se-livre-sur-son-avenir-dans-la-bande-a-fifi\/\" data-api-deeplink=\"teleloisirs:\/\/news\/338343\" target=\"_blank\" rel=\"noopener\">les cin\u00e9philes retrouvent la bande \u00e0 Fifi<\/a>, mais aussi un jeune acteur : Enzo Tomasini.<\/p>\n<p>                        Enzo Tomasini continue-t-il le cin\u00e9ma apr\u00e8s Babysitting ?<\/p>\n<p>Quand Enzo Tomasini est choisi pour interpr\u00e9ter le r\u00f4le de R\u00e9my, il n&rsquo;a que 12 ans. Il n&rsquo;est pas \u00e0 sa premi\u00e8re exp\u00e9rience cin\u00e9matographique, car <b>il a commenc\u00e9 le m\u00e9tier \u00e0 l&rsquo;\u00e2ge de 6 ans<\/b>. Il a obtenu un petit r\u00f4le dans le film Neuilly de sa m\u00e8re (2009), avant de s&rsquo;essayer \u00e0 la t\u00e9l\u00e9vision dans des t\u00e9l\u00e9films et des s\u00e9ries comme Les Edelweiss (2010), Doc Martin (2013) ou encore Camping Paradis. En 2015, les fans le retrouvent au c\u00f4t\u00e9 de <a href=\"https:\/\/www.programme-tv.net\/biographie\/2347-de-turckheim-charlotte\/\" data-link-people=\"00201937-7bf6-44ce-b616-54a300e78a59\" target=\"_blank\" rel=\"noopener\">Charlotte de Turckheim<\/a> dans le film Qui c&rsquo;est les plus forts ?. Par la suite, <b>il d\u00e9cide de faire une petite pause dans sa carri\u00e8re<\/b> pour se consacrer \u00e0 ses \u00e9tudes et sort dipl\u00f4m\u00e9 de la SAE Institue de Paris. Aujourd&rsquo;hui serveur en salle, il n&rsquo;a pas pour autant abandonn\u00e9 sa passion pour la com\u00e9die et est enregistr\u00e9 dans l&rsquo;agence \u00c0 toi d&rsquo;jouer ! Sur son compte LinkedIn, le jeune homme est ouvert \u00e0 toutes les opportunit\u00e9s.<\/p>\n<p>            De quoi parle le film Babysitting ?<\/p>\n<p>Alors qu&rsquo;il avait pr\u00e9vu de f\u00eater ses 30 ans avec ses amis, Franck se retrouve \u00e0 garder le fils de son patron. Le lendemain matin, ce dernier est r\u00e9veill\u00e9 par la police : <b>son fils et son employ\u00e9 ont disparu<\/b>, et sa maison a \u00e9t\u00e9 compl\u00e8tement saccag\u00e9e. Parmi les d\u00e9bris, les enqu\u00eateurs retrouvent une cam\u00e9ra, qui d\u00e9voilera ce qui s&rsquo;est vraiment pass\u00e9 pendant cette soir\u00e9e. Un Projet X \u00e0 la fran\u00e7aise.<\/p>\n","protected":false},"excerpt":{"rendered":"Ce vendredi 18 juillet 2025, le film Babysitting est rediffus\u00e9 sur M6, port\u00e9 par Philippe Lacheau et toute&hellip;\n","protected":false},"author":2,"featured_media":257724,"comment_status":"","ping_status":"","sticky":false,"template":"","format":"standard","meta":{"footnotes":""},"categories":[1354],"tags":[39776,39775,5334,244,58,59,2081,1346,1011,27,39773,1360,10922,39772,39774],"class_list":{"0":"post-257723","1":"post","2":"type-post","3":"status-publish","4":"format-standard","5":"has-post-thumbnail","7":"category-films","8":"tag-babysitting","9":"tag-babysitting-75065977","10":"tag-channel_bandes-annonces","11":"tag-commentaire","12":"tag-divertissement","13":"tag-entertainment","14":"tag-film","15":"tag-films","16":"tag-fr","17":"tag-france","18":"tag-guid_5995269921001","19":"tag-movies","20":"tag-philippe-lacheau","21":"tag-que-sont-ils-devenus","22":"tag-uuid_431d8bdb-091b-47a2-9e4b-2ab7939787a9"},"share_on_mastodon":{"url":"https:\/\/pubeurope.com\/@fr\/114877331147729278","error":""},"_links":{"self":[{"href":"https:\/\/www.europesays.com\/fr\/wp-json\/wp\/v2\/posts\/257723","targetHints":{"allow":["GET"]}}],"collection":[{"href":"https:\/\/www.europesays.com\/fr\/wp-json\/wp\/v2\/posts"}],"about":[{"href":"https:\/\/www.europesays.com\/fr\/wp-json\/wp\/v2\/types\/post"}],"author":[{"embeddable":true,"href":"https:\/\/www.europesays.com\/fr\/wp-json\/wp\/v2\/users\/2"}],"replies":[{"embeddable":true,"href":"https:\/\/www.europesays.com\/fr\/wp-json\/wp\/v2\/comments?post=257723"}],"version-history":[{"count":0,"href":"https:\/\/www.europesays.com\/fr\/wp-json\/wp\/v2\/posts\/257723\/revisions"}],"wp:featuredmedia":[{"embeddable":true,"href":"https:\/\/www.europesays.com\/fr\/wp-json\/wp\/v2\/media\/257724"}],"wp:attachment":[{"href":"https:\/\/www.europesays.com\/fr\/wp-json\/wp\/v2\/media?parent=257723"}],"wp:term":[{"taxonomy":"category","embeddable":true,"href":"https:\/\/www.europesays.com\/fr\/wp-json\/wp\/v2\/categories?post=257723"},{"taxonomy":"post_tag","embeddable":true,"href":"https:\/\/www.europesays.com\/fr\/wp-json\/wp\/v2\/tags?post=257723"}],"curies":[{"name":"wp","href":"https:\/\/api.w.org\/{rel}","templated":true}]}}