{"id":257725,"date":"2025-07-19T01:35:15","date_gmt":"2025-07-19T01:35:15","guid":{"rendered":"https:\/\/www.europesays.com\/fr\/257725\/"},"modified":"2025-07-19T01:35:15","modified_gmt":"2025-07-19T01:35:15","slug":"pourquoi-avez-vous-tant-de-mal-a-emerger-le-matin","status":"publish","type":"post","link":"https:\/\/www.europesays.com\/fr\/257725\/","title":{"rendered":"Pourquoi avez-vous tant de mal \u00e0 \u00e9merger le matin ?"},"content":{"rendered":"<p>Des chercheurs ont d\u00e9couvert un sch\u00e9ma sp\u00e9cifique du cerveau pour sortir du sommeil, variant selon le type de sommeil. Ces recherches aident \u00e0 comprendre pourquoi il peut sembler si difficile d\u2019\u00e9merger au moment du r\u00e9veil.<\/p>\n<p>Des chercheurs de l\u2019Institut n\u00e9erlandais de neurosciences et de l\u2019Universit\u00e9 de Lausanne ont d\u00e9couvert que le cerveau avait un pattern assez sp\u00e9cifique pour se sortir du sommeil. Ils l\u2019ont d\u00e9crit dans une <a href=\"https:\/\/www.cell.com\/current-biology\/fulltext\/S0960-9822(25)00824-3?_returnURL=https%3A%2F%2Flinkinghub.elsevier.com%2Fretrieve%2Fpii%2FS0960982225008243%3Fshowall%3Dtrue\" data-type=\"link\" data-id=\"https:\/\/www.cell.com\/current-biology\/fulltext\/S0960-9822(25)00824-3?_returnURL=https%3A%2F%2Flinkinghub.elsevier.com%2Fretrieve%2Fpii%2FS0960982225008243%3Fshowall%3Dtrue\" target=\"_blank\" rel=\"noreferrer noopener\">\u00e9tude<\/a> publi\u00e9e le 16 juillet 2025 dans la revue Current Biology. Ce nouveau mod\u00e8le pourrait permettre d\u2019aider et d\u2019am\u00e9liorer la recherche concernant les troubles du sommeil.<\/p>\n<p>Pour \u00e9tudier ce ph\u00e9nom\u00e8ne, les chercheurs ont pos\u00e9 256 \u00e9lectrodes sur la t\u00eate d\u2019une vingtaine de participants et ont analys\u00e9, au total, l\u2019activit\u00e9 \u00e9lectrique c\u00e9r\u00e9brale dans plus de 1 000 passages du sommeil au r\u00e9veil.<\/p>\n<p>Des vagues de r\u00e9veil <\/p>\n<p>Les r\u00e9sultats r\u00e9v\u00e8lent un pattern, un sch\u00e9ma qui se reproduit \u00e0 chaque nouvel \u00e9veil. Ce sch\u00e9ma diff\u00e8re en fonction du type de sommeil (profond ou paradoxal) dans lequel nous nous trouvons. Une caract\u00e9ristique demeure constante cependant, la vague de sommeil part de l\u2019avant du cerveau (des zones centrales et frontales) et se propage vers l\u2019arri\u00e8re.<\/p>\n<p>Aur\u00e9lie Stephan, premi\u00e8re autrice de l\u2019article, d\u00e9taille les r\u00e9sultats dans un <a href=\"https:\/\/nin.nl\/news\/scientists-discover-a-signature-wave-of-activity-as-the-brain-awakens-from-sleep\/\" target=\"_blank\" rel=\"noreferrer noopener\">communiqu\u00e9 de presse<\/a> : \u00ab Cette progression refl\u00e8te probablement la fa\u00e7on dont les signaux des centres d\u2019excitation sous-corticaux (plus profonds dans le cerveau) atteignent le cortex, avec des chemins plus courts vers les zones frontales et des chemins plus longs vers les r\u00e9gions plus en arri\u00e8re. \u00bb<\/p>\n<p>Des diff\u00e9rences en fonction du type de sommeil <\/p>\n<p>Le sommeil est constitu\u00e9 de diff\u00e9rentes phases. Entre autres, celle du sommeil paradoxal (appel\u00e9 REM et associ\u00e9 aux r\u00eaves) et celle du sommeil profond, d\u00e9sign\u00e9 comme le sommeil non paradoxal (ou non-REM), dans l\u2019\u00e9tude. Les chercheurs ont distingu\u00e9 deux patterns diff\u00e9rents en fonction du type de sommeil dont les participants s\u2019\u00e9veillaient.<\/p>\n<p>Dans le cas du sommeil non paradoxal, le r\u00e9veil commen\u00e7ait par des ondes \u00e9lectriques lentes progressives qui, ensuite, se poursuivaient par des ondes \u00e9lectriques rapides. \u00ab Dans le sommeil non paradoxal, les neurones qui relient les centres d\u2019excitation au cortex alternent entre les \u00e9tats d\u2019activit\u00e9 et de silence \u2013 une dynamique connue sous le nom de \u2018bistabilit\u00e9\u2019. En raison de cette bistabilit\u00e9, tout stimulus excitant d\u00e9clenche d\u2019abord une onde lente, avant de passer \u00e0 une activit\u00e9 plus rapide \u00bb, d\u00e9taille Aur\u00e9lie Stephan.<\/p>\n<p><a href=\"https:\/\/www.numerama.com\/wp-content\/uploads\/2020\/12\/nuit_sommeil.jpg\" target=\"_blank\" rel=\"noopener\"><img decoding=\"async\" width=\"1024\" height=\"576\" loading=\"lazy\" alt=\"La qualit\u00e9 du sommeil est un enjeu de sant\u00e9. \/\/ Source : Pexels\" title=\"La qualit\u00e9 du sommeil est un enjeu de sant\u00e9. \/\/ Source : Pexels\" class=\"wp-image-673237 placeholder-default wp-image\" src=\"https:\/\/www.europesays.com\/fr\/wp-content\/uploads\/2025\/07\/nuit_sommeil-1024x576.jpg\" \/><\/a>Une femme endormie. \/\/ Source : Pexels<\/p>\n<p>Et pour ne rien simplifier, il existe diff\u00e9rents types d\u2019ondes lentes durant le sommeil non paradoxal. Certaines d\u2019entre elles sont destin\u00e9es \u00e0 \u00eatre des signaux d\u2019\u00e9veil et donc, d\u2019excitation, tandis que d\u2019autres contribuent \u00e0 nous maintenir endormis. Ces ondes-l\u00e0 peuvent \u00eatre pr\u00e9sentes avant ou apr\u00e8s le r\u00e9veil, et <strong>ce sont elles expliquent pourquoi nous pouvons \u00eatre somnolents en d\u00e9but de journ\u00e9e<\/strong>.<\/p>\n<p>L\u2019autrice poursuit : \u00ab En revanche, le sommeil paradoxal n\u2019a pas ce mod\u00e8le bistable, de sorte que le cortex r\u00e9agit imm\u00e9diatement \u00e0 l\u2019activit\u00e9 rapide, semblable \u00e0 un r\u00e9veil. \u00bb Dans la phase de sommeil REM, le cerveau \u00e9met donc directement des ondes \u00e9lectriques rapides, sans passer par le stade des ondes lentes. Le cerveau se r\u00e9veille alors plus rapidement, mais laisse la personne avec une sensation de somnolence.<\/p>\n<p>\u00ab Cette \u00e9tude offre une nouvelle perspective sur le parcours du cerveau du sommeil \u00e0 l\u2019\u00e9veil, offrant une fen\u00eatre sur l\u2019une des transitions les plus fondamentales de la conscience humaine \u00bb, conclut la chercheuse. Elle esp\u00e8re que ses recherches permettront des avanc\u00e9es pour les personnes atteintes de troubles du sommeil.<\/p>\n<p>    Pour aller plus loin<\/p>\n<p>                <img decoding=\"async\" width=\"87\" height=\"87\" loading=\"lazy\" alt=\"Source : Cliffhanger\" title=\"Source : Cliffhanger\" class=\"placeholder-default wp-image\" src=\"https:\/\/www.europesays.com\/fr\/wp-content\/uploads\/2025\/07\/chute-cliffhanger-200x200.jpg\" \/>            <\/p>\n<p>            <img decoding=\"async\" src=\"https:\/\/www.europesays.com\/fr\/wp-content\/uploads\/2025\/04\/iPhone-16-pro.png\" alt=\"Toute l'actu tech en un clien d'oeil\"\/><\/p>\n<p class=\"card-install-pwa__title\">Toute l&rsquo;actu tech en un clin d&rsquo;\u0153il<\/p>\n<p class=\"card-install-pwa__description\">Ajoutez Numerama \u00e0 votre \u00e9cran d&rsquo;accueil et restez connect\u00e9s au futur !<\/p>\n<p>            <img decoding=\"async\" src=\"https:\/\/www.numerama.com\/wp-content\/themes\/numerama-next\/assets\/images\/premium\/logo-card-pwa-coupe.svg\" alt=\"Logo PWA\"\/><\/p>\n<p>       Installer Numerama<\/p>\n","protected":false},"excerpt":{"rendered":"Des chercheurs ont d\u00e9couvert un sch\u00e9ma sp\u00e9cifique du cerveau pour sortir du sommeil, variant selon le type de&hellip;\n","protected":false},"author":2,"featured_media":257726,"comment_status":"","ping_status":"","sticky":false,"template":"","format":"standard","meta":{"footnotes":""},"categories":[10],"tags":[231,12739,7078,1011,27,72,71,279,39777],"class_list":{"0":"post-257725","1":"post","2":"type-post","3":"status-publish","4":"format-standard","5":"has-post-thumbnail","7":"category-sante","8":"tag-cerveau","9":"tag-corps-humain","10":"tag-etude","11":"tag-fr","12":"tag-france","13":"tag-health","14":"tag-sante","15":"tag-sommeil","16":"tag-vulgarisation"},"share_on_mastodon":{"url":"https:\/\/pubeurope.com\/@fr\/114877335253433043","error":""},"_links":{"self":[{"href":"https:\/\/www.europesays.com\/fr\/wp-json\/wp\/v2\/posts\/257725","targetHints":{"allow":["GET"]}}],"collection":[{"href":"https:\/\/www.europesays.com\/fr\/wp-json\/wp\/v2\/posts"}],"about":[{"href":"https:\/\/www.europesays.com\/fr\/wp-json\/wp\/v2\/types\/post"}],"author":[{"embeddable":true,"href":"https:\/\/www.europesays.com\/fr\/wp-json\/wp\/v2\/users\/2"}],"replies":[{"embeddable":true,"href":"https:\/\/www.europesays.com\/fr\/wp-json\/wp\/v2\/comments?post=257725"}],"version-history":[{"count":0,"href":"https:\/\/www.europesays.com\/fr\/wp-json\/wp\/v2\/posts\/257725\/revisions"}],"wp:featuredmedia":[{"embeddable":true,"href":"https:\/\/www.europesays.com\/fr\/wp-json\/wp\/v2\/media\/257726"}],"wp:attachment":[{"href":"https:\/\/www.europesays.com\/fr\/wp-json\/wp\/v2\/media?parent=257725"}],"wp:term":[{"taxonomy":"category","embeddable":true,"href":"https:\/\/www.europesays.com\/fr\/wp-json\/wp\/v2\/categories?post=257725"},{"taxonomy":"post_tag","embeddable":true,"href":"https:\/\/www.europesays.com\/fr\/wp-json\/wp\/v2\/tags?post=257725"}],"curies":[{"name":"wp","href":"https:\/\/api.w.org\/{rel}","templated":true}]}}