{"id":25774,"date":"2025-04-15T03:18:17","date_gmt":"2025-04-15T03:18:17","guid":{"rendered":"https:\/\/www.europesays.com\/fr\/25774\/"},"modified":"2025-04-15T03:18:17","modified_gmt":"2025-04-15T03:18:17","slug":"a-nice-la-prison-la-plus-pourrie-de-france","status":"publish","type":"post","link":"https:\/\/www.europesays.com\/fr\/25774\/","title":{"rendered":"\u00e0 Nice, la \u00ab\u00a0prison la plus pourrie de France\u00a0\u00bb"},"content":{"rendered":"<p>La v\u00e9tuste prison de la ville, \u00e0 deux pas du centre touristique, souffre d\u2019une surpopulation chronique qui traduit l\u2019inadaptation des capacit\u00e9s d\u2019h\u00e9bergement \u00e0 la d\u00e9linquance du ressort.<\/p>\n<p class=\"fig-paragraph\">\u00ab\u00a0Le parloir\u00a0!\u00a0\u00bb \u00c0 ce cri pouss\u00e9 par le surveillant qui ouvre la porte, la petite troupe mass\u00e9e sur le trottoir s\u2019avance pour r\u00e9pondre \u00e0 l\u2019appel et passer le portique de s\u00e9curit\u00e9, formalit\u00e9 indispensable pour entrer en\u00a0<a href=\"http:\/\/www.lefigaro.fr\/vox\/societe\/beatrice-brugere-les-ultra-courtes-peines-permettront-paradoxalement-de-vider-les-prisons-20250406\" data-fig-type=\"Article\" data-gtm-custom-categorie=\"navigation\" data-gtm-custom-action=\"crossclick\" data-gtm-custom-label=\"Contextuel\" data-gtm-event=\"customEventSPE\" data-fig-domain=\"LEFIGARO\" target=\"_blank\" rel=\"noopener\">prison<\/a>. Comme nous sommes mercredi, des enfants sont pr\u00e9sents pour visiter un parent. Jean-Pierre, un septuag\u00e9naire, est venu voir son fils, comme il le fait deux fois par semaine depuis juillet 2023. \u00ab\u00a0Il vient de f\u00eater ses 50\u00a0ans\u00a0\u00bb, explique le retrait\u00e9 au blouson de motard. \u00ab\u00a0Il vit avec deux autres d\u00e9tenus dans une cellule de 9\u00a0m\u00e8tres carr\u00e9s, sans compter les cafards, deux cents par jour. Ils les attrapent avec du papier autocollant, c\u2019est facile de les compter\u00a0\u00bb, glisse l\u2019homme avec quelque chose de triste dans le regard.<\/p>\n<p class=\"fig-paragraph\">Bienvenue \u00e0 la\u00a0<a href=\"https:\/\/www.lefigaro.fr\/actualite-france\/la-maison-d-arret-de-nice-demunie-face-a-l-afflux-de-malades-psychiatriques-20190703\" target=\"_blank\" data-fig-type=\"Article\" rel=\"noopener\" data-gtm-custom-categorie=\"navigation\" data-gtm-custom-action=\"crossclick\" data-gtm-custom-label=\"Contextuel\" data-gtm-event=\"customEventSPE\" data-fig-domain=\"LEFIGARO\">maison d\u2019arr\u00eat de Nice<\/a>, \u00ab\u00a0la cinqui\u00e8me ville du pays, peut-\u00eatre la plus riche et qui a pourtant la prison la plus pourrie de France\u00a0\u00bb, pointe Nordine Souab, d\u00e9l\u00e9gu\u00e9 syndical Ufap-Unsa-justice, en poste dans l\u2019\u00e9tablissement\u2026<\/p>\n<p class=\"fig-premium-paywall__infos\">\n        Cet article est r\u00e9serv\u00e9 aux abonn\u00e9s.        Il vous reste 80% \u00e0 d\u00e9couvrir.\n    <\/p>\n<p>                <img  data- alt=\"Le Figaro\" class=\"fig-img--complete fig-img\"\/><\/p>\n<p class=\"fig-premium-paywall__title\">Vous avez envie de lire la suite ?<\/p>\n<p class=\"fig-premium-paywall__subtitle\">D\u00e9bloquez tous les articles imm\u00e9diatement.<\/p>\n<p class=\"fig-premium-paywall__connect\">\n                D\u00e9j\u00e0 abonn\u00e9\u00a0?                <a class=\"fig-premium-paywall__connect-link\" href=\"https:\/\/connect.lefigaro.fr\/login?client=horizon_web&amp;type=main&amp;redirect_uri=https%3A%2F%2Fwww.lefigaro.fr%2Factualite-france%2Fcafards-surpopulation-et-tensions-a-nice-la-prison-la-plus-pourrie-de-france-20250414\" data-js-gtm=\"{&quot;customCategorie&quot;: &quot;conversion&quot;, &quot;customAction&quot;: &quot;before_Landing_Connexion_paywall_auto&quot;, &quot;customLabel&quot;: &quot;bGVmaWdhcm8uZnJfXzFmMDE4NGI2LWQ2YjUtNmIxMi1iMDhkLTQ1MDZkMDU4MWQ2OF9fQXJ0aWNsZQ==_Cafards, surpopulation et tensions\u00a0: \u00e0 Nice, la \u00ab\u00a0prison la plus pourrie de France\u00a0\u00bb_229&quot;, &quot;customIDSPE&quot;: &quot;bGVmaWdhcm8uZnJfXzFmMDE4NGI2LWQ2YjUtNmIxMi1iMDhkLTQ1MDZkMDU4MWQ2OF9fQXJ0aWNsZQ==&quot;, &quot;event&quot;: &quot;customEventSPE&quot;}\" target=\"_blank\" rel=\"noopener\"><br \/>\n                    Connectez-vous<br \/>\n                <\/a>\n            <\/p>\n","protected":false},"excerpt":{"rendered":"La v\u00e9tuste prison de la ville, \u00e0 deux pas du centre touristique, souffre d\u2019une surpopulation chronique qui traduit&hellip;\n","protected":false},"author":2,"featured_media":25775,"comment_status":"","ping_status":"","sticky":false,"template":"","format":"standard","meta":{"footnotes":""},"categories":[2819],"tags":[1111,47,1058,1054,1059,1060,1055,11,1057,1777,674,118,1011,27,1061,303,12,2401,1062,806,882,25,656,104,1056,9232,809],"class_list":{"0":"post-25774","1":"post","2":"type-post","3":"status-publish","4":"format-standard","5":"has-post-thumbnail","7":"category-nice","8":"tag-actu","9":"tag-actualite","10":"tag-actualite-education","11":"tag-actualite-france","12":"tag-actualite-justice","13":"tag-actualite-securite","14":"tag-actualite-societe","15":"tag-actualites","16":"tag-education","17":"tag-eu","18":"tag-europe","19":"tag-faits-divers","20":"tag-fr","21":"tag-france","22":"tag-immigration","23":"tag-justice","24":"tag-news","25":"tag-nice","26":"tag-polemique","27":"tag-prison","28":"tag-provence-alpes-cote-dazur","29":"tag-republique-francaise","30":"tag-securite","31":"tag-societe","32":"tag-societe-francaise","33":"tag-surpopulation-carcerale","34":"tag-violence"},"share_on_mastodon":{"url":"https:\/\/pubeurope.com\/@fr\/114339820548228857","error":""},"_links":{"self":[{"href":"https:\/\/www.europesays.com\/fr\/wp-json\/wp\/v2\/posts\/25774","targetHints":{"allow":["GET"]}}],"collection":[{"href":"https:\/\/www.europesays.com\/fr\/wp-json\/wp\/v2\/posts"}],"about":[{"href":"https:\/\/www.europesays.com\/fr\/wp-json\/wp\/v2\/types\/post"}],"author":[{"embeddable":true,"href":"https:\/\/www.europesays.com\/fr\/wp-json\/wp\/v2\/users\/2"}],"replies":[{"embeddable":true,"href":"https:\/\/www.europesays.com\/fr\/wp-json\/wp\/v2\/comments?post=25774"}],"version-history":[{"count":0,"href":"https:\/\/www.europesays.com\/fr\/wp-json\/wp\/v2\/posts\/25774\/revisions"}],"wp:featuredmedia":[{"embeddable":true,"href":"https:\/\/www.europesays.com\/fr\/wp-json\/wp\/v2\/media\/25775"}],"wp:attachment":[{"href":"https:\/\/www.europesays.com\/fr\/wp-json\/wp\/v2\/media?parent=25774"}],"wp:term":[{"taxonomy":"category","embeddable":true,"href":"https:\/\/www.europesays.com\/fr\/wp-json\/wp\/v2\/categories?post=25774"},{"taxonomy":"post_tag","embeddable":true,"href":"https:\/\/www.europesays.com\/fr\/wp-json\/wp\/v2\/tags?post=25774"}],"curies":[{"name":"wp","href":"https:\/\/api.w.org\/{rel}","templated":true}]}}