{"id":257743,"date":"2025-07-19T01:44:16","date_gmt":"2025-07-19T01:44:16","guid":{"rendered":"https:\/\/www.europesays.com\/fr\/257743\/"},"modified":"2025-07-19T01:44:16","modified_gmt":"2025-07-19T01:44:16","slug":"saint-romain-le-puy-un-drame-a-trottinette","status":"publish","type":"post","link":"https:\/\/www.europesays.com\/fr\/257743\/","title":{"rendered":"SAINT-ROMAIN-LE-PUY : UN DRAME \u00c0 TROTTINETTE"},"content":{"rendered":"<p>                <a href=\"https:\/\/cadenceradio.fr\" target=\"_blank\" aria-label=\"Banni\u00e8re Cadence 2025\" rel=\"noopener\"><img loading=\"lazy\" decoding=\"async\" src=\"https:\/\/www.europesays.com\/fr\/wp-content\/uploads\/2025\/07\/Banniere-Cadence-2025-scaled.jpg\" alt=\"\"   width=\"2560\" height=\"738\"\/><\/a><\/p>\n<p>Mercredi 16 juillet au tribunal de Saint-\u00c9tienne, l\u2019audience tourne court faute d\u2019un \u00e9l\u00e9ment crucial : le nombre de jours d\u2019ITT (Incapacit\u00e9 Temporaire de Travail) de la jeune victime. Cette lacune administrative, pourtant fondamentale pour qualifier juridiquement les blessures, contraint le procureur Henry De Poncins \u00e0 demander le renvoi au 15 octobre.<\/p>\n<p>Me Nathalie Charnay, repr\u00e9sentant l\u2019enfant bless\u00e9, rappelle la gravit\u00e9 de la situation : \u00ab\u00a0Mon client est toujours alit\u00e9 et se d\u00e9place en fauteuil roulant.\u00a0\u00bb Ces mots r\u00e9sonnent particuli\u00e8rement dans un pr\u00e9toire o\u00f9 les cons\u00e9quences dramatiques de l\u2019accident du 28 mai restent tr\u00e8s pr\u00e9sentes. L\u2019\u00e9tat de sant\u00e9 pr\u00e9occupant de l\u2019enfant contraste avec les d\u00e9bats techniques qui monopolisent l\u2019audience, soulignant le d\u00e9calage entre souffrance humaine et proc\u00e9dure judiciaire.<\/p>\n<p><strong>Rod\u00e9o urbain ou accident : le d\u00e9bat fait rage<\/strong><\/p>\n<p>Le minist\u00e8re public ne prend pas de gants en qualifiant le conducteur de 23 ans de \u00ab\u00a0d\u00e9linquant de la route\u00a0\u00bb ayant commis \u00ab\u00a0un rod\u00e9o urbain\u00a0\u00bb. Cette accusation s\u2019appuie sur un casier judiciaire d\u00e9j\u00e0 fourni : refus d\u2019obtemp\u00e9rer, d\u00e9faut d\u2019assurance, illustrant un m\u00e9pris r\u00e9current du code de la route.<\/p>\n<p>Me Lat\u00e9kou\u00e9 Lawson-Body, avocat du pr\u00e9venu, rejette cat\u00e9goriquement l\u2019accusation de rod\u00e9o et plaide la relaxe sur tous les chefs except\u00e9 le d\u00e9faut d\u2019assurance. Plus surprenant encore, il retourne le d\u00e9bat vers la responsabilit\u00e9 de la victime : \u00ab\u00a0On n\u2019a pas le droit d\u2019\u00eatre sur une trottinette \u00e9lectrique avant 14 ans.\u00a0\u00bb Cette strat\u00e9gie d\u00e9fensive, consistant \u00e0 questionner la l\u00e9galit\u00e9 de la pr\u00e9sence de l\u2019enfant sur la voie publique, r\u00e9v\u00e8le la complexit\u00e9 juridique des nouveaux moyens de transport urbain.<\/p>\n<p>Malgr\u00e9 la demande de maintien en d\u00e9tention du parquet, le tribunal accorde la libert\u00e9 au pr\u00e9venu sous contr\u00f4le judiciaire strict. L\u2019interdiction de conduire \u00ab\u00a0tout v\u00e9hicule terrestre \u00e0 moteur\u00a0\u00bb s\u2019\u00e9tend m\u00eame aux v\u00e9los \u00e9lectriques, pr\u00e9cision du pr\u00e9sident qui souligne l\u2019\u00e9volution du droit face aux nouveaux engins de d\u00e9placement.<\/p>\n<p>L\u2019argument de la d\u00e9fense met en lumi\u00e8re un vide juridique persistant autour des engins de d\u00e9placement personnel motoris\u00e9s. L\u2019\u00e2ge l\u00e9gal de 14 ans pour les trottinettes \u00e9lectriques reste m\u00e9connu du grand public, soulevant des questions sur l\u2019information et l\u2019application de cette r\u00e9glementation.<\/p>\n<p>Le renvoi \u00e0 octobre laisse toutes les parties dans l\u2019expectative, particuli\u00e8rement la famille de la victime qui devra attendre plusieurs mois suppl\u00e9mentaires pour obtenir une d\u00e9cision de justice. Cette temporalit\u00e9 judiciaire, n\u00e9cessaire \u00e0 l\u2019\u00e9tablissement de la v\u00e9rit\u00e9, p\u00e8se lourdement sur les proches d\u2019un enfant dont l\u2019\u00e9tat de sant\u00e9 demeure pr\u00e9occupant.<\/p>\n","protected":false},"excerpt":{"rendered":"Mercredi 16 juillet au tribunal de Saint-\u00c9tienne, l\u2019audience tourne court faute d\u2019un \u00e9l\u00e9ment crucial : le nombre de&hellip;\n","protected":false},"author":2,"featured_media":257744,"comment_status":"","ping_status":"","sticky":false,"template":"","format":"standard","meta":{"footnotes":""},"categories":[9653],"tags":[1111,11,2430,1777,674,118,1011,27,3367,12,25,9838,4001],"class_list":{"0":"post-257743","1":"post","2":"type-post","3":"status-publish","4":"format-standard","5":"has-post-thumbnail","7":"category-saint-etienne","8":"tag-actu","9":"tag-actualites","10":"tag-auvergne-rhone-alpes","11":"tag-eu","12":"tag-europe","13":"tag-faits-divers","14":"tag-fr","15":"tag-france","16":"tag-loire","17":"tag-news","18":"tag-republique-francaise","19":"tag-roanne","20":"tag-saint-etienne"},"share_on_mastodon":{"url":"https:\/\/pubeurope.com\/@fr\/114877370444825586","error":""},"_links":{"self":[{"href":"https:\/\/www.europesays.com\/fr\/wp-json\/wp\/v2\/posts\/257743","targetHints":{"allow":["GET"]}}],"collection":[{"href":"https:\/\/www.europesays.com\/fr\/wp-json\/wp\/v2\/posts"}],"about":[{"href":"https:\/\/www.europesays.com\/fr\/wp-json\/wp\/v2\/types\/post"}],"author":[{"embeddable":true,"href":"https:\/\/www.europesays.com\/fr\/wp-json\/wp\/v2\/users\/2"}],"replies":[{"embeddable":true,"href":"https:\/\/www.europesays.com\/fr\/wp-json\/wp\/v2\/comments?post=257743"}],"version-history":[{"count":0,"href":"https:\/\/www.europesays.com\/fr\/wp-json\/wp\/v2\/posts\/257743\/revisions"}],"wp:featuredmedia":[{"embeddable":true,"href":"https:\/\/www.europesays.com\/fr\/wp-json\/wp\/v2\/media\/257744"}],"wp:attachment":[{"href":"https:\/\/www.europesays.com\/fr\/wp-json\/wp\/v2\/media?parent=257743"}],"wp:term":[{"taxonomy":"category","embeddable":true,"href":"https:\/\/www.europesays.com\/fr\/wp-json\/wp\/v2\/categories?post=257743"},{"taxonomy":"post_tag","embeddable":true,"href":"https:\/\/www.europesays.com\/fr\/wp-json\/wp\/v2\/tags?post=257743"}],"curies":[{"name":"wp","href":"https:\/\/api.w.org\/{rel}","templated":true}]}}