{"id":257758,"date":"2025-07-19T01:58:52","date_gmt":"2025-07-19T01:58:52","guid":{"rendered":"https:\/\/www.europesays.com\/fr\/257758\/"},"modified":"2025-07-19T01:58:52","modified_gmt":"2025-07-19T01:58:52","slug":"alsace-des-vacances-pour-65-enfants-chateau-du-hohlandsbourg-grace-a-lassociation-caritas","status":"publish","type":"post","link":"https:\/\/www.europesays.com\/fr\/257758\/","title":{"rendered":"Alsace. Des vacances pour 65 enfants ch\u00e2teau du Hohlandsbourg gr\u00e2ce \u00e0 l&rsquo;association Caritas"},"content":{"rendered":"<p>En plein c\u0153ur du ch\u00e2teau du Hohlandsbourg mardi 15\u00a0juin, enfants et familles d\u2019accueil profitent d\u2019un pique-nique. Cet \u00e9t\u00e9, 65 enfants sont accueillis dans 46 familles alsaciennes dans le cadre de <a href=\"https:\/\/www.lalsace.fr\/societe\/2025\/03\/15\/caritas-alsace-cherche-des-benevoles-pour-l-accueil-familial-de-vacances\" target=\"_blank\" rel=\"nofollow noopener\">l\u2019accueil familial de vacances<\/a> port\u00e9 par Caritas Alsace. L\u2019initiative permet \u00e0 des enfants \u00e2g\u00e9s de 6 \u00e0 10 ans de b\u00e9n\u00e9ficier d\u2019une dizaine de jours de vacances. \u00ab\u00a0L\u2019id\u00e9e, c\u2019est de cr\u00e9er du lien entre l\u2019enfant et la famille\u00a0\u00bb, explique Birut\u00e9 Abeciunaite, b\u00e9n\u00e9vole de l\u2019association depuis plus de dix ans.<\/p>\n<p>Cette ann\u00e9e, 18 familles exp\u00e9rimentent pour la premi\u00e8re fois l\u2019accueil d\u2019un enfant. C\u2019est le cas d\u2019Aur\u00e9lia Meyer qui s\u2019occupe d\u00e9j\u00e0 depuis une semaine de Sonia, 9 ans. \u00ab\u00a0Quand j\u2019\u00e9tais jeune, mes parents ont accueilli plusieurs fois des enfants. J\u2019en garde un bon souvenir. Je voulais le reproduire\u00a0\u00bb, explique cette m\u00e8re de deux enfants. La quadrag\u00e9naire a d\u00fb remplir un questionnaire sur son mode de vie pour assurer \u00ab\u00a0un environnement s\u00e9curisant\u00a0\u00bb, explique Birut\u00e9 Abeciunaite.<\/p>\n<p>  \u00ab\u00a0Une exp\u00e9rience enrichissante\u00a0\u00bb<\/p>\n<p>De son c\u00f4t\u00e9, Patricia Dubromel est <a href=\"https:\/\/www.lalsace.fr\/culture-loisirs\/2025\/03\/22\/ete-solidaire-une-famille-s-engage-avec-caritas-alsace\" target=\"_blank\" rel=\"nofollow noopener\">famille d\u2019accueil pour la troisi\u00e8me fois<\/a>. Cet \u00e9t\u00e9, elle s\u2019occupe de deux gar\u00e7ons\u00a0: Enzo et Mathias. Elle les a d\u2019ores et d\u00e9j\u00e0 amen\u00e9s dans un chalet dans les Vosges pour qu\u2019ils profitent du plein air. \u00ab\u00a0C\u2019est une exp\u00e9rience tr\u00e8s enrichissante, pour eux comme pour moi\u00a0\u00bb, sourit la sexag\u00e9naire. Elle est ravie\u00a0: Enzo, qui est un grand lecteur, a initi\u00e9 Mathias \u00e0 la lecture de mangas.<\/p>\n<p>Enfants et familles ont pu profiter d\u2019une visite guid\u00e9e du ch\u00e2teau, d\u2019un spectacle m\u00e9di\u00e9val et d\u2019un go\u00fbter bien m\u00e9rit\u00e9.<\/p>\n","protected":false},"excerpt":{"rendered":"En plein c\u0153ur du ch\u00e2teau du Hohlandsbourg mardi 15\u00a0juin, enfants et familles d\u2019accueil profitent d\u2019un pique-nique. Cet \u00e9t\u00e9,&hellip;\n","protected":false},"author":2,"featured_media":257759,"comment_status":"","ping_status":"","sticky":false,"template":"","format":"standard","meta":{"footnotes":""},"categories":[2820],"tags":[1111,11,2389,7782,1687,2413,1777,674,107,1011,27,775,12,25,801,640,39783,39782],"class_list":{"0":"post-257758","1":"post","2":"type-post","3":"status-publish","4":"format-standard","5":"has-post-thumbnail","7":"category-strasbourg","8":"tag-actu","9":"tag-actualites","10":"tag-alsace","11":"tag-balades-et-randonnees","12":"tag-culture-loisirs","13":"tag-edition-colmar-guebwiller","14":"tag-eu","15":"tag-europe","16":"tag-fil-info","17":"tag-fr","18":"tag-france","19":"tag-grand-est","20":"tag-news","21":"tag-republique-francaise","22":"tag-social","23":"tag-strasbourg","24":"tag-tout-autour-de-colmar","25":"tag-wintzenheim"},"share_on_mastodon":{"url":"https:\/\/pubeurope.com\/@fr\/114877429446479260","error":""},"_links":{"self":[{"href":"https:\/\/www.europesays.com\/fr\/wp-json\/wp\/v2\/posts\/257758","targetHints":{"allow":["GET"]}}],"collection":[{"href":"https:\/\/www.europesays.com\/fr\/wp-json\/wp\/v2\/posts"}],"about":[{"href":"https:\/\/www.europesays.com\/fr\/wp-json\/wp\/v2\/types\/post"}],"author":[{"embeddable":true,"href":"https:\/\/www.europesays.com\/fr\/wp-json\/wp\/v2\/users\/2"}],"replies":[{"embeddable":true,"href":"https:\/\/www.europesays.com\/fr\/wp-json\/wp\/v2\/comments?post=257758"}],"version-history":[{"count":0,"href":"https:\/\/www.europesays.com\/fr\/wp-json\/wp\/v2\/posts\/257758\/revisions"}],"wp:featuredmedia":[{"embeddable":true,"href":"https:\/\/www.europesays.com\/fr\/wp-json\/wp\/v2\/media\/257759"}],"wp:attachment":[{"href":"https:\/\/www.europesays.com\/fr\/wp-json\/wp\/v2\/media?parent=257758"}],"wp:term":[{"taxonomy":"category","embeddable":true,"href":"https:\/\/www.europesays.com\/fr\/wp-json\/wp\/v2\/categories?post=257758"},{"taxonomy":"post_tag","embeddable":true,"href":"https:\/\/www.europesays.com\/fr\/wp-json\/wp\/v2\/tags?post=257758"}],"curies":[{"name":"wp","href":"https:\/\/api.w.org\/{rel}","templated":true}]}}