{"id":257762,"date":"2025-07-19T02:00:24","date_gmt":"2025-07-19T02:00:24","guid":{"rendered":"https:\/\/www.europesays.com\/fr\/257762\/"},"modified":"2025-07-19T02:00:24","modified_gmt":"2025-07-19T02:00:24","slug":"arnaud-joly-nomme-directeur-general-de-lhotel-anantara-plaza-nice","status":"publish","type":"post","link":"https:\/\/www.europesays.com\/fr\/257762\/","title":{"rendered":"Arnaud Joly nomm\u00e9 Directeur G\u00e9n\u00e9ral de l\u2019H\u00f4tel Anantara Plaza Nice"},"content":{"rendered":"<p>                    <img loading=\"lazy\" decoding=\"async\" src=\"https:\/\/www.europesays.com\/fr\/wp-content\/uploads\/2025\/07\/8f1ced89b44224076cf2650af78746.png\" class=\"img-responsive post-image\" width=\"680\" height=\"510\" alt=\"Arnaud Joly nomm\u00e9 Directe\" title=\" Arnaud Joly nomm\u00e9 Directeur G\u00e9n\u00e9ral de l'H\u00f4tel Anantara Plaza Nice \"\/><\/p>\n<p class=\"chapo\">L\u2019H\u00f4tel Anantara Plaza Nice annonce ce 18 juillet deux nominations majeures \u00e0 la t\u00eate de son\u00e9quipe dirigeante, marquant une nouvelle \u00e9tape dans le d\u00e9veloppement de l\u2019\u00e9tablissement. Arnaud Joly nomm\u00e9 Directeur G\u00e9n\u00e9ral et Marie Organ, H\u00f4tel Manager, rejoignent l\u2019\u00e9quipe.<\/p>\n<p>                    Arnaud Joly, nouveau Directeur G\u00e9n\u00e9ral<\/p>\n<p>Avec une solide exp\u00e9rience dans l\u2019h\u00f4tellerie de luxe,Arnaud Joly prend les r\u00eanes de l\u2019Anantara Plaza NiceHotel en tant que Directeur G\u00e9n\u00e9ral. Son parcours,jalonn\u00e9 de responsabilit\u00e9s en France et \u00e0 l\u2019international, atteste d\u2019un savoir-faire affirm\u00e9. Il a notamment exerc\u00e9 au Prince de Galles, Paris, commedirecteur g\u00e9n\u00e9ral adjoint ex\u00e9cutif, ainsi qu\u2019au Bristol Paris en tant que financial control manager. Engag\u00e9 en faveur de l\u2019innovation et de l\u2019excellence op\u00e9rationnelle, il aura pour <strong>mission de renforcer le positionnement de l\u2019h\u00f4tel parmi les r\u00e9f\u00e9rences incontournables de la r\u00e9gion, tout en enrichissant l\u2019exp\u00e9rience client.<\/strong><\/p>\n<p>Marie Organ, H\u00f4tel Manager<\/p>\n<p>Professionnelle aguerrie, Marie Organ apporte plus de dix ans d\u2019exp\u00e9rience dans l\u2019h\u00f4tellerie et larestauration haut de gamme. Son parcours international l\u2019a men\u00e9e \u00e0 des fonctions cl\u00e9s dans des \u00e9tablissements prestigieux. Elle se distingue par sonsens du leadership, sa rigueur et sa capacit\u00e9 \u00e0 f\u00e9d\u00e9rer les \u00e9quipes autour d\u2019un objectif commun. Derni\u00e8rement, elle pilotait les op\u00e9rations derestauration du Prince de Galles, contribuant activement \u00e0 l\u2019optimisation de la satisfaction client et des performances globales. <strong>\u00c0 Nice, elle accompagnera la direction dans la gestion quotidienne de l\u2019\u00e9tablissement, avec une attention particuli\u00e8re port\u00e9e \u00e0 la qualit\u00e9 de service et \u00e0 l\u2019efficacit\u00e9 op\u00e9rationnelle.<\/strong><\/p>\n<p>Ces nominations t\u00e9moignent de la volont\u00e9 de l\u2019Anantara Plaza Nice Hotel de renforcer sonpositionnement d\u2019adresse incontournable sur la Riviera, en s\u2019appuyant sur une \u00e9quipe dirigeanteexp\u00e9riment\u00e9e et engag\u00e9e.<\/p>\n<p>Visuel de Une\u00a0: \u00a9Arnaud Joly<\/p>\n","protected":false},"excerpt":{"rendered":"L\u2019H\u00f4tel Anantara Plaza Nice annonce ce 18 juillet deux nominations majeures \u00e0 la t\u00eate de son\u00e9quipe dirigeante, marquant&hellip;\n","protected":false},"author":2,"featured_media":257763,"comment_status":"","ping_status":"","sticky":false,"template":"","format":"standard","meta":{"footnotes":""},"categories":[2819],"tags":[1111,11,2408,1777,674,1011,27,12,2401,882,25],"class_list":{"0":"post-257762","1":"post","2":"type-post","3":"status-publish","4":"format-standard","5":"has-post-thumbnail","7":"category-nice","8":"tag-actu","9":"tag-actualites","10":"tag-appels-d","11":"tag-eu","12":"tag-europe","13":"tag-fr","14":"tag-france","15":"tag-news","16":"tag-nice","17":"tag-provence-alpes-cote-dazur","18":"tag-republique-francaise"},"share_on_mastodon":{"url":"https:\/\/pubeurope.com\/@fr\/114877433371674120","error":""},"_links":{"self":[{"href":"https:\/\/www.europesays.com\/fr\/wp-json\/wp\/v2\/posts\/257762","targetHints":{"allow":["GET"]}}],"collection":[{"href":"https:\/\/www.europesays.com\/fr\/wp-json\/wp\/v2\/posts"}],"about":[{"href":"https:\/\/www.europesays.com\/fr\/wp-json\/wp\/v2\/types\/post"}],"author":[{"embeddable":true,"href":"https:\/\/www.europesays.com\/fr\/wp-json\/wp\/v2\/users\/2"}],"replies":[{"embeddable":true,"href":"https:\/\/www.europesays.com\/fr\/wp-json\/wp\/v2\/comments?post=257762"}],"version-history":[{"count":0,"href":"https:\/\/www.europesays.com\/fr\/wp-json\/wp\/v2\/posts\/257762\/revisions"}],"wp:featuredmedia":[{"embeddable":true,"href":"https:\/\/www.europesays.com\/fr\/wp-json\/wp\/v2\/media\/257763"}],"wp:attachment":[{"href":"https:\/\/www.europesays.com\/fr\/wp-json\/wp\/v2\/media?parent=257762"}],"wp:term":[{"taxonomy":"category","embeddable":true,"href":"https:\/\/www.europesays.com\/fr\/wp-json\/wp\/v2\/categories?post=257762"},{"taxonomy":"post_tag","embeddable":true,"href":"https:\/\/www.europesays.com\/fr\/wp-json\/wp\/v2\/tags?post=257762"}],"curies":[{"name":"wp","href":"https:\/\/api.w.org\/{rel}","templated":true}]}}