{"id":257776,"date":"2025-07-19T02:09:14","date_gmt":"2025-07-19T02:09:14","guid":{"rendered":"https:\/\/www.europesays.com\/fr\/257776\/"},"modified":"2025-07-19T02:09:14","modified_gmt":"2025-07-19T02:09:14","slug":"un-bebe-retrouve-mort-a-lhopital-a-lille-que-sest-il-passe","status":"publish","type":"post","link":"https:\/\/www.europesays.com\/fr\/257776\/","title":{"rendered":"Un b\u00e9b\u00e9 retrouv\u00e9 mort \u00e0 l\u2019h\u00f4pital \u00e0 Lille\u00a0: que s\u2019est-il pass\u00e9\u00a0?"},"content":{"rendered":"<p>Un enfant qui d\u00e9ambule sans surveillance dans le service et entre dans la chambre de b\u00e9b\u00e9s tr\u00e8s fragiles, un service insuffisamment s\u00e9curis\u00e9, une surveillance trop distante\u2026 La famille de la petite Zayneb, nourrisson pr\u00e9matur\u00e9 retrouv\u00e9 bless\u00e9 au sol dans un service de n\u00e9onatalogie du CHU de Lille et d\u00e9c\u00e9d\u00e9 quelques jours plus tard, cherche \u00e0 comprendre ce qui a men\u00e9 au drame. Elle dit avoir constat\u00e9 des anomalies \u00ab concernant la s\u00e9curit\u00e9 de l\u2019h\u00f4pital Jeanne de Flandre \u00bb, la maternit\u00e9 du CHU. Elle appelle donc toute famille ayant constat\u00e9 des \u00e9l\u00e9ments similaires \u00e0 t\u00e9moigner.<\/p>\n<p>Vendredi, une semaine apr\u00e8s la d\u00e9couverte du b\u00e9b\u00e9 au sol, la procureure Carole \u00c9tienne a indiqu\u00e9 que Zayneb \u00e9tait morte d\u2019un traumatisme \u00ab compatible avec une chute \u00bb et confirm\u00e9 qu\u2019un enfant avait \u00e9t\u00e9 vu pr\u00e8s du berceau au moment des faits. Les faits se sont d\u00e9roul\u00e9s le 11 juillet, en fin de matin\u00e9e, au sein du service de n\u00e9onatologie de l\u2019h\u00f4pital Jeanne de Flandre, l\u2019une des principales maternit\u00e9s de la r\u00e9gion. La petite fille, n\u00e9e \u00e0 7 mois en demi de grossesse, est d\u00e9c\u00e9d\u00e9e mardi.<\/p>\n<p>\u00ab Il fallait qu\u2019elle surveille son enfant \u00bb<\/p>\n<p>La procureure a confirm\u00e9 les d\u00e9clarations de la famille du nourrisson, qui a point\u00e9 le comportement perturbateur du fr\u00e8re d\u2019un autre b\u00e9b\u00e9 hospitalis\u00e9 dans le service, et indiqu\u00e9 qu\u2019un \u00ab enfant de six ans, membre d\u2019une autre famille, a effectivement \u00e9t\u00e9 vu \u00e0 proximit\u00e9 du berceau et de l\u2019enfant au sol \u00bb. L\u2019enqu\u00eate ouverte pour \u00ab recherche des causes de la mort \u00bb se poursuit.<\/p>\n<p>Les jours pr\u00e9c\u00e9dents, \u00ab le grand-p\u00e8re maternel (de Zayneb) est all\u00e9 voir la maman du petit gar\u00e7on \u00e0 deux reprises pour lui indiquer qu\u2019il fallait qu\u2019elle surveille son enfant \u00bb, rapporte Mme Farhi. La veille du drame, la m\u00e8re de Zayneb l\u2019avait retrouv\u00e9e sans sa couche ni son mat\u00e9riel m\u00e9dical, mais le personnel avait r\u00e9pondu \u00e0 ses interrogations qu\u2019elle avait d\u00fb les enlever toute seule.<\/p>\n<p>\u00ab Un \u00e9v\u00e9nement exceptionnel particuli\u00e8rement grave \u00bb<\/p>\n<p>Elle souligne que \u00ab le personnel m\u00e9dical avait \u00e9t\u00e9 pr\u00e9venu \u00bb du \u00ab comportement anormal depuis plusieurs jours \u00bb du gar\u00e7onnet, d\u00e9j\u00e0 vu \u00e0 proximit\u00e9 de la petite Zayneb, \u00ab qu\u2019il appelait ma poup\u00e9e \u00bb. \u00ab Ce que ne veut pas la maman \u00bb, une jeune femme de 23 ans dont Zayneb \u00e9tait le premier enfant, \u00ab c\u2019est qu\u2019on pense qu\u2019elle a laiss\u00e9 son enfant sans surveillance \u00bb alors qu&rsquo;\u00ab elle l\u2019a confi\u00e9 au personnel hospitalier \u00bb pendant qu\u2019elle r\u00e9alisait les formalit\u00e9s pour sa propre sortie de l\u2019h\u00f4pital, dans un autre service, insiste la cousine.<\/p>\n<p>Le centre hospitalier, \u00e9voquant dans un communiqu\u00e9 de presse mercredi \u00ab un \u00e9v\u00e9nement exceptionnel particuli\u00e8rement grave et bouleversant \u00bb, a strictement limit\u00e9 les visites en n\u00e9onatologie. D\u00e9sormais, seuls les parents peuvent rendre visite aux b\u00e9b\u00e9s qui y sont hospitalis\u00e9s, des mesures \u00ab maintenues tant que n\u00e9cessaire \u00bb a pr\u00e9cis\u00e9 l\u2019h\u00f4pital. Une enqu\u00eate administrative interne est \u00e9galement en cours, qui devrait aboutir d\u2019ici deux semaines.<\/p>\n<p>\u00ab Plus jamais \u00bb \u00e7a<\/p>\n<p>La famille du nourrisson, qui ne sait pas encore si elle portera plainte, a appel\u00e9 l\u2019h\u00f4pital \u00e0 \u00ab assumer sa responsabilit\u00e9 \u00bb pour que \u00ab cela n\u2019arrive plus jamais \u00bb. Le livret d\u2019accueil du CHU stipule que dans l\u2019unit\u00e9 de n\u00e9onatalogie, \u00ab les fr\u00e8res et soeurs sont admis mais doivent \u00eatre accompagn\u00e9s et surveill\u00e9s \u00bb. \u00ab On ne peut pas accepter que (\u2026) \u00e7a devienne un enfant livr\u00e9 \u00e0 lui-m\u00eame et que ni le personnel soignant ni l\u2019h\u00f4pital n\u2019est responsable \u00bb, estime Mme Farhi, \u00e9voquant la possibilit\u00e9 d\u2019un syst\u00e8me de garde.<\/p>\n<p>Des d\u00e9l\u00e9gu\u00e9s syndicaux ont r\u00e9clam\u00e9 une r\u00e9union extraordinaire de la commission sant\u00e9, s\u00e9curit\u00e9 et conditions de travail (CSSCT) de l\u2019h\u00f4pital \u00ab pour parler du contexte du service \u00e0 ce moment-l\u00e0 et pendant les semaines qui pr\u00e9c\u00e9daient \u00bb, a indiqu\u00e9 une source syndicale, ajoutant : \u00ab on attend toujours \u00bb.<\/p>\n","protected":false},"excerpt":{"rendered":"Un enfant qui d\u00e9ambule sans surveillance dans le service et entre dans la chambre de b\u00e9b\u00e9s tr\u00e8s fragiles,&hellip;\n","protected":false},"author":2,"featured_media":257777,"comment_status":"","ping_status":"","sticky":false,"template":"","format":"standard","meta":{"footnotes":""},"categories":[2815],"tags":[1111,11,765,1777,674,1011,27,811,1307,12,25],"class_list":{"0":"post-257776","1":"post","2":"type-post","3":"status-publish","4":"format-standard","5":"has-post-thumbnail","7":"category-lille","8":"tag-actu","9":"tag-actualites","10":"tag-en-continu","11":"tag-eu","12":"tag-europe","13":"tag-fr","14":"tag-france","15":"tag-hauts-de-france","16":"tag-lille","17":"tag-news","18":"tag-republique-francaise"},"share_on_mastodon":{"url":"https:\/\/pubeurope.com\/@fr\/114877468704016884","error":""},"_links":{"self":[{"href":"https:\/\/www.europesays.com\/fr\/wp-json\/wp\/v2\/posts\/257776","targetHints":{"allow":["GET"]}}],"collection":[{"href":"https:\/\/www.europesays.com\/fr\/wp-json\/wp\/v2\/posts"}],"about":[{"href":"https:\/\/www.europesays.com\/fr\/wp-json\/wp\/v2\/types\/post"}],"author":[{"embeddable":true,"href":"https:\/\/www.europesays.com\/fr\/wp-json\/wp\/v2\/users\/2"}],"replies":[{"embeddable":true,"href":"https:\/\/www.europesays.com\/fr\/wp-json\/wp\/v2\/comments?post=257776"}],"version-history":[{"count":0,"href":"https:\/\/www.europesays.com\/fr\/wp-json\/wp\/v2\/posts\/257776\/revisions"}],"wp:featuredmedia":[{"embeddable":true,"href":"https:\/\/www.europesays.com\/fr\/wp-json\/wp\/v2\/media\/257777"}],"wp:attachment":[{"href":"https:\/\/www.europesays.com\/fr\/wp-json\/wp\/v2\/media?parent=257776"}],"wp:term":[{"taxonomy":"category","embeddable":true,"href":"https:\/\/www.europesays.com\/fr\/wp-json\/wp\/v2\/categories?post=257776"},{"taxonomy":"post_tag","embeddable":true,"href":"https:\/\/www.europesays.com\/fr\/wp-json\/wp\/v2\/tags?post=257776"}],"curies":[{"name":"wp","href":"https:\/\/api.w.org\/{rel}","templated":true}]}}