{"id":257782,"date":"2025-07-19T02:12:07","date_gmt":"2025-07-19T02:12:07","guid":{"rendered":"https:\/\/www.europesays.com\/fr\/257782\/"},"modified":"2025-07-19T02:12:07","modified_gmt":"2025-07-19T02:12:07","slug":"quand-le-boss-du-cafe-203-fricote-avec-lextreme-droite","status":"publish","type":"post","link":"https:\/\/www.europesays.com\/fr\/257782\/","title":{"rendered":"Quand le boss du Caf\u00e9 203 fricote avec l\u2019extr\u00eame-droite"},"content":{"rendered":"<p><strong>En 2000<\/strong>\u202f, alors qu\u2019on pouvait tirer sur une cigarette en buvant son verre de beaujolais et que le socialiste G\u00e9rard Collomb s\u2019appr\u00eatait \u00e0 faire passer Lyon \u00e0 gauche, il inaugurait \u00ab\u00a0100\u202fTabac\u202f\u00a0\u00bb, premier bar non\u2011fumeur de France.<\/p>\n<p>Et huit ans apr\u00e8s, de virer sa cuti, de retourner sa veste et, quand le tabac devenait interdit dans les bars par les lois Bachelot, d\u2019\u00e9riger un nouveau bar, avec 20\u202f000 m\u00e9gots en \u201cclope\u2011art\u201d, dans lequel on pouvait encore fumer.<\/p>\n<p>Non fumeur quand on peut \u00eatre fumeur, fumeur quand on ne l\u2019est plus, l&rsquo;homme a indiscutablement une fa\u00e7on forte de faire parler de lui. Ce qui en fait, sous un couvert de rebelle, un chef d\u2019entreprise \u00e0 succ\u00e8s et au charisme ind\u00e9niable.<\/p>\n<p><strong>Sous les ann\u00e9es de la majorit\u00e9 de gauche de Collomb<\/strong>, le dialogue ne sera pas toujours facile, m\u00eame si beaucoup d\u2019\u00e9lus communistes ou verts du maire de Lyon fr\u00e9quentaient assid\u00fbment ce restaurant, l\u2019homme \u00e9tant parfois plus arrangeant en rendez-vous priv\u00e9s qu\u2019en d\u00e9clarations publiques: coups m\u00e9diatiques en cascade, mais toujours un t\u00e9l\u00e9phone ouvert avec l\u2019H\u00f4tel de Ville et le 1\u1d49\u02b3\u202farrondissement.<\/p>\n<p>Et puis des candidatures aux \u00e9lections : ce sarkozyste d\u00e9clar\u00e9 se pr\u00e9sentera en candidat divers droite aux l\u00e9gislatives en 2002 avant de tenter le MoDem en 2008. Moi je le vois surtout comme une sorte d\u2019anar de droite un peu climatosceptique.<\/p>\n<p>C\u2019est un peu dans dans cet esprit qu\u2019il continuera le chauffage de terrasse malgr\u00e9 l\u2019interdiction ; la maire \u00e9cologiste du\u202f1\u1d49\u02b3, Yasmine\u202fBouagga, prend encore le temps de lui r\u00e9pondre publiquement, de le recevoir. L\u00e0 aussi les dialogues priv\u00e9s sont courtois mais les d\u00e9clarations publiques un peu moins.<\/p>\n<p><strong>Et en 2025<\/strong>\u202f: il parade dans <strong>un 4\u00d74 Crit\u2019Air\u202f6 v\u00e9g\u00e9talis\u00e9<\/strong> pour \u201ccompenser\u201d la pollution\u2026 en pleine manif anti\u2011ZFE.<\/p>\n<p>Difficile de nier le talent de ce \u201cpoil \u00e0 gratter\u201d\u202f: \u00e0 chaque nouvelle r\u00e8gle, il invente la transgression\u2011performance. Pour des causes souvent contestables mais qui am\u00e8nent une vraie visibilit\u00e9 \u00e0 cette vraie grande gueule dans une ville pleine de figures publiques fades.<\/p>\n<p><strong>Sauf qu\u2019il vient de franchir une ligne rouge\u202f: le virage Lapierre et de l&rsquo;extr\u00eame-droite dure et complotiste.<\/strong><\/p>\n<p>En juillet\u202f2025, Christophe C\u00e9dat sert de guide au YouTubeur <strong>Vincent\u202fLapierre<\/strong> (ex\u2011\u00c9galit\u00e9 &amp; R\u00e9conciliation, de l\u2019antis\u00e9mite et condamn\u00e9 \u00e0 plusieurs reprises pour racisme Alain\u202fSoral) pour deux vid\u00e9os \u201cLyon en faillite\u201d vues plus de\u202f300\u202f000\u202ffois.<\/p>\n<p>On y voit le patron du\u202f203 pilonner \u201cla dictature verte\u201d, Place\u202fBellecour, directement depuis son 4\u00d74 (v\u00e9hicule qui, comme chacun sait, est absolument indispensable \u00e0 la survie en pleine brousse lyonnaise au milieu des gu\u00e9pards et des girafes).<\/p>\n<p>Vincent Lapierre fait en ce moment un tour de France pour montrer que notre pays est nul et \u00e0 jeter \u00e0 la poubelle. L\u2019extr\u00eame-droite n\u2019a jamais \u00e9t\u00e9 patriote.<\/p>\n<p>Oui, la politique locale peut susciter des questions l\u00e9gitimes\u202f\u2013 co\u00fbt de l\u2019\u0153uvre Tissage Urbain (1,6\u202fM\u202feuros). Cela fait partie du d\u00e9bat d\u00e9mocratique.<\/p>\n<p>Mais s\u2019adosser \u00e0 un influenceur catalogu\u00e9 extr\u00eame droite radicale, c\u2019est laisser le d\u00e9bat au vestiaire pour chausser les bottes id\u00e9ologiques les plus lourdes.\u00a0<\/p>\n<p><strong>La contradiction climatique, elle, tourne au sketch<\/strong><\/p>\n<p>Pendant que l\u2019on enterre la ZFE \u00e0 coups de punchlines, un rappel de sant\u00e9 publique s\u2019impose : <strong>la pollution de l\u2019air tue environ 40\u202f000\u202fpersonnes chaque ann\u00e9e en France<\/strong>.<br \/>Difficile de plaider l\u2019int\u00e9r\u00eat g\u00e9n\u00e9ral quand on joue les Mad\u202fMax en 4X4 \u00a0sur les quais de Sa\u00f4ne.<\/p>\n<p><strong>Pourquoi il faut dire \u201cstop\u201d<\/strong><\/p>\n<p>Lyon est r\u00e9put\u00e9e pour son sens du dialogue, m\u00eame muscl\u00e9. En choisissant la caisse de r\u00e9sonance d\u2019un fasciste qui fait le tour de France pour appeler \u00e0 la guerre civile, C\u00e9dat confond buzz et bazooka\u202f: il offre un boulevard \u00e0 ceux qui voient l\u2019\u00e9cologie comme \u201cl\u2019ennemi int\u00e9rieur\u201d plut\u00f4t que comme une discussion de voisinage.<\/p>\n<p>On peut admirer l\u2019entrepreneur cr\u00e9atif, rappeler ses combats pour les fumeurs, les artistes ou les petits commerces. On peut m\u00eame partager certaines de ses col\u00e8res contre l\u2019ex\u00e9cutif vert. Mais <strong>on ne cautionne pas\u202f\u2013 jamais\u202f\u2013 les cha\u00eenes d\u2019extr\u00eame droite qui prosp\u00e8rent sur la haine et la d\u00e9sinformation<\/strong>.<\/p>\n<p><strong>Mon v\u0153u pour 203\u202f?<\/strong><\/p>\n<p>Que le patron du\u202f203 retrouve le sel qui faisait son charme : la provocation oui, l\u2019irr\u00e9parable non. Que ses pairs ne c\u00e8dent pas \u00e0 la facilit\u00e9 des pol\u00e9miques \u00e0 clics. Et que Lyon reste ce qu\u2019elle a toujours \u00e9t\u00e9 : un laboratoire de d\u00e9bats vifs, mais d\u00e9nu\u00e9s de relents bruns.<\/p>\n<p>Retrouvez tous les billets de <a href=\"https:\/\/www.instagram.com\/romainblachier\/\" target=\"_blank\" rel=\"noopener\">Romain Blachier<\/a> sur son site.<\/p>\n<p><strong>Romain Blachier<\/strong><\/p>\n<p>  \t\t\t\t\t<script async src=\"\/\/www.instagram.com\/embed.js\"><\/script><\/p>\n","protected":false},"excerpt":{"rendered":"En 2000\u202f, alors qu\u2019on pouvait tirer sur une cigarette en buvant son verre de beaujolais et que le&hellip;\n","protected":false},"author":2,"featured_media":257783,"comment_status":"","ping_status":"","sticky":false,"template":"","format":"standard","meta":{"footnotes":""},"categories":[1889],"tags":[1111,11,2813,2190,2430,1109,251,1112,2811,1777,674,118,1011,27,1922,1110,1114,2428,2810,12,241,316,25,2812,517,800],"class_list":{"0":"post-257782","1":"post","2":"type-post","3":"status-publish","4":"format-standard","5":"has-post-thumbnail","7":"category-lyon","8":"tag-actu","9":"tag-actualites","10":"tag-article","11":"tag-asvel","12":"tag-auvergne-rhone-alpes","13":"tag-breves","14":"tag-culture","15":"tag-depeches","16":"tag-economique","17":"tag-eu","18":"tag-europe","19":"tag-faits-divers","20":"tag-fr","21":"tag-france","22":"tag-info","23":"tag-informations","24":"tag-infos","25":"tag-lyon","26":"tag-lyonmag","27":"tag-news","28":"tag-ol","29":"tag-politique","30":"tag-republique-francaise","31":"tag-sociale","32":"tag-sport","33":"tag-transports"},"share_on_mastodon":{"url":"https:\/\/pubeurope.com\/@fr\/114877480497171274","error":""},"_links":{"self":[{"href":"https:\/\/www.europesays.com\/fr\/wp-json\/wp\/v2\/posts\/257782","targetHints":{"allow":["GET"]}}],"collection":[{"href":"https:\/\/www.europesays.com\/fr\/wp-json\/wp\/v2\/posts"}],"about":[{"href":"https:\/\/www.europesays.com\/fr\/wp-json\/wp\/v2\/types\/post"}],"author":[{"embeddable":true,"href":"https:\/\/www.europesays.com\/fr\/wp-json\/wp\/v2\/users\/2"}],"replies":[{"embeddable":true,"href":"https:\/\/www.europesays.com\/fr\/wp-json\/wp\/v2\/comments?post=257782"}],"version-history":[{"count":0,"href":"https:\/\/www.europesays.com\/fr\/wp-json\/wp\/v2\/posts\/257782\/revisions"}],"wp:featuredmedia":[{"embeddable":true,"href":"https:\/\/www.europesays.com\/fr\/wp-json\/wp\/v2\/media\/257783"}],"wp:attachment":[{"href":"https:\/\/www.europesays.com\/fr\/wp-json\/wp\/v2\/media?parent=257782"}],"wp:term":[{"taxonomy":"category","embeddable":true,"href":"https:\/\/www.europesays.com\/fr\/wp-json\/wp\/v2\/categories?post=257782"},{"taxonomy":"post_tag","embeddable":true,"href":"https:\/\/www.europesays.com\/fr\/wp-json\/wp\/v2\/tags?post=257782"}],"curies":[{"name":"wp","href":"https:\/\/api.w.org\/{rel}","templated":true}]}}