{"id":257786,"date":"2025-07-19T02:16:24","date_gmt":"2025-07-19T02:16:24","guid":{"rendered":"https:\/\/www.europesays.com\/fr\/257786\/"},"modified":"2025-07-19T02:16:24","modified_gmt":"2025-07-19T02:16:24","slug":"anais-bouton-eric-brunet-david-pujadas-benedicte-le-chatelier-a-quoi-va-ressembler-lci-a-la-rentree","status":"publish","type":"post","link":"https:\/\/www.europesays.com\/fr\/257786\/","title":{"rendered":"Ana\u00efs Bouton, \u00c9ric Brunet, David Pujadas, B\u00e9n\u00e9dicte Le Chatelier\u00a0: \u00e0 quoi va ressembler LCI \u00e0 la rentr\u00e9e\u00a0?"},"content":{"rendered":"<p class=\"paragraph text_align_left lp-f-body-02\">Nouvelle recrue venue de RTL pour LCI. Deux mois apr\u00e8s son coll\u00e8gue <a href=\"https:\/\/www.leparisien.fr\/culture-loisirs\/tv\/entre-eric-brunet-et-rtl-cest-fini-14-05-2025-SOK42X6JBFBPXMYKBCUXWUGS5E.php\" target=\"_blank\" rel=\"noreferrer nofollow noopener\">\u00c9ric Brunet, qui assurera \u00e0 partir de la rentr\u00e9e le 12 heures\/14 heures<\/a>, c\u2019est au tour d\u2019Ana\u00efs Bouton de rejoindre la cha\u00eene info du groupe TF 1. L\u2019ancienne pr\u00e9sentatrice de l\u2019\u00e9mission de Paris Premi\u00e8re \u00ab Zemmour &amp; Naulleau \u00bb, actuellement sur RTL, va reprendre la tranche 9 heures\/10 heures de LCI, annonce au Parisien Guillaume Debr\u00e9, le directeur g\u00e9n\u00e9ral de la cha\u00eene.<\/p>\n<p class=\"paragraph text_align_left lp-f-body-02\">\u00ab Avec une bande de chroniqueurs permanents, Ana\u00efs Bouton analysera chaque matin l\u2019info qui est en train de monter. \u00c0 10 heures, c\u2019est David Doukhan qui prendra le relais pour deux heures, avec des commentateurs issus entre autre de la soci\u00e9t\u00e9 civile et des invit\u00e9s \u00bb, nous explique le patron de la cha\u00eene, ravi de son recrutement.<\/p>\n<p class=\"paragraph text_align_left lp-f-body-02\">Le duo Bouton\/Doukhan remplace Am\u00e9lie Carrou\u00ebr, qui rebondit, quant \u00e0 elle, entre 17 heures et 18 heures, pour chauffer la salle avant l\u2019arriv\u00e9e de David Pujadas (18 heures\/20 heures) et Darius Rochebin (20 heures\/22 heures), les deux t\u00eates d\u2019affiche de LCI. <a href=\"https:\/\/www.leparisien.fr\/culture-loisirs\/tv\/jt-de-tf1-qui-est-amelie-carrouer-la-remplacante-daudrey-crespo-mara-ce-week-end-18-07-2025-THZDHP3LZRFLFNNWJ3S4QMNUFY.php\" target=\"_blank\" rel=\"noreferrer nofollow noopener\">Celle qui se teste au JT de TF 1 ce week-end<\/a> remplace \u00e0 cet horaire \u00c9milie Broussouloux, partie sur BFMTV.<\/p>\n<p>Le retour de B\u00e9n\u00e9dicte Le Chatelier<\/p>\n<p class=\"paragraph text_align_left lp-f-body-02\">Autre nouveaut\u00e9 de la rentr\u00e9e, l\u2019arriv\u00e9e, dans la matinale de Jean-Baptiste Boursier, de Laur\u00e8ne Barri\u00e8re Tallerie. Elle officiait ces derniers mois \u00e0 <a href=\"https:\/\/www.leparisien.fr\/culture-loisirs\/tv\/bonjour-tf-1-rallonge-sa-matinale-et-recrute-anicet-mbida-et-sandrine-arcizet-09-07-2025-JDWCZRR5PJB4HMLV5DL66WHJOU.php\" target=\"_blank\" rel=\"noreferrer nofollow noopener\">\u00ab Bonjour ! \u00bb, la matinale de Bruce Toussaint sur TF 1<\/a>, et sera charg\u00e9e des journaux de la tranche s\u2019\u00e9tendant de 6 heures \u00e0 9 heures, qui voit les arriv\u00e9es de Nicolas Doze et Christophe Barbier, de BFMTV, mais aussi de la reporter Solenn Riou.<\/p>\n<p class=\"paragraph text_align_left lp-f-body-02\">Enfin, pour finir, la grille de rentr\u00e9e marquera le retour de B\u00e9n\u00e9dicte Le Chatelier. Ce visage de LCI, o\u00f9 elle a pass\u00e9 vingt ann\u00e9es, avait fait ses adieux en juin 2024, pour suivre son mari, Laurent Prud\u2019homme, nomm\u00e9 directeur g\u00e9n\u00e9ral de l\u2019Olympique Lyonnais. Ce dernier <a href=\"https:\/\/www.leparisien.fr\/sports\/football\/ligue-1\/une-periode-critique-pour-lol-la-milliardaire-michele-kang-pour-sauver-lyon-un-choix-en-questions-30-06-2025-VHZMI2DZKJA6TBT7CLNX5OQSHM.php\" target=\"_blank\" rel=\"noreferrer nofollow noopener\">\u00e9cart\u00e9 r\u00e9cemment de son poste<\/a>, la journaliste a choisi de revenir s\u2019installer \u00e0 Paris et de retrouver sa cha\u00eene o\u00f9 elle officiera tous les week-ends entre 15 heures et 18 heures.<\/p>\n<p class=\"paragraph text_align_left lp-f-body-02\"><a href=\"https:\/\/www.leparisien.fr\/culture-loisirs\/tv\/cnews-sur-orbite-lci-grimpe-bfm-stagne-les-audiences-des-chaines-dinfo-apres-le-changement-de-numerotation-de-la-tnt-30-06-2025-P5AQMD64JJAPTO2B7LFBOHZ24U.php\" target=\"_blank\" rel=\"noreferrer nofollow noopener\">Depuis le changement de num\u00e9rotation mis en place le 6 juin<\/a>, LCI a gagn\u00e9 quelques points de part de march\u00e9 : 2,1 % de PDA la semaine derni\u00e8re, contre 1,7 % sur l\u2019ensemble de l\u2019ann\u00e9e 2024. Elle esp\u00e8re acc\u00e9l\u00e9rer la tendance alors que CNews, leader du secteur, a peu touch\u00e9 sa grille et que BFMTV, sa grande rivale <a href=\"https:\/\/www.leparisien.fr\/culture-loisirs\/tv\/julien-arnaud-quitte-france-2-pour-rejoindre-bfmtv-marc-fauvelle-remplace-benjamin-duhamel-07-07-2025-QMYEYFEUH5EA5AQB74GIAPFD4A.php\" target=\"_blank\" rel=\"noreferrer nofollow noopener\">a, elle aussi, fait beaucoup de modifications<\/a>. Apr\u00e8s une saison difficile marqu\u00e9e par un vaste plan de d\u00e9parts, BFMTV esp\u00e8re retrouver de la stabilit\u00e9 avec notamment les arriv\u00e9es des journalistes reconnus Julien Arnaud et Marc Fauvelle.<\/p>\n","protected":false},"excerpt":{"rendered":"Nouvelle recrue venue de RTL pour LCI. Deux mois apr\u00e8s son coll\u00e8gue \u00c9ric Brunet, qui assurera \u00e0 partir&hellip;\n","protected":false},"author":2,"featured_media":257787,"comment_status":"","ping_status":"","sticky":false,"template":"","format":"standard","meta":{"footnotes":""},"categories":[1888],"tags":[1111,1928,11,1927,872,1777,674,1011,27,12,1926,626,1925,25,2205],"class_list":{"0":"post-257786","1":"post","2":"type-post","3":"status-publish","4":"format-standard","5":"has-post-thumbnail","7":"category-paris","8":"tag-actu","9":"tag-actu-paris","10":"tag-actualites","11":"tag-actualites-paris","12":"tag-culture-et-loisirs","13":"tag-eu","14":"tag-europe","15":"tag-fr","16":"tag-france","17":"tag-news","18":"tag-news-paris","19":"tag-paris","20":"tag-paris-news","21":"tag-republique-francaise","22":"tag-television-medias"},"share_on_mastodon":{"url":"https:\/\/pubeurope.com\/@fr\/114877496578997052","error":""},"_links":{"self":[{"href":"https:\/\/www.europesays.com\/fr\/wp-json\/wp\/v2\/posts\/257786","targetHints":{"allow":["GET"]}}],"collection":[{"href":"https:\/\/www.europesays.com\/fr\/wp-json\/wp\/v2\/posts"}],"about":[{"href":"https:\/\/www.europesays.com\/fr\/wp-json\/wp\/v2\/types\/post"}],"author":[{"embeddable":true,"href":"https:\/\/www.europesays.com\/fr\/wp-json\/wp\/v2\/users\/2"}],"replies":[{"embeddable":true,"href":"https:\/\/www.europesays.com\/fr\/wp-json\/wp\/v2\/comments?post=257786"}],"version-history":[{"count":0,"href":"https:\/\/www.europesays.com\/fr\/wp-json\/wp\/v2\/posts\/257786\/revisions"}],"wp:featuredmedia":[{"embeddable":true,"href":"https:\/\/www.europesays.com\/fr\/wp-json\/wp\/v2\/media\/257787"}],"wp:attachment":[{"href":"https:\/\/www.europesays.com\/fr\/wp-json\/wp\/v2\/media?parent=257786"}],"wp:term":[{"taxonomy":"category","embeddable":true,"href":"https:\/\/www.europesays.com\/fr\/wp-json\/wp\/v2\/categories?post=257786"},{"taxonomy":"post_tag","embeddable":true,"href":"https:\/\/www.europesays.com\/fr\/wp-json\/wp\/v2\/tags?post=257786"}],"curies":[{"name":"wp","href":"https:\/\/api.w.org\/{rel}","templated":true}]}}