{"id":257788,"date":"2025-07-19T02:17:23","date_gmt":"2025-07-19T02:17:23","guid":{"rendered":"https:\/\/www.europesays.com\/fr\/257788\/"},"modified":"2025-07-19T02:17:23","modified_gmt":"2025-07-19T02:17:23","slug":"qui-veut-etre-maire-de-paris-en-2026","status":"publish","type":"post","link":"https:\/\/www.europesays.com\/fr\/257788\/","title":{"rendered":"Qui veut \u00eatre maire de Paris en 2026 ?"},"content":{"rendered":"<ul class=\"jsx-862013697 ArticleChapo__List\">\n<li class=\"jsx-862013697 ArticleChapo__List_Item flex\">Les candidats se pressent aux portes de l&rsquo;H\u00f4tel de ville, en vue des municipales de 2026.<\/li>\n<li class=\"jsx-862013697 ArticleChapo__List_Item flex\">La ministre Rachida Dati est la grande favorite, face \u00e0 une gauche divis\u00e9e.<\/li>\n<\/ul>\n<p data-module=\"article-paragraph\" class=\"jsx-3046738180 Paragraph Paragraph__End\">Qui succ\u00e8dera \u00e0 Anne Hidalgo en mars prochain ? \u00c0 l&rsquo;approche des \u00e9lections, les candidatures pleuvent \u00e0 Paris. \u00c0 croire que tout le monde, ou presque, veut \u00eatre le prochain ou la prochaine maire de la capitale. Mais qui est officiellement d\u00e9clar\u00e9 ? Et qui est pressenti ? TF1info fait le point.\u00a0<\/p>\n<p>La droite absorb\u00e9e par la candidate Dati<\/p>\n<ul data-module=\"article-paragraph\" class=\"jsx-3046738180 Paragraph\">\n<li><strong>Rachida Dati, la rivale d&rsquo;Hidalgo\u00a0<\/strong><\/li>\n<\/ul>\n<p data-module=\"article-paragraph\" class=\"jsx-3046738180 Paragraph\">La ministre de la Culture est \u00e0 ce jour la grande favorite des municipales. Celle qui y pense depuis longtemps s&rsquo;oppose r\u00e9guli\u00e8rement \u00e0 Anne Hidalgo au Conseil de Paris, le transformant en v\u00e9ritable show. Rachida Dati est m\u00eame cr\u00e9dit\u00e9e de 28% \u00e0 34% des intentions de vote si le vote avait eu lieu en juin, selon <a href=\"https:\/\/www.latribune.fr\/la-tribune-dimanche\/politique\/sondage-municipales-exclusif-rachida-dati-en-tete-la-gauche-divisee-1027874.html\" target=\"_blank\" rel=\"nofollow noopener\">un sondage (nouvelle fen\u00eatre)<\/a> r\u00e9alis\u00e9 par l&rsquo;institut Elabe pour La Tribune Dimanche. L&rsquo;\u00e9lue LR capitalise donc la majorit\u00e9 des votes \u00e0 droite, quitte \u00e0 en laisser tr\u00e8s peu \u00e0 ses adversaires.\u00a0<\/p>\n<ul data-module=\"article-paragraph\" class=\"jsx-3046738180 Paragraph\">\n<li><strong>Pierre-Yves Bournazel, le candidat Horizons \u00a0<\/strong><\/li>\n<\/ul>\n<p data-module=\"article-paragraph\" class=\"jsx-3046738180 Paragraph\">L&rsquo;\u00e9lu de Paris croit en sa chance en 2026, apr\u00e8s deux candidatures qui ont \u00e9chou\u00e9 lors des derniers scrutins de 2020 et 2014. Sa campagne officielle a <a href=\"https:\/\/www.lemonde.fr\/politique\/article\/2025\/06\/13\/municipales-2026-a-paris-pierre-yves-bournazel-croit-en-son-moment_6612661_823448.html \" target=\"_blank\" rel=\"nofollow noopener\">\u00e9t\u00e9 lanc\u00e9e (nouvelle fen\u00eatre)<\/a> d\u00e9but juin, sous l&rsquo;\u00e9tiquette Horizons.\u00a0<\/p>\n<ul data-module=\"article-paragraph\" class=\"jsx-3046738180 Paragraph\">\n<li><strong>Francis Szpiner, le s\u00e9nateur soup\u00e7onn\u00e9 de \u00ab\u00a0corruption\u00a0\u00bb<\/strong><\/li>\n<\/ul>\n<p data-module=\"article-paragraph\" class=\"jsx-3046738180 Paragraph Paragraph__End\">L&rsquo;avocat et s\u00e9nateur LR esp\u00e8re lui aussi participer \u00e0 la course pour la mairie de Paris. C&rsquo;est sans compter sur des d\u00e9m\u00eal\u00e9s judiciaires qui viennent entraver sa campagne, qu&rsquo;il comptait lancer en septembre : des perquisitions ont ainsi <a href=\"https:\/\/www.leparisien.fr\/faits-divers\/affaire-szpiner-nouvelle-perquisition-a-la-mairie-du-xvie-arrondissement-de-paris-10-07-2025-DIDSZ3WC6NDSPJLWKRWIR53OHU.php\" target=\"_blank\" rel=\"nofollow noopener\">\u00e9t\u00e9 men\u00e9es (nouvelle fen\u00eatre)<\/a> \u00e0 la mairie du XVIe, dans le cadre d&rsquo;une information judiciaire le visant pour \u00ab\u00a0corruption\u00a0\u00bb. \u00a0Si le maintien de la candidature de Francis Szpiner pourrait <a href=\"https:\/\/www.leparisien.fr\/elections\/municipales\/municipales-a-paris-dans-lombre-de-rachida-dati-francis-szpiner-fait-un-pas-de-plus-vers-une-candidature-25-06-2025-TOQ3675N6NER7IWQATAYT72GJY.php\" target=\"_blank\" rel=\"nofollow noopener\">d\u00e9favoriser (nouvelle fen\u00eatre)<\/a> Rachida Dati, le principe d&rsquo;une primaire n&rsquo;est pas encore tranch\u00e9 chez les R\u00e9publicains.\u00a0<\/p>\n<p>La gauche plus divis\u00e9e que jamais <\/p>\n<ul data-module=\"article-paragraph\" class=\"jsx-3046738180 Paragraph\">\n<li><strong>Emmanuel Gr\u00e9goire, l&rsquo;ancien dauphin\u00a0<\/strong><\/li>\n<\/ul>\n<p data-module=\"article-paragraph\" class=\"jsx-3046738180 Paragraph Paragraph__End\">Il est le candidat officiel du Parti socialiste depuis le 30 juin dernier. L&rsquo;ancien premier adjoint \u00e0 la ville a battu \u00e0 <a href=\"https:\/\/www.publicsenat.fr\/actualites\/politique\/municipales-2026-a-paris-emmanuel-gregoire-remporte-la-primaire-ps-devant-le-senateur-remi-feraud\" target=\"_blank\" rel=\"nofollow noopener\">cette occasion (nouvelle fen\u00eatre)<\/a> R\u00e9mi F\u00e9raud, le favori d&rsquo;Anne Hidalgo. Car Emmanuel Gr\u00e9goire a pris ses distances avec la maire socialiste apr\u00e8s la pr\u00e9sidentielle de 2022, d\u00e9clenchant une <a href=\"https:\/\/www.liberation.fr\/politique\/mairie-de-paris-entre-anne-hidalgo-et-son-dauphin-dechu-emmanuel-gregoire-lhistoire-dune-rupture-20241126_NAIR7K7RHZEW5KSVEPMICZZEQQ\/?redirected=1 \" target=\"_blank\" rel=\"nofollow noopener\">guerre interne (nouvelle fen\u00eatre)<\/a> \u00e0 l&rsquo;H\u00f4tel de ville. Il est soutenu par plusieurs figures de la gauche parisienne, \u00e0 commencer par l&rsquo;ancien maire Bertrand Delano\u00eb. Pour succ\u00e9der \u00e0 Anne Hidalgo et maintenir la gauche au pouvoir, il faudra faire face \u00e0 Rachida Dati et g\u00e9rer la division de la gauche avec plusieurs autres candidats d\u00e9clar\u00e9s.\u00a0<\/p>\n<p><img decoding=\"async\" src=\"https:\/\/www.europesays.com\/fr\/wp-content\/uploads\/2025\/07\/anne-hidalgo-paris-1042-e429e3-0@1x.jpeg\" alt=\"Anne Hidalgo lors de ses v\u0153ux pour 2025. - Martin LELIEVRE \/ AFP\" loading=\"lazy\" importance=\"low\" fetchpriority=\"low\" class=\"\" data-module=\"article-image\"\/>Anne Hidalgo lors de ses v\u0153ux pour 2025. &#8211; Martin LELIEVRE \/ AFP<\/p>\n<ul data-module=\"article-paragraph\" class=\"jsx-3046738180 Paragraph\">\n<li><strong>David Belliard, le gagnant de la primaire \u00e9colo\u00a0<\/strong><\/li>\n<\/ul>\n<p data-module=\"article-paragraph\" class=\"jsx-3046738180 Paragraph\">Les socialistes ne sont pas les seuls \u00e0 avoir choisi leur candidat \u00e0 l&rsquo;issue d&rsquo;une primaire. Ainsi, les \u00e9cologistes <a href=\"https:\/\/www.leparisien.fr\/paris-75\/municipales-2026-a-paris-david-belliard-sera-le-candidat-des-ecologistes-23-03-2025-4M5ZJOADXBCEJDG2W3X53C7YPY.php\" target=\"_blank\" rel=\"nofollow noopener\">ont d\u00e9sign\u00e9 (nouvelle fen\u00eatre)<\/a> David Belliard, adjoint aux transports de la ville. Apr\u00e8s avoir remport\u00e9 l&rsquo;\u00e9lection interne en mars et lanc\u00e9 sa campagne, l&rsquo;\u00e9cologiste a d&rsquo;ailleurs appel\u00e9 \u00e0 l&rsquo;<a href=\"https:\/\/www.lepoint.fr\/politique\/municipales-2026-a-paris-david-belliard-veut-l-union-du-ps-a-lfi-24-06-2025-2592758_20.php#11 \" target=\"_blank\" rel=\"nofollow noopener\">unit\u00e9 de la gauche (nouvelle fen\u00eatre)<\/a>, du PS \u00e0 LFI.\u00a0Reste \u00e0 savoir s&rsquo;il sera \u00e9cout\u00e9.<\/p>\n<ul data-module=\"article-paragraph\" class=\"jsx-3046738180 Paragraph\">\n<li><strong>Ian Brossat, le candidat communiste\u00a0<\/strong><\/li>\n<\/ul>\n<p data-module=\"article-paragraph\" class=\"jsx-3046738180 Paragraph\">Poir la mairie de Paris, il reste pourtant plusieurs volontaires \u00e0 gauche, comme le s\u00e9nateur Parti communiste fran\u00e7ais et ancien adjoint d&rsquo;Anne Hidalgo. Sur ses r\u00e9seaux sociaux, Ian Brossat se d\u00e9clare officiellement \u00ab\u00a0candidat \u00e0 la mairie de Paris\u00a0\u00bb.\u00a0<\/p>\n<ul data-module=\"article-paragraph\" class=\"jsx-3046738180 Paragraph\">\n<li><strong>Danielle Simonnet, la dissidente LFI<\/strong><\/li>\n<\/ul>\n<p data-module=\"article-paragraph\" class=\"jsx-3046738180 Paragraph\">En ayant rejoint le mouvement L&rsquo;Apr\u00e8s, aux c\u00f4t\u00e9s de Cl\u00e9mentine Autain ou Alexis Corbi\u00e8re, la d\u00e9put\u00e9e souhaite une repr\u00e9sentation locale en 2026. Cela pourrait \u00eatre elle, d\u00e9j\u00e0 candidate en 2020, mais ne s&rsquo;est pas encore d\u00e9clar\u00e9e.\u00a0<\/p>\n<ul data-module=\"article-paragraph\" class=\"jsx-3046738180 Paragraph\">\n<li><strong>Sophia Chikirou, l&rsquo;Insoumise\u00a0<\/strong><\/li>\n<\/ul>\n<p data-module=\"article-paragraph\" class=\"jsx-3046738180 Paragraph Paragraph__End\">La d\u00e9put\u00e9e de la 6e circonscription est vraisemblablement la candidate LFI pour la mairie de Paris, apr\u00e8s le d\u00e9part de Danielle Simonnet du mouvement. Elle est cr\u00e9dit\u00e9e de 14 \u00e0 17% d&rsquo;intentions de vote dans le sondage Elabe cit\u00e9 plus haut.\u00a0<\/p>\n<p>Le pari de l&rsquo;extr\u00eame droite <\/p>\n<ul data-module=\"article-paragraph\" class=\"jsx-3046738180 Paragraph\">\n<li><strong>Thierry Mariani, le double candidat du RN\u00a0<\/strong><\/li>\n<\/ul>\n<p data-module=\"article-paragraph\" class=\"jsx-3046738180 Paragraph\">La t\u00eate de liste Rassemblement national pour la mairie de Paris brigue \u00e9galement <a href=\"https:\/\/www.lefigaro.fr\/politique\/legislative-partielle-a-paris-thierry-mariani-candidat-du-rn-face-a-rachida-dati-et-michel-barnier-20250717\" target=\"_blank\" rel=\"nofollow noopener\">la l\u00e9gislative partielle (nouvelle fen\u00eatre)<\/a> organis\u00e9e en octobre dans la 2e circonscription. Il joue donc sur les deux tableaux et affronte Rachida Dati \u00e0 ces deux occasions.<\/p>\n<ul data-module=\"article-paragraph\" class=\"jsx-3046738180 Paragraph\">\n<li><strong>Sarah Knafo, la pressentie pour Reconqu\u00eate\u00a0<\/strong><\/li>\n<\/ul>\n<p data-module=\"article-paragraph\" class=\"jsx-3046738180 Paragraph Paragraph__End\">La d\u00e9put\u00e9e europ\u00e9enne s&rsquo;int\u00e9resse aussi \u00e0 Paris, bien que pas encore d\u00e9clar\u00e9e. Si l&rsquo;extr\u00eame droite n&rsquo;esp\u00e8re pas r\u00e9ellement prendre les clefs de la ville, sensibilis\u00e9e \u00e0 gauche, elle pourrait tout de m\u00eame <a href=\"https:\/\/www.radiofrance.fr\/franceinfo\/podcasts\/le-brief-politique\/a-paris-les-nouvelles-ambitions-des-partis-d-extreme-droite-pour-les-municipales-de-2026-4510490 \" target=\"_blank\" rel=\"nofollow noopener\">gagner des si\u00e8ges (nouvelle fen\u00eatre)<\/a> au conseil de Paris.<\/p>\n<p>Caroline QUEVRAIN<\/p>\n","protected":false},"excerpt":{"rendered":"Les candidats se pressent aux portes de l&rsquo;H\u00f4tel de ville, en vue des municipales de 2026. La ministre&hellip;\n","protected":false},"author":2,"featured_media":257789,"comment_status":"","ping_status":"","sticky":false,"template":"","format":"standard","meta":{"footnotes":""},"categories":[1888],"tags":[1111,1928,11,1927,2618,1921,13963,51,2286,5949,1073,1777,674,1011,27,1922,6319,12,1926,626,1925,5856,39787,3541,417,1078,25,2328,133,4530],"class_list":{"0":"post-257788","1":"post","2":"type-post","3":"status-publish","4":"format-standard","5":"has-post-thumbnail","7":"category-paris","8":"tag-actu","9":"tag-actu-paris","10":"tag-actualites","11":"tag-actualites-paris","12":"tag-anne-hidalgo","13":"tag-article-video","14":"tag-droit-de-vote","15":"tag-ecologie","16":"tag-eelv","17":"tag-elections","18":"tag-emmanuel-macron","19":"tag-eu","20":"tag-europe","21":"tag-fr","22":"tag-france","23":"tag-info","24":"tag-les-republicains","25":"tag-news","26":"tag-news-paris","27":"tag-paris","28":"tag-paris-news","29":"tag-paris-2024","30":"tag-parti-communiste-francais","31":"tag-parti-socialiste","32":"tag-rachida-dati","33":"tag-rassemblement-national","34":"tag-republique-francaise","35":"tag-valerie-pecresse","36":"tag-video","37":"tag-video-politique"},"share_on_mastodon":{"url":"https:\/\/pubeurope.com\/@fr\/114877500293285251","error":""},"_links":{"self":[{"href":"https:\/\/www.europesays.com\/fr\/wp-json\/wp\/v2\/posts\/257788","targetHints":{"allow":["GET"]}}],"collection":[{"href":"https:\/\/www.europesays.com\/fr\/wp-json\/wp\/v2\/posts"}],"about":[{"href":"https:\/\/www.europesays.com\/fr\/wp-json\/wp\/v2\/types\/post"}],"author":[{"embeddable":true,"href":"https:\/\/www.europesays.com\/fr\/wp-json\/wp\/v2\/users\/2"}],"replies":[{"embeddable":true,"href":"https:\/\/www.europesays.com\/fr\/wp-json\/wp\/v2\/comments?post=257788"}],"version-history":[{"count":0,"href":"https:\/\/www.europesays.com\/fr\/wp-json\/wp\/v2\/posts\/257788\/revisions"}],"wp:featuredmedia":[{"embeddable":true,"href":"https:\/\/www.europesays.com\/fr\/wp-json\/wp\/v2\/media\/257789"}],"wp:attachment":[{"href":"https:\/\/www.europesays.com\/fr\/wp-json\/wp\/v2\/media?parent=257788"}],"wp:term":[{"taxonomy":"category","embeddable":true,"href":"https:\/\/www.europesays.com\/fr\/wp-json\/wp\/v2\/categories?post=257788"},{"taxonomy":"post_tag","embeddable":true,"href":"https:\/\/www.europesays.com\/fr\/wp-json\/wp\/v2\/tags?post=257788"}],"curies":[{"name":"wp","href":"https:\/\/api.w.org\/{rel}","templated":true}]}}