{"id":257802,"date":"2025-07-19T02:24:16","date_gmt":"2025-07-19T02:24:16","guid":{"rendered":"https:\/\/www.europesays.com\/fr\/257802\/"},"modified":"2025-07-19T02:24:16","modified_gmt":"2025-07-19T02:24:16","slug":"euro-feminin-2025-apres-la-claque-contre-la-suede-sursaut-imperatif-pour-lallemagne","status":"publish","type":"post","link":"https:\/\/www.europesays.com\/fr\/257802\/","title":{"rendered":"Euro f\u00e9minin 2025. Apr\u00e8s la claque contre la Su\u00e8de, sursaut imp\u00e9ratif pour l\u2019Allemagne"},"content":{"rendered":"<p>4-1. Samedi, l\u2019Allemagne a conc\u00e9d\u00e9 la plus lourde d\u00e9faite de son histoire dans un championnat d\u2019Europe, contre une Su\u00e8de sans complexe et <a href=\"https:\/\/www.vosgesmatin.fr\/sport\/2025\/07\/12\/la-suede-corrige-l-allemagne-et-termine-en-tete-du-groupe-c\" target=\"_blank\" rel=\"nofollow noopener\">qui s\u2019est r\u00e9gal\u00e9e face \u00e0 sa d\u00e9fense haute<\/a>. Malgr\u00e9 leur ouverture du score d\u2019entr\u00e9e de jeu, les Allemandes ont souffert comme rarement et boucl\u00e9 de la pire des mani\u00e8res une phase de groupes pourtant bien d\u00e9marr\u00e9e (succ\u00e8s 2-0 contre la Pologne puis <a href=\"https:\/\/www.vosgesmatin.fr\/sport\/2025\/07\/08\/la-suede-et-l-allemagne-rejoignent-la-norvege-et-l-espagne-en-quarts-de-finale\" target=\"_blank\" rel=\"nofollow noopener\">2-1 contre le Danemark<\/a>).<\/p>\n<p>Pire, alors que la capitaine Giulia Gwinn avait subi <a href=\"https:\/\/www.vosgesmatin.fr\/sport\/2025\/07\/14\/record-d-affluence-terrible-blessure-ce-qu-on-a-aime-(ou-pas)-de-la-phase-de-groupes\" target=\"_blank\" rel=\"nofollow noopener\">une rupture des ligaments crois\u00e9s<\/a> d\u00e8s le premier match, sa rempla\u00e7ante Carlotta Wamser a vu rouge contre les Su\u00e9doises. Les multiples difficult\u00e9s dans la gestion de la profondeur durant les trois rencontres de poules ont laiss\u00e9 dire \u00e0 plusieurs observateurs qu\u2019il fallait r\u00e9agir. Dont\u00a0Alexandra Popp, l\u2019ancienne buteuse star de l\u2019\u00e9quipe, qui avait caus\u00e9 bien des probl\u00e8mes aux Bleues lors de la demie en 2022 (doubl\u00e9 pour une victoire 2-1).<\/p>\n<p>Ce contenu est bloqu\u00e9 car vous n&rsquo;avez pas accept\u00e9 les cookies et autres traceurs.<\/p>\n<p>En cliquant sur \u00ab J\u2019accepte \u00bb, les cookies et autres traceurs seront d\u00e9pos\u00e9s et vous pourrez visualiser les contenus  (<a href=\"\" class=\"consentModule_policy\" target=\"_blank\" title=\"Consulter la politique de protection des donn\u00e9es du fournisseur\">plus d&rsquo;informations<\/a>).<\/p>\n<p>En cliquant sur \u00ab J\u2019accepte tous les cookies \u00bb, vous autorisez des d\u00e9p\u00f4ts de cookies et autres traceurs pour le stockage de vos donn\u00e9es sur nos sites et applications \u00e0 des fins de personnalisation et de ciblage publicitaire.<\/p>\n<p class=\"consentModule_secondaryText\">Vous gardez la possibilit\u00e9 de retirer votre consentement \u00e0 tout moment en consultant notre <a href=\"https:\/\/www.vosgesmatin.fr\/protection-des-donnees\" target=\"_blank\" title=\"Consulter notre politique de protection des donn\u00e9es\" rel=\"nofollow noopener\">politique de protection des donn\u00e9es<\/a>. <br \/>&#13;<br \/>\n            <a href=\"https:\/\/www.vosgesmatin.fr\/sport\/2025\/07\/18\/javascript:Didomi.notice.show()\" class=\"consentModule_cmp\" rel=\"nofollow noopener\" target=\"_blank\">G\u00e9rer mes choix<\/a>&#13;\n        <\/p>\n<p>&#13;<br \/>\n                        J&rsquo;accepte&#13;<br \/>\n            J&rsquo;accepte tous les cookies&#13;\n        <\/p>\n<p>  Un autre sch\u00e9ma tactique\u00a0?<\/p>\n<p>\u00ab\u00a0C\u2019est un tournoi et les ajustements ne font parfois pas de mal\u00a0\u00bb, a l\u00e2ch\u00e9 l\u2019Allemande de 34 ans, qui consid\u00e8re que le match pourrait se terminer dans une belle confrontation de contre-attaque, car <a href=\"https:\/\/www.vosgesmatin.fr\/sport\/2025\/07\/15\/pourquoi-la-defense-des-bleues-est-un-point-faible-avant-les-quarts-de-finale\" target=\"_blank\" rel=\"nofollow noopener\">la d\u00e9fense des Bleues elle-m\u00eame<\/a> pourrait souffrir en cas de prise de profondeur. Alors qu\u2019il ne change jamais de syst\u00e8me, le s\u00e9lectionneur Christian W\u00fcck a essay\u00e9 quelque chose de nouveau \u00e0 l\u2019entra\u00eenement jeudi, comme l\u2019a expliqu\u00e9 Klara B\u00fchl en conf\u00e9rence de presse, parlant d\u2019un plan de jeu \u00ab\u00a0clair\u00a0\u00bb. Avec une ligne de cinq derri\u00e8re\u00a0?<\/p>\n<p>\u00ab\u00a0Il serait na\u00eff de [\u2026] continuer \u00e0 jouer comme avant\u00a0\u00bb, apr\u00e8s les trous laiss\u00e9s en d\u00e9fense contre la Su\u00e8de, a d\u00e9clar\u00e9 l\u2019attaquante du Bayern Munich. Devant, les co\u00e9quipi\u00e8res de Lea Sch\u00fcller vont aussi devoir r\u00e9gler la mire. Seule Jule Brand s\u2019\u00e9clate pour l\u2019instant, cr\u00e9ant la diff\u00e9rence par la passe ou le tir lorsqu\u2019elle revient \u00e0 l\u2019int\u00e9rieur depuis son aile.<\/p>\n<p><a href=\"https:\/\/www.vosgesmatin.fr\/sport\/2025\/07\/17\/aujourd-hui-dans-le-doute-l-allemagne-a-regne-sans-partage-sur-l-europe-pendant-22-ans\" target=\"_blank\" rel=\"nofollow noopener\">Les anciennes reines incontest\u00e9es\u00a0d\u2019Europe<\/a> sont f\u00e9briles, \u00e0 l\u2019image de leur gardienne Ann-Katrin Berger, tout sauf imp\u00e9riale jusqu\u2019ici. Aux Fran\u00e7aises d\u2019en profiter samedi, m\u00eame si dans l\u2019histoire, l\u2019Allemagne n\u2019a jamais \u00e9chou\u00e9 trois fois de suite \u00e0 remporter l\u2019Euro (\u00e9limin\u00e9e en quarts de finale en 2017 puis en finale il y a trois ans).<\/p>\n","protected":false},"excerpt":{"rendered":"4-1. Samedi, l\u2019Allemagne a conc\u00e9d\u00e9 la plus lourde d\u00e9faite de son histoire dans un championnat d\u2019Europe, contre une&hellip;\n","protected":false},"author":2,"featured_media":257803,"comment_status":"","ping_status":"","sticky":false,"template":"","format":"standard","meta":{"footnotes":""},"categories":[1587],"tags":[11,672,1804,1805,1803,34063,1777,36286,674,107,63,1801,12,1802,517,1947],"class_list":{"0":"post-257802","1":"post","2":"type-post","3":"status-publish","4":"format-standard","5":"has-post-thumbnail","7":"category-allemagne","8":"tag-actualites","9":"tag-allemagne","10":"tag-bundesrepublik-deutschland","11":"tag-de","12":"tag-deutschland","13":"tag-equipe-de-france-feminine-de-football","14":"tag-eu","15":"tag-euro-feminin-football","16":"tag-europe","17":"tag-fil-info","18":"tag-football","19":"tag-germany","20":"tag-news","21":"tag-republique-federale-dallemagne","22":"tag-sport","23":"tag-sport-national"},"share_on_mastodon":{"url":"https:\/\/pubeurope.com\/@fr\/114877527685974576","error":""},"_links":{"self":[{"href":"https:\/\/www.europesays.com\/fr\/wp-json\/wp\/v2\/posts\/257802","targetHints":{"allow":["GET"]}}],"collection":[{"href":"https:\/\/www.europesays.com\/fr\/wp-json\/wp\/v2\/posts"}],"about":[{"href":"https:\/\/www.europesays.com\/fr\/wp-json\/wp\/v2\/types\/post"}],"author":[{"embeddable":true,"href":"https:\/\/www.europesays.com\/fr\/wp-json\/wp\/v2\/users\/2"}],"replies":[{"embeddable":true,"href":"https:\/\/www.europesays.com\/fr\/wp-json\/wp\/v2\/comments?post=257802"}],"version-history":[{"count":0,"href":"https:\/\/www.europesays.com\/fr\/wp-json\/wp\/v2\/posts\/257802\/revisions"}],"wp:featuredmedia":[{"embeddable":true,"href":"https:\/\/www.europesays.com\/fr\/wp-json\/wp\/v2\/media\/257803"}],"wp:attachment":[{"href":"https:\/\/www.europesays.com\/fr\/wp-json\/wp\/v2\/media?parent=257802"}],"wp:term":[{"taxonomy":"category","embeddable":true,"href":"https:\/\/www.europesays.com\/fr\/wp-json\/wp\/v2\/categories?post=257802"},{"taxonomy":"post_tag","embeddable":true,"href":"https:\/\/www.europesays.com\/fr\/wp-json\/wp\/v2\/tags?post=257802"}],"curies":[{"name":"wp","href":"https:\/\/api.w.org\/{rel}","templated":true}]}}