{"id":257805,"date":"2025-07-19T02:26:10","date_gmt":"2025-07-19T02:26:10","guid":{"rendered":"https:\/\/www.europesays.com\/fr\/257805\/"},"modified":"2025-07-19T02:26:10","modified_gmt":"2025-07-19T02:26:10","slug":"la-france-une-nouvelle-fois-epinglee-par-la-commission-europeenne","status":"publish","type":"post","link":"https:\/\/www.europesays.com\/fr\/257805\/","title":{"rendered":"La France une nouvelle fois \u00e9pingl\u00e9e par la Commission europ\u00e9enne"},"content":{"rendered":"<p><a href=\"https:\/\/www.20minutes.fr\/dossier\/bruxelles\" target=\"_blank\" class=\"color-ultramarine c-link\" rel=\"noopener\">Bruxelles<\/a> hausse le ton contre la France. La <a href=\"https:\/\/www.20minutes.fr\/dossier\/commission_europeenne\" target=\"_blank\" class=\"color-ultramarine c-link\" rel=\"noopener\">Commission europ\u00e9enne<\/a> a une nouvelle fois \u00e9pingl\u00e9 la <a href=\"https:\/\/www.20minutes.fr\/france\/\" target=\"_blank\" class=\"color-ultramarine c-link\" rel=\"noopener\">France<\/a> pour sa transposition incompl\u00e8te de la directive sur l\u2019<a href=\"https:\/\/www.20minutes.fr\/dossier\/eau_potable\" target=\"_blank\" class=\"color-ultramarine c-link\" rel=\"noopener\">eau potable<\/a>, en lui adressant une mise en demeure officielle. L\u2019Irlande et la Slov\u00e9nie sont \u00e9galement vis\u00e9es par cette proc\u00e9dure d\u2019infraction, selon une d\u00e9cision r\u00e9v\u00e9l\u00e9e vendredi.<\/p>\n<p>Concernant la France, les manquements relev\u00e9s portent sur l\u2019\u00e9valuation des risques dans les installations priv\u00e9es de distribution, la surveillance de la qualit\u00e9 de l\u2019eau et la transmission d\u2019informations au public. Les autorit\u00e9s fran\u00e7aises disposent d\u00e9sormais de deux mois pour r\u00e9pondre et rem\u00e9dier aux insuffisances. A d\u00e9faut, Bruxelles pourrait \u00e9mettre un avis motiv\u00e9, \u00e9tape pr\u00e9alable \u00e0 une \u00e9ventuelle saisine de la Cour de justice de l\u2019<a href=\"https:\/\/www.20minutes.fr\/dossier\/ue\" target=\"_blank\" class=\"color-ultramarine c-link\" rel=\"noopener\">Union europ\u00e9enne<\/a>.<\/p>\n<\/p>\n<p>Une premi\u00e8re mise en demeure en\u00a02020<\/p>\n<p>Ce rappel \u00e0 l\u2019ordre s\u2019inscrit dans un contexte d\u00e9j\u00e0 tendu\u00a0: la France avait re\u00e7u une premi\u00e8re mise en demeure en octobre\u00a02020, puis un avis motiv\u00e9 en f\u00e9vrier\u00a02023, cette fois pour des niveaux de <a href=\"https:\/\/www.20minutes.fr\/dossier\/nitrates\" target=\"_blank\" class=\"color-ultramarine c-link\" rel=\"noopener\">nitrates<\/a> dans l\u2019eau potable sup\u00e9rieurs aux seuils autoris\u00e9s. Face \u00e0 des efforts jug\u00e9s \u00ab\u00a0insuffisants\u00a0\u00bb, la Commission avait alors d\u00e9cid\u00e9, en juillet\u00a02024, de porter l\u2019affaire devant la Cour.<\/p>\n<p><a href=\"https:\/\/www.20minutes.fr\/dossier\/eau_potable\" target=\"_blank\" class=\"c-link c-btn c-btn--primary\" rel=\"noopener\">Notre dossier sur l&rsquo;eau potable<\/a><\/p>\n<p>Interrog\u00e9 par l\u2019AFP, le <a href=\"https:\/\/www.20minutes.fr\/dossier\/minist_re_de_l_ecologie\" target=\"_blank\" class=\"color-ultramarine c-link\" rel=\"noopener\">minist\u00e8re fran\u00e7ais de la Transition \u00e9cologique<\/a> assure que \u00ab\u00a0nous menons un travail approfondi sur la feuille de route pour la protection des captages, afin d\u2019am\u00e9liorer durablement la qualit\u00e9 de l\u2019eau potable\u00a0\u00bb. La directive europ\u00e9enne vise notamment \u00e0 renforcer la protection de la <a href=\"https:\/\/www.20minutes.fr\/sante\/\" target=\"_blank\" class=\"color-ultramarine c-link\" rel=\"noopener\">sant\u00e9<\/a> humaine, en prenant en compte de nouveaux <a href=\"https:\/\/www.20minutes.fr\/planete\/polluants-eternels\/\" target=\"_blank\" class=\"color-ultramarine c-link\" rel=\"noopener\">polluants<\/a> tels que les perturbateurs endocriniens ou les microplastiques, tout en garantissant un acc\u00e8s \u00e9largi \u00e0 une eau du robinet plus propre.<\/p>\n","protected":false},"excerpt":{"rendered":"Bruxelles hausse le ton contre la France. La Commission europ\u00e9enne a une nouvelle fois \u00e9pingl\u00e9 la France pour&hellip;\n","protected":false},"author":2,"featured_media":257806,"comment_status":"","ping_status":"","sticky":false,"template":"","format":"standard","meta":{"footnotes":""},"categories":[1586],"tags":[47,11,2196,9746,1777,674,1779,1011,27,12,39789,52,1800,25,71,1778,364,555],"class_list":{"0":"post-257805","1":"post","2":"type-post","3":"status-publish","4":"format-standard","5":"has-post-thumbnail","7":"category-europe","8":"tag-actualite","9":"tag-actualites","10":"tag-commission-europeenne","11":"tag-eau-potable","12":"tag-eu","13":"tag-europe","14":"tag-european-union","15":"tag-fr","16":"tag-france","17":"tag-news","18":"tag-nitrates","19":"tag-planete","20":"tag-pollution","21":"tag-republique-francaise","22":"tag-sante","23":"tag-ue","24":"tag-union-europeenne","25":"tag-union-europeenne-ue"},"share_on_mastodon":{"url":"https:\/\/pubeurope.com\/@fr\/114877535562953578","error":""},"_links":{"self":[{"href":"https:\/\/www.europesays.com\/fr\/wp-json\/wp\/v2\/posts\/257805","targetHints":{"allow":["GET"]}}],"collection":[{"href":"https:\/\/www.europesays.com\/fr\/wp-json\/wp\/v2\/posts"}],"about":[{"href":"https:\/\/www.europesays.com\/fr\/wp-json\/wp\/v2\/types\/post"}],"author":[{"embeddable":true,"href":"https:\/\/www.europesays.com\/fr\/wp-json\/wp\/v2\/users\/2"}],"replies":[{"embeddable":true,"href":"https:\/\/www.europesays.com\/fr\/wp-json\/wp\/v2\/comments?post=257805"}],"version-history":[{"count":0,"href":"https:\/\/www.europesays.com\/fr\/wp-json\/wp\/v2\/posts\/257805\/revisions"}],"wp:featuredmedia":[{"embeddable":true,"href":"https:\/\/www.europesays.com\/fr\/wp-json\/wp\/v2\/media\/257806"}],"wp:attachment":[{"href":"https:\/\/www.europesays.com\/fr\/wp-json\/wp\/v2\/media?parent=257805"}],"wp:term":[{"taxonomy":"category","embeddable":true,"href":"https:\/\/www.europesays.com\/fr\/wp-json\/wp\/v2\/categories?post=257805"},{"taxonomy":"post_tag","embeddable":true,"href":"https:\/\/www.europesays.com\/fr\/wp-json\/wp\/v2\/tags?post=257805"}],"curies":[{"name":"wp","href":"https:\/\/api.w.org\/{rel}","templated":true}]}}