{"id":257817,"date":"2025-07-19T02:32:15","date_gmt":"2025-07-19T02:32:15","guid":{"rendered":"https:\/\/www.europesays.com\/fr\/257817\/"},"modified":"2025-07-19T02:32:15","modified_gmt":"2025-07-19T02:32:15","slug":"super-league-tevita-pangai-jr-sengage-avec-warrington-pour-la-saison-prochaine-rugby-a-xiii","status":"publish","type":"post","link":"https:\/\/www.europesays.com\/fr\/257817\/","title":{"rendered":"Super League &#8211; Tevita Pangai Jr s&rsquo;engage avec Warrington pour la saison prochaine &#8211; Rugby \u00e0 XIII"},"content":{"rendered":"<p style=\"text-align: justify;\"><strong>Annonc\u00e9 avec insistance, il ne manquait plus que la signature au bas du contrat entre les Warrington Wolves et Tevita Pangai Jr, c\u2019est fait.<\/strong><\/p>\n<p style=\"text-align: justify;\">Proche de tenter une nouvelle exp\u00e9rience \u00e0 XV, d\u2019abord du c\u00f4t\u00e9 du Top 14 puis en Super Rugby avec les ACT Brumbies, s\u2019est finalement outre-Manche et sous les ordres de Sam Burgess que va se poursuivre la carri\u00e8re de Tevita Pangai Jr.<\/p>\n<p style=\"text-align: justify;\">Form\u00e9 dans les \u00e9quipes de jeune des Newcastle Knights, il d\u00e9cide de rejoindre les Canberra Raiders et joue trois saisons avec l\u2019\u00e9quipe des moins de 20 ans. En 2016 il d\u00e9cide de s\u2019envoler pour les Brisbane Broncos et d\u00e9bute sa carri\u00e8re en NRL lors de la douzi\u00e8me journ\u00e9e en \u00e9tant plac\u00e9 sur le banc. Apr\u00e8s plusieurs saisons pleines, il est sanctionn\u00e9 en 2020 par son \u00e9quipe pour avoir bris\u00e9 les r\u00e8gles relatives \u00e0 la Covid impos\u00e9es par la NRL. Il est suspendu jusqu\u2019\u00e0 la fin de saison.<\/p>\n<p style=\"text-align: justify;\">Lors de la saison 2021 entam\u00e9e toujours sous les couleurs des Broncos, il est pri\u00e9 de se trouver un nouveau club. Il est lib\u00e9r\u00e9 de son contrat et s\u2019engage avec les Penrith Panthers jusqu\u2019\u00e0 la fin de la saison. Il d\u00e9bute sous ses nouvelles couleurs lors de la 23\u00e8me journ\u00e9e et remportera le championnat en ayant particip\u00e9 \u00e0 six rencontres. Malheureusement pour lui, il ne sera pas retenu dans l\u2019\u00e9quipe pour disputer la finale victorieuse face aux Rabbitohs.<\/p>\n<p style=\"text-align: justify;\">Il rejoindra en 2022 les Canterbury Bulldogs pour deux saisons. Auteur de prestations convaincantes, il est convoqu\u00e9 par Brad Fittler en 2023 pour disputer la premi\u00e8re rencontre du State of Origin sous les couleurs des Blues. Il annonce en fin de saison mettre en parenth\u00e8se sa carri\u00e8re de rugbyman pour se consacrer \u00e0 la boxe. Une parenth\u00e8se de courte dur\u00e9e puisqu\u2019il s\u2019engage avec les Souths Logan Magpies en Queensland Cup et termine la saison 2024 avec les Dolphins en NRL.<\/p>\n<p style=\"text-align: justify;\">Recrut\u00e9 par les Dragons Catalans, il d\u00e9bute en Super League en alternant le bon et le moins bon \u00e0 l\u2019image de son \u00e9quipe qui peine \u00e0 enchainer les prestations convaincantes. Questionn\u00e9 sur sa signature par le Daily Telegraph, l\u2019international tongien \u00e0 d\u00e9clar\u00e9 :<\/p>\n<blockquote>\n<p style=\"text-align: justify;\">Je suis ravi de travailler avec Sam Burgess, c\u2019est en grande partie gr\u00e2ce \u00e0 lui que j\u2019ai d\u00e9cid\u00e9 de partir l\u00e0-bas. C\u2019est une v\u00e9ritable source d\u2019inspiration, aussi bien en tant que joueur que maintenant en tant qu\u2019entra\u00eeneur.<\/p>\n<\/blockquote>\n<blockquote class=\"instagram-media\" data-instgrm-captioned=\"\" data-instgrm-permalink=\"https:\/\/www.instagram.com\/p\/DMPk3s4N2Cf\/?utm_source=ig_embed&amp;utm_campaign=loading\" data-instgrm-version=\"14\" style=\" background:#FFF; border:0; border-radius:3px; box-shadow:0 0 1px 0 rgba(0,0,0,0.5),0 1px 10px 0 rgba(0,0,0,0.15); margin: 1px; max-width:500px; min-width:326px; padding:0; width:99.375%; width:-webkit-calc(100% - 2px); width:calc(100% - 2px);\">\n<\/blockquote>\n<p>        <script async src=\"\/\/www.instagram.com\/embed.js\"><\/script><\/p>\n","protected":false},"excerpt":{"rendered":"Annonc\u00e9 avec insistance, il ne manquait plus que la signature au bas du contrat entre les Warrington Wolves&hellip;\n","protected":false},"author":2,"featured_media":257818,"comment_status":"","ping_status":"","sticky":false,"template":"","format":"standard","meta":{"footnotes":""},"categories":[1416],"tags":[3248,1011,27,479,2228,1468,2229,60,6902,29045],"class_list":{"0":"post-257817","1":"post","2":"type-post","3":"status-publish","4":"format-standard","5":"has-post-thumbnail","7":"category-rugby","8":"tag-dragons-catalans","9":"tag-fr","10":"tag-france","11":"tag-rugby","12":"tag-rugby-a-xiii","13":"tag-rugby-football","14":"tag-rugby-league","15":"tag-sports","16":"tag-tevita-pangai-jr","17":"tag-warrington-wolves"},"share_on_mastodon":{"url":"https:\/\/pubeurope.com\/@fr\/114877559290981063","error":""},"_links":{"self":[{"href":"https:\/\/www.europesays.com\/fr\/wp-json\/wp\/v2\/posts\/257817","targetHints":{"allow":["GET"]}}],"collection":[{"href":"https:\/\/www.europesays.com\/fr\/wp-json\/wp\/v2\/posts"}],"about":[{"href":"https:\/\/www.europesays.com\/fr\/wp-json\/wp\/v2\/types\/post"}],"author":[{"embeddable":true,"href":"https:\/\/www.europesays.com\/fr\/wp-json\/wp\/v2\/users\/2"}],"replies":[{"embeddable":true,"href":"https:\/\/www.europesays.com\/fr\/wp-json\/wp\/v2\/comments?post=257817"}],"version-history":[{"count":0,"href":"https:\/\/www.europesays.com\/fr\/wp-json\/wp\/v2\/posts\/257817\/revisions"}],"wp:featuredmedia":[{"embeddable":true,"href":"https:\/\/www.europesays.com\/fr\/wp-json\/wp\/v2\/media\/257818"}],"wp:attachment":[{"href":"https:\/\/www.europesays.com\/fr\/wp-json\/wp\/v2\/media?parent=257817"}],"wp:term":[{"taxonomy":"category","embeddable":true,"href":"https:\/\/www.europesays.com\/fr\/wp-json\/wp\/v2\/categories?post=257817"},{"taxonomy":"post_tag","embeddable":true,"href":"https:\/\/www.europesays.com\/fr\/wp-json\/wp\/v2\/tags?post=257817"}],"curies":[{"name":"wp","href":"https:\/\/api.w.org\/{rel}","templated":true}]}}